{"id":175680,"date":"2019-02-20T09:08:43","date_gmt":"2019-02-20T12:08:43","guid":{"rendered":"https:\/\/franciscanos.org.br\/carisma\/?p=175680"},"modified":"2019-02-20T09:09:29","modified_gmt":"2019-02-20T12:09:29","slug":"um-certo-jeito-de-viver","status":"publish","type":"post","link":"https:\/\/franciscanos.org.br\/carisma\/um-certo-jeito-de-viver.html","title":{"rendered":"Um certo jeito de viver"},"content":{"rendered":"<p><img loading=\"lazy\" class=\"size-full wp-image-175681 alignleft\" src=\"https:\/\/franciscanos.org.br\/carisma\/wp-content\/uploads\/2019\/02\/velas_200219.jpg\" alt=\"\" width=\"840\" height=\"456\" srcset=\"https:\/\/franciscanos.org.br\/carisma\/wp-content\/uploads\/2019\/02\/velas_200219.jpg 840w, https:\/\/franciscanos.org.br\/carisma\/wp-content\/uploads\/2019\/02\/velas_200219-450x244.jpg 450w, https:\/\/franciscanos.org.br\/carisma\/wp-content\/uploads\/2019\/02\/velas_200219-768x417.jpg 768w, https:\/\/franciscanos.org.br\/carisma\/wp-content\/uploads\/2019\/02\/velas_200219-150x81.jpg 150w\" sizes=\"(max-width: 840px) 100vw, 840px\" \/><\/p>\n<p style=\"padding-left: 30px;\"><em>Fui eliminando muitas coisas in\u00fateis de minha vida e Deus se aproximou para ver o que estava acontecendo<\/em><br \/>\n<strong>Christian Bobin<\/strong><\/p>\n<p><strong>1.<\/strong> Neste mundo que \u00e9 o nosso, as pessoas de boa vontade experimentam um desejo de simplifica\u00e7\u00e3o em todos os sentidos. H\u00e1, apesar da complexifica\u00e7\u00e3o do mundo, o desejo de buscar a simplicidade no vestir, no comer, no morar, no falar, no rezar. Nem sempre, \u00e9 claro. Podemos dizer que o caminho do seguimento de Jesus e \u00e0 maneira de viver de Francisco de Assis e de seus seguidores de ontem e de hoje \u00e9 o de trilhar o caminho da simplicidade, da simplifica\u00e7\u00e3o da vida e do jeito de viver. Crist\u00e3os e franciscanos somos daqueles que tentamos nos desbaratar de n\u00f3s mesmos e de tudo aquilo que atravanca nosso caminho de liberdade.<\/p>\n<p><strong>2.<\/strong> Os franciscanos seculares, crist\u00e3os antes de tudo, tentam viver a fraternidade dentro do grupo a que pertencem e no grande mundo Desvencilhar-se de si mesmos, meta que nunca \u00e9 totalmente realizada. Simplifica\u00e7\u00e3o \u00e9 um movimento que vai para al\u00e9m das palavras, dos conceitos e dos racioc\u00ednios. As pessoas simples s\u00e3o mais fraternas, s\u00e3o mais elas mesmas.<\/p>\n<p><strong>3.<\/strong> Junto com o sentimento de fraternidade, os crist\u00e3os e franciscanos seculares cultivam a humildade. N\u00e3o buscam a claridade dos holofotes. Est\u00e3o fielmente presentes l\u00e1 onde devem estar sem chamar aten\u00e7\u00e3o o tempo todo. N\u00e3o cultivam uma falsa humildade dizendo sempre que s\u00e3o humildes, incapazes, que n\u00e3o merecem elogios. Procuram se imunizar contra uma falsa humildade ou uma humildade orgulhosa.<\/p>\n<p><strong>4.<\/strong> Podem e devem dizer que s\u00e3o amigos do Senhor, como se dizia a respeito de Mois\u00e9s. Abrem em suas vidas espa\u00e7os gratuitos para o encontro com o Senhor. No meio dos labores, das alegrias e contradi\u00e7\u00f5es da estrada da vida est\u00e3o sempre envoltos pela Presen\u00e7a. N\u00e3o andam preocupados com f\u00f3rmulas feitas, mas com o abra\u00e7ar o Mist\u00e9rio. Servem-se da li\u00e7\u00e3o dos grandes orantes. N\u00e3o se limitam apenas \u00e0s rezas prescritas. Sabem perfeitamente que se n\u00e3o se deixaram envolver pelo Mist\u00e9rio sua vida n\u00e3o tem sentido. Cultivam, sobretudo um desejo de Deus. N\u00e3o desejam e n\u00e3o podem perder o esp\u00edrito da santa ora\u00e7\u00e3o ao qual tudo deve servir. Ficam atentos ao santo modo de operar do Senhor. Os franciscanos est\u00e3o sempre a questionar o tema. Ora\u00e7\u00e3o n\u00e3o \u00e9 pausa, n\u00e3o \u00e9 par\u00eantese. \u00c9 a vida. \u00c9 mergulho.<\/p>\n<p><strong>5.<\/strong> Francisco e a ora\u00e7\u00e3o s\u00e3o duas realidades que caminham juntas. O Santo se tornou em ora\u00e7\u00e3o viva.\u201cTransformado todo ele em ora\u00e7\u00e3o viva, n\u00e3o apenas num homem orante, unia a lucidez da intelig\u00eancia ao \u00edmpeto do cora\u00e7\u00e3o neste \u00fanico anseio: viver para sempre na casa do Senhor\u201d (2Celano 95).<\/p>\n<p><strong>6.<\/strong> Os crist\u00e3os (e os franciscanos seculares) est\u00e3o sempre prestando aten\u00e7\u00e3o em examinar sua vida e vivem uma vida de penit\u00eancia, de mudan\u00e7a de vida, de cont\u00ednua convers\u00e3o. Costumam fazer todos os dias um exame de consci\u00eancia e em sua fraternidade gostam de receber comunitariamente o sacramento da reconcilia\u00e7\u00e3o. Vivem pensando no beijo do leproso: o doce que se torna amargo e o amargo que se torna doce.<\/p>\n<p><strong>7.<\/strong> As reuni\u00f5es dos irm\u00e3os franciscanos seculares ser\u00e3o sempre suculentas, sinceras, momentos de delicada ora\u00e7\u00e3o comunit\u00e1ria, estudo s\u00e9rio, manifesta\u00e7\u00f5es de aten\u00e7\u00f5es e carinho fraterno. As reuni\u00f5es precisam ser salas de espera para acolher o Senhor que vem na Palavra e no rosto dos irm\u00e3os. Em muitas reuni\u00f5es poder\u00e1 haver um abrir do cora\u00e7\u00e3o mais demorado. Mas aten\u00e7\u00e3o, nada de grupos fechados. Os que se re\u00fanem fraternalmente s\u00e3o irm\u00e3os de todos os homens e mulheres nas encruzilhadas da exist\u00eancia.<\/p>\n<p><strong>8.<\/strong> Os franciscanos seculares procuram ter uma presen\u00e7a expressiva na comunidade diocesana e paroquial. N\u00e3o constituem um \u201ctropa de choque\u201d para fazer coisas. Atuam com discernimento. N\u00e3o adotam uma pastoral de mera conserva\u00e7\u00e3o ou que possa levar a um cristianismo alienado. Procuram ter sendo cr\u00edtico. Nota importante: por suas palavras e suas vidas os franciscanos seculares pedem que seus ouvintes acolham a novidade de Deus em suas vidas. Sua miss\u00e3o \u00e9 a de preparar as pessoas para acolherem a visita de Deus que anda batendo \u00e0s suas portas.<\/p>\n<p><strong>9<\/strong>. Crist\u00e3os (e franciscanos seculares) precisam do trabalho e do sal\u00e1rio para viver dignamente e na abund\u00e2ncia das coisas necess\u00e1rias. Trabalham com denodo, sem displic\u00eancia, com compet\u00eancia. Seu trabalho \u00e9 um servi\u00e7o prestado aos irm\u00e3os. Trabalhando continuam a cria\u00e7\u00e3o de Deus e afugentam toda ociosidade.<\/p>\n<p><strong>10.<\/strong> Para que a vida seja vi\u00e7osa, os crist\u00e3os est\u00e3o sempre em estado de aprofundamento da f\u00e9. Precisam saber dar a raz\u00e3o de suas posturas e comportamentos. Necessitam estudar, ler, conversar, participar de cursos, mesas redondas. Aprofundamento da f\u00e9 que leve \u00e0 ora\u00e7\u00e3o e a um engajamento.<\/p>\n<p><strong>11.<\/strong> N\u00e3o \u00e9 no dia da profiss\u00e3o ou do compromisso definitivo com a Fraternidade que as coisas est\u00e3o feitas e prontas. A estrada da vida \u00e9 longa. As pessoas se tornam crist\u00e3s e franciscanas na medida em que foram aprendendo a dar a vida pelos outros.<\/p>\n<p><strong>12.<\/strong> Est\u00e3o sempre dispostos a recome\u00e7ar. Ouvem sempre as palavras de Francisco dirigidas aos que queriam canoniz\u00e1lo antes da hora: \u201cAt\u00e9 agora nada fizemos, somos servos in\u00fateis, vamos come\u00e7ar tudo de novo\u201d.<\/p>\n<p><strong>Para refletir<\/strong><\/p>\n<p>Para onde corres? O c\u00e9u est\u00e1 em ti&#8230;<br \/>\nSenhor, por vezes, a nossa ora\u00e7\u00e3o \u00e9 apenas a necessidade da tua m\u00e3o, absoluta necessidade de sentir a tua m\u00e3o funda, capaz de nos acolher tal qual somos dentro do teu sil\u00eancio; \u00e9 apenas sentir o ro\u00e7ar, mesmo que leve da tua imensid\u00e3o no precipitado, no prec\u00e1rio, no incerto de nossas cotidianas rotas; \u00e9 apenas essa necessidade de reconhecer que tu, estando, recebes esta esp\u00e9cie de fome e de desejo que somos n\u00f3s.<\/p>\n<p><em>&#8220;Pai nosso que estais na terra&#8221;, de\u00a0Jos\u00e9 Tolentino Mendon\u00e7a,\u00a0Paulinas, p. 54<\/em><\/p>\n","protected":false},"excerpt":{"rendered":"<p>Ordem Franciscana Secular<\/p>\n","protected":false},"author":3,"featured_media":175682,"comment_status":"open","ping_status":"open","sticky":false,"template":"","format":"standard","meta":[],"categories":[14],"tags":[47],"yoast_head":"<!-- This site is optimized with the Yoast SEO plugin v19.2 - https:\/\/yoast.com\/wordpress\/plugins\/seo\/ -->\n<title>Um certo jeito de viver - Carisma - Franciscanos<\/title>\n<meta name=\"robots\" content=\"index, follow, max-snippet:-1, max-image-preview:large, max-video-preview:-1\" \/>\n<link rel=\"canonical\" href=\"https:\/\/franciscanos.org.br\/carisma\/um-certo-jeito-de-viver.html\" \/>\n<meta property=\"og:locale\" content=\"pt_BR\" \/>\n<meta property=\"og:type\" content=\"article\" \/>\n<meta property=\"og:title\" content=\"Um certo jeito de viver - Carisma - Franciscanos\" \/>\n<meta property=\"og:description\" content=\"Ordem Franciscana Secular\" \/>\n<meta property=\"og:url\" content=\"https:\/\/franciscanos.org.br\/carisma\/um-certo-jeito-de-viver.html\" \/>\n<meta property=\"og:site_name\" content=\"Carisma - Franciscanos\" \/>\n<meta property=\"article:published_time\" content=\"2019-02-20T12:08:43+00:00\" \/>\n<meta property=\"article:modified_time\" content=\"2019-02-20T12:09:29+00:00\" \/>\n<meta property=\"og:image\" content=\"https:\/\/franciscanos.org.br\/carisma\/wp-content\/uploads\/2019\/02\/velas_2002d.jpg\" \/>\n\t<meta property=\"og:image:width\" content=\"273\" \/>\n\t<meta property=\"og:image:height\" content=\"181\" \/>\n\t<meta property=\"og:image:type\" content=\"image\/jpeg\" \/>\n<meta name=\"author\" content=\"moacir\" \/>\n<meta name=\"twitter:card\" content=\"summary_large_image\" \/>\n<meta name=\"twitter:label1\" content=\"Escrito por\" \/>\n\t<meta name=\"twitter:data1\" content=\"moacir\" \/>\n\t<meta name=\"twitter:label2\" content=\"Est. tempo de leitura\" \/>\n\t<meta name=\"twitter:data2\" content=\"5 minutos\" \/>\n<script type=\"application\/ld+json\" class=\"yoast-schema-graph\">{\"@context\":\"https:\/\/schema.org\",\"@graph\":[{\"@type\":\"WebSite\",\"@id\":\"https:\/\/franciscanos.org.br\/carisma\/#website\",\"url\":\"https:\/\/franciscanos.org.br\/carisma\/\",\"name\":\"Carisma - Franciscanos\",\"description\":\"Prov\u00edncia Franciscana da Imaculada Concei\u00e7\u00e3o do Brasil - Ordem dos Frades Menores\",\"potentialAction\":[{\"@type\":\"SearchAction\",\"target\":{\"@type\":\"EntryPoint\",\"urlTemplate\":\"https:\/\/franciscanos.org.br\/carisma\/?s={search_term_string}\"},\"query-input\":\"required name=search_term_string\"}],\"inLanguage\":\"pt-BR\"},{\"@type\":\"ImageObject\",\"inLanguage\":\"pt-BR\",\"@id\":\"https:\/\/franciscanos.org.br\/carisma\/um-certo-jeito-de-viver.html#primaryimage\",\"url\":\"https:\/\/franciscanos.org.br\/carisma\/wp-content\/uploads\/2019\/02\/velas_2002d.jpg\",\"contentUrl\":\"https:\/\/franciscanos.org.br\/carisma\/wp-content\/uploads\/2019\/02\/velas_2002d.jpg\",\"width\":273,\"height\":181},{\"@type\":\"WebPage\",\"@id\":\"https:\/\/franciscanos.org.br\/carisma\/um-certo-jeito-de-viver.html#webpage\",\"url\":\"https:\/\/franciscanos.org.br\/carisma\/um-certo-jeito-de-viver.html\",\"name\":\"Um certo jeito de viver - Carisma - Franciscanos\",\"isPartOf\":{\"@id\":\"https:\/\/franciscanos.org.br\/carisma\/#website\"},\"primaryImageOfPage\":{\"@id\":\"https:\/\/franciscanos.org.br\/carisma\/um-certo-jeito-de-viver.html#primaryimage\"},\"datePublished\":\"2019-02-20T12:08:43+00:00\",\"dateModified\":\"2019-02-20T12:09:29+00:00\",\"author\":{\"@id\":\"https:\/\/franciscanos.org.br\/carisma\/#\/schema\/person\/bf14cae4d2151ab6b6e41d96660f93a2\"},\"breadcrumb\":{\"@id\":\"https:\/\/franciscanos.org.br\/carisma\/um-certo-jeito-de-viver.html#breadcrumb\"},\"inLanguage\":\"pt-BR\",\"potentialAction\":[{\"@type\":\"ReadAction\",\"target\":[\"https:\/\/franciscanos.org.br\/carisma\/um-certo-jeito-de-viver.html\"]}]},{\"@type\":\"BreadcrumbList\",\"@id\":\"https:\/\/franciscanos.org.br\/carisma\/um-certo-jeito-de-viver.html#breadcrumb\",\"itemListElement\":[{\"@type\":\"ListItem\",\"position\":1,\"name\":\"Home\",\"item\":\"https:\/\/franciscanos.org.br\/carisma\"},{\"@type\":\"ListItem\",\"position\":2,\"name\":\"Um certo jeito de viver\"}]},{\"@type\":\"Person\",\"@id\":\"https:\/\/franciscanos.org.br\/carisma\/#\/schema\/person\/bf14cae4d2151ab6b6e41d96660f93a2\",\"name\":\"moacir\",\"image\":{\"@type\":\"ImageObject\",\"inLanguage\":\"pt-BR\",\"@id\":\"https:\/\/franciscanos.org.br\/carisma\/#\/schema\/person\/image\/\",\"url\":\"https:\/\/secure.gravatar.com\/avatar\/d08aa2ce4c8dd416d4479aa8536fcf64?s=96&d=mm&r=g\",\"contentUrl\":\"https:\/\/secure.gravatar.com\/avatar\/d08aa2ce4c8dd416d4479aa8536fcf64?s=96&d=mm&r=g\",\"caption\":\"moacir\"},\"url\":\"https:\/\/franciscanos.org.br\/carisma\/author\/moacir\"}]}<\/script>\n<!-- \/ Yoast SEO plugin. -->","yoast_head_json":{"title":"Um certo jeito de viver - Carisma - Franciscanos","robots":{"index":"index","follow":"follow","max-snippet":"max-snippet:-1","max-image-preview":"max-image-preview:large","max-video-preview":"max-video-preview:-1"},"canonical":"https:\/\/franciscanos.org.br\/carisma\/um-certo-jeito-de-viver.html","og_locale":"pt_BR","og_type":"article","og_title":"Um certo jeito de viver - Carisma - Franciscanos","og_description":"Ordem Franciscana Secular","og_url":"https:\/\/franciscanos.org.br\/carisma\/um-certo-jeito-de-viver.html","og_site_name":"Carisma - Franciscanos","article_published_time":"2019-02-20T12:08:43+00:00","article_modified_time":"2019-02-20T12:09:29+00:00","og_image":[{"width":273,"height":181,"url":"https:\/\/franciscanos.org.br\/carisma\/wp-content\/uploads\/2019\/02\/velas_2002d.jpg","type":"image\/jpeg"}],"author":"moacir","twitter_card":"summary_large_image","twitter_misc":{"Escrito por":"moacir","Est. tempo de leitura":"5 minutos"},"schema":{"@context":"https:\/\/schema.org","@graph":[{"@type":"WebSite","@id":"https:\/\/franciscanos.org.br\/carisma\/#website","url":"https:\/\/franciscanos.org.br\/carisma\/","name":"Carisma - Franciscanos","description":"Prov\u00edncia Franciscana da Imaculada Concei\u00e7\u00e3o do Brasil - Ordem dos Frades Menores","potentialAction":[{"@type":"SearchAction","target":{"@type":"EntryPoint","urlTemplate":"https:\/\/franciscanos.org.br\/carisma\/?s={search_term_string}"},"query-input":"required name=search_term_string"}],"inLanguage":"pt-BR"},{"@type":"ImageObject","inLanguage":"pt-BR","@id":"https:\/\/franciscanos.org.br\/carisma\/um-certo-jeito-de-viver.html#primaryimage","url":"https:\/\/franciscanos.org.br\/carisma\/wp-content\/uploads\/2019\/02\/velas_2002d.jpg","contentUrl":"https:\/\/franciscanos.org.br\/carisma\/wp-content\/uploads\/2019\/02\/velas_2002d.jpg","width":273,"height":181},{"@type":"WebPage","@id":"https:\/\/franciscanos.org.br\/carisma\/um-certo-jeito-de-viver.html#webpage","url":"https:\/\/franciscanos.org.br\/carisma\/um-certo-jeito-de-viver.html","name":"Um certo jeito de viver - Carisma - Franciscanos","isPartOf":{"@id":"https:\/\/franciscanos.org.br\/carisma\/#website"},"primaryImageOfPage":{"@id":"https:\/\/franciscanos.org.br\/carisma\/um-certo-jeito-de-viver.html#primaryimage"},"datePublished":"2019-02-20T12:08:43+00:00","dateModified":"2019-02-20T12:09:29+00:00","author":{"@id":"https:\/\/franciscanos.org.br\/carisma\/#\/schema\/person\/bf14cae4d2151ab6b6e41d96660f93a2"},"breadcrumb":{"@id":"https:\/\/franciscanos.org.br\/carisma\/um-certo-jeito-de-viver.html#breadcrumb"},"inLanguage":"pt-BR","potentialAction":[{"@type":"ReadAction","target":["https:\/\/franciscanos.org.br\/carisma\/um-certo-jeito-de-viver.html"]}]},{"@type":"BreadcrumbList","@id":"https:\/\/franciscanos.org.br\/carisma\/um-certo-jeito-de-viver.html#breadcrumb","itemListElement":[{"@type":"ListItem","position":1,"name":"Home","item":"https:\/\/franciscanos.org.br\/carisma"},{"@type":"ListItem","position":2,"name":"Um certo jeito de viver"}]},{"@type":"Person","@id":"https:\/\/franciscanos.org.br\/carisma\/#\/schema\/person\/bf14cae4d2151ab6b6e41d96660f93a2","name":"moacir","image":{"@type":"ImageObject","inLanguage":"pt-BR","@id":"https:\/\/franciscanos.org.br\/carisma\/#\/schema\/person\/image\/","url":"https:\/\/secure.gravatar.com\/avatar\/d08aa2ce4c8dd416d4479aa8536fcf64?s=96&d=mm&r=g","contentUrl":"https:\/\/secure.gravatar.com\/avatar\/d08aa2ce4c8dd416d4479aa8536fcf64?s=96&d=mm&r=g","caption":"moacir"},"url":"https:\/\/franciscanos.org.br\/carisma\/author\/moacir"}]}},"_links":{"self":[{"href":"https:\/\/franciscanos.org.br\/carisma\/wp-json\/wp\/v2\/posts\/175680"}],"collection":[{"href":"https:\/\/franciscanos.org.br\/carisma\/wp-json\/wp\/v2\/posts"}],"about":[{"href":"https:\/\/franciscanos.org.br\/carisma\/wp-json\/wp\/v2\/types\/post"}],"author":[{"embeddable":true,"href":"https:\/\/franciscanos.org.br\/carisma\/wp-json\/wp\/v2\/users\/3"}],"replies":[{"embeddable":true,"href":"https:\/\/franciscanos.org.br\/carisma\/wp-json\/wp\/v2\/comments?post=175680"}],"version-history":[{"count":2,"href":"https:\/\/franciscanos.org.br\/carisma\/wp-json\/wp\/v2\/posts\/175680\/revisions"}],"predecessor-version":[{"id":175684,"href":"https:\/\/franciscanos.org.br\/carisma\/wp-json\/wp\/v2\/posts\/175680\/revisions\/175684"}],"wp:featuredmedia":[{"embeddable":true,"href":"https:\/\/franciscanos.org.br\/carisma\/wp-json\/wp\/v2\/media\/175682"}],"wp:attachment":[{"href":"https:\/\/franciscanos.org.br\/carisma\/wp-json\/wp\/v2\/media?parent=175680"}],"wp:term":[{"taxonomy":"category","embeddable":true,"href":"https:\/\/franciscanos.org.br\/carisma\/wp-json\/wp\/v2\/categories?post=175680"},{"taxonomy":"post_tag","embeddable":true,"href":"https:\/\/franciscanos.org.br\/carisma\/wp-json\/wp\/v2\/tags?post=175680"}],"curies":[{"name":"wp","href":"https:\/\/api.w.org\/{rel}","templated":true}]}}