{"id":175668,"date":"2019-02-15T08:42:03","date_gmt":"2019-02-15T10:42:03","guid":{"rendered":"https:\/\/franciscanos.org.br\/carisma\/?p=175668"},"modified":"2019-02-15T08:53:20","modified_gmt":"2019-02-15T10:53:20","slug":"a-vida-precisa-ser-vicosa","status":"publish","type":"post","link":"https:\/\/franciscanos.org.br\/carisma\/a-vida-precisa-ser-vicosa.html","title":{"rendered":"A vida precisa ser vi\u00e7osa!"},"content":{"rendered":"<p><img loading=\"lazy\" class=\"alignnone size-full wp-image-175670\" src=\"https:\/\/franciscanos.org.br\/carisma\/wp-content\/uploads\/2019\/02\/pes_150219.jpg\" alt=\"\" width=\"890\" height=\"501\" srcset=\"https:\/\/franciscanos.org.br\/carisma\/wp-content\/uploads\/2019\/02\/pes_150219.jpg 890w, https:\/\/franciscanos.org.br\/carisma\/wp-content\/uploads\/2019\/02\/pes_150219-450x253.jpg 450w, https:\/\/franciscanos.org.br\/carisma\/wp-content\/uploads\/2019\/02\/pes_150219-768x432.jpg 768w, https:\/\/franciscanos.org.br\/carisma\/wp-content\/uploads\/2019\/02\/pes_150219-150x84.jpg 150w\" sizes=\"(max-width: 890px) 100vw, 890px\" \/><\/p>\n<p>&nbsp;<\/p>\n<p><strong>FREI ALMIR GUIMAR\u00c3ES<\/strong><\/p>\n<p style=\"padding-left: 30px;\"><em>Com a sua novidade, Cristo pode sempre renovar a nossa vida e a nossa comunidade, e a proposta crist\u00e3, ainda que atravesse per\u00edodos obscuros e fraquezas eclesiais, nunca envelhece. Jesus Cristo pode romper tamb\u00e9m os esquemas enfadonhos em que pretendemos aprision\u00e1-lo, e surpreend\u00ea-nos com sua constante criatividade divina.<\/em><br \/>\n<strong>Papa Francisco, A Alegria do Evangelho, n. 11<\/strong><\/p>\n<p><strong>1.<\/strong> Podem ser chamados a fazer parte das Fraternidades franciscanas seculares os que n\u00e3o andam satisfeitos com uma pr\u00e1tica religiosa mec\u00e2nica e sem alma. N\u00e3o querem fracassar na vida. S\u00e3o pessoas que se sentem chamadas, vocacionadas. O Cristo ressuscitado andou chamando-as e convocando-as. Experimentam vontade de responder ao apelo: \u201cVem e segue-me\u201d. Os melhores candidatos \u00e0 vida franciscana secular n\u00e3o s\u00e3o aqueles que j\u00e1 est\u00e3o engajados e compromissados com mil e uma pastorais e servi\u00e7os, e que, por for\u00e7a das circunstancias v\u00e3o se exaurindo num ativismo desgaste e mortal, mas o que est\u00e3o num estado e busca das estrelas. Os melhores candidatos s\u00e3o aqueles que t\u00eam senso cr\u00edtico diante de certas posturas de pessoas ou de grupos, de comunidades alienadas, preocupadas com os sucesso exterior, de cunho devocional, com uma dimens\u00e3o caritativa assistencialista, ou pessoas cultivadoras de intensas emo\u00e7\u00f5es religiosas.<\/p>\n<p><strong>2.<\/strong> Podem ser chamados a ingressar na Igreja em sa\u00edda do Papa Francisco os que foram e continuam sendo tocados pelo Serm\u00e3o da Montanha: os que precisam ou desejam ser sal da terra, fermento na massa e luz do mundo, os que, quando solicitados, n\u00e3o d\u00e3o apenas o manto mas tamb\u00e9m a t\u00fanica, que n\u00e3o andam atr\u00e1s de cargos ou posi\u00e7\u00f5es de honra, os que gostam de rezar no quarto e se perfumam quando jejuam. Os que andam atr\u00e1s de um vida transparente. Os franciscanos seculares, como j\u00e1 fizera Francisco, fazem do Evangelho o ar para respirar.<\/p>\n<p><strong>3.<\/strong> S\u00e3o aptos para fazer a caminhada espiritual na Ordem Franciscana Secular os que desejam se desvencilhar de determinadas amarras: ansiedade por dinheiro, sempre mais dinheiro, sempre mais bens; aqueles que tomam dist\u00e2ncia cr\u00edtica da sociedade da rentabilidade, da competi\u00e7\u00e3o, do lucro, do salve-se-quem-puder; de um mundo que usa as pessoas como se fossem coisas. N\u00e3o est\u00e3o de acordo com o individualismo empobrecedor e ado\u00e7\u00e3o da filosofia da provis\u00f3rio. Os franciscanos seculares s\u00e3o pessoas que questionam uma sociedade que n\u00e3o tem senso cr\u00edtico e que fabrica rob\u00f4s, seres humanos em s\u00e9rie.<\/p>\n<p><strong>4<\/strong>. Os crist\u00e3os (e os franciscanos seculares) t\u00eam consci\u00eancia de uma voca\u00e7\u00e3o que n\u00e3o querem malbaratar. Sabem que esta se cultiva, se reorienta, se rev\u00ea. Por isso s\u00e3o f\u00e9is \u00e0s coisas mais simples: constantes revis\u00f5es de vida, cultivo de delicadeza de consci\u00eancia, olhar o mundo com crit\u00e9rios evang\u00e9licos e ter sempre uma pergunta nos l\u00e1bios: \u201cSenhor, o que queres de mim? O que queres de nossa Fraternidade?<\/p>\n<p><strong>5<\/strong>. Normalmente falando, os franciscanos seculares em fraternidades e onde quer que estejam ser\u00e3o pessoas fraternas: gostam de gente, s\u00e3o respeitosos com as diferen\u00e7as, organizam a paz, constroem entendimento quando tudo parece tecido de desaven\u00e7a, corrigem porque querem que o irm\u00e3o atinja sua plena realiza\u00e7\u00e3o de ser humano e de santo, servem e lavam os p\u00e9s do outros, evitam posturas de revanchismo, vingan\u00e7a e retalia\u00e7\u00e3o. Gostam de chamar os outros de irm\u00e3o e de irm\u00e3.<\/p>\n<p><strong>Para refletir<\/strong><\/p>\n<p style=\"padding-left: 30px;\">Assim escreve Jean Sulivan: \u201cN\u00e3o nos devemos admirar que na Quinta-feira Santa, antes da comunh\u00e3o, Jesus lave os p\u00e9s de seus disc\u00edpulos. E diz: Os reis das na\u00e7\u00f5es dominam sobre elas e d\u00e1-se-lhes o nome de grandes benfeitores. N\u00e3o ser\u00e1 pois assim entre v\u00f3s. Aquele que quiser tornar-se grande entre v\u00f3s, ser\u00e1 vosso benfeitor, e o que quiser tornar-se primeiro, ser\u00e1 escravo de todos. Porque o Filho do homem n\u00e3o veio para ser servido, mas para servir. O disc\u00edpulo n\u00e3o est\u00e1 acima do mestre. N\u00e3o tenho culpa, \u00e9 o Evangelho. Temos que medir por ele a caricatura do cristianismo vivido. O Evangelho nos convida a todos. N\u00e3o condena a ningu\u00e9m. A comunh\u00e3o real sup\u00f5e este paradoxo vivido: o chefe que desce do pedestal e lava os p\u00e9s daqueles que ele dirige, n\u00e3o nos dias de cerim\u00f4nia, mas na realidade cotidiana. \u00c9 o inverso da sabedoria ordin\u00e1ria. Se aquele que manda n\u00e3o se humilha, o que \u00e9 mandado \u00e9 humilhado. N\u00e3o se trata para o chefe crist\u00e3o de manter no infantilismo, mas sim de promover adultos e irm\u00e3os.<\/p>\n<p><em>Jean Sulivan, &#8220;Provoca\u00e7\u00e3o ou a fraqueza de Deus&#8221;, Ed. Herder, S\u00e3o Paulo, p. 16-17<\/em><\/p>\n<p><a href=\"https:\/\/franciscanos.org.br\/carisma\/categoria\/ofs\">VEJA MAIS SOBRE A OFS<\/a><\/p>\n","protected":false},"excerpt":{"rendered":"<p>Artigo de Frei Almir Guimar\u00e3es.<\/p>\n","protected":false},"author":3,"featured_media":175669,"comment_status":"open","ping_status":"open","sticky":false,"template":"","format":"standard","meta":[],"categories":[14],"tags":[47],"yoast_head":"<!-- This site is optimized with the Yoast SEO plugin v19.2 - https:\/\/yoast.com\/wordpress\/plugins\/seo\/ -->\n<title>A vida precisa ser vi\u00e7osa! - Carisma - Franciscanos<\/title>\n<meta name=\"robots\" content=\"index, follow, max-snippet:-1, max-image-preview:large, max-video-preview:-1\" \/>\n<link rel=\"canonical\" href=\"https:\/\/franciscanos.org.br\/carisma\/a-vida-precisa-ser-vicosa.html\" \/>\n<meta property=\"og:locale\" content=\"pt_BR\" \/>\n<meta property=\"og:type\" content=\"article\" \/>\n<meta property=\"og:title\" content=\"A vida precisa ser vi\u00e7osa! - Carisma - Franciscanos\" \/>\n<meta property=\"og:description\" content=\"Artigo de Frei Almir Guimar\u00e3es.\" \/>\n<meta property=\"og:url\" content=\"https:\/\/franciscanos.org.br\/carisma\/a-vida-precisa-ser-vicosa.html\" \/>\n<meta property=\"og:site_name\" content=\"Carisma - Franciscanos\" \/>\n<meta property=\"article:published_time\" content=\"2019-02-15T10:42:03+00:00\" \/>\n<meta property=\"article:modified_time\" content=\"2019-02-15T10:53:20+00:00\" \/>\n<meta property=\"og:image\" content=\"https:\/\/franciscanos.org.br\/carisma\/wp-content\/uploads\/2019\/02\/pes_150219d.jpg\" \/>\n\t<meta property=\"og:image:width\" content=\"273\" \/>\n\t<meta property=\"og:image:height\" content=\"181\" \/>\n\t<meta property=\"og:image:type\" content=\"image\/jpeg\" \/>\n<meta name=\"author\" content=\"moacir\" \/>\n<meta name=\"twitter:card\" content=\"summary_large_image\" \/>\n<meta name=\"twitter:label1\" content=\"Escrito por\" \/>\n\t<meta name=\"twitter:data1\" content=\"moacir\" \/>\n\t<meta name=\"twitter:label2\" content=\"Est. tempo de leitura\" \/>\n\t<meta name=\"twitter:data2\" content=\"4 minutos\" \/>\n<script type=\"application\/ld+json\" class=\"yoast-schema-graph\">{\"@context\":\"https:\/\/schema.org\",\"@graph\":[{\"@type\":\"WebSite\",\"@id\":\"https:\/\/franciscanos.org.br\/carisma\/#website\",\"url\":\"https:\/\/franciscanos.org.br\/carisma\/\",\"name\":\"Carisma - Franciscanos\",\"description\":\"Prov\u00edncia Franciscana da Imaculada Concei\u00e7\u00e3o do Brasil - Ordem dos Frades Menores\",\"potentialAction\":[{\"@type\":\"SearchAction\",\"target\":{\"@type\":\"EntryPoint\",\"urlTemplate\":\"https:\/\/franciscanos.org.br\/carisma\/?s={search_term_string}\"},\"query-input\":\"required name=search_term_string\"}],\"inLanguage\":\"pt-BR\"},{\"@type\":\"ImageObject\",\"inLanguage\":\"pt-BR\",\"@id\":\"https:\/\/franciscanos.org.br\/carisma\/a-vida-precisa-ser-vicosa.html#primaryimage\",\"url\":\"https:\/\/franciscanos.org.br\/carisma\/wp-content\/uploads\/2019\/02\/pes_150219d.jpg\",\"contentUrl\":\"https:\/\/franciscanos.org.br\/carisma\/wp-content\/uploads\/2019\/02\/pes_150219d.jpg\",\"width\":273,\"height\":181},{\"@type\":\"WebPage\",\"@id\":\"https:\/\/franciscanos.org.br\/carisma\/a-vida-precisa-ser-vicosa.html#webpage\",\"url\":\"https:\/\/franciscanos.org.br\/carisma\/a-vida-precisa-ser-vicosa.html\",\"name\":\"A vida precisa ser vi\u00e7osa! - Carisma - Franciscanos\",\"isPartOf\":{\"@id\":\"https:\/\/franciscanos.org.br\/carisma\/#website\"},\"primaryImageOfPage\":{\"@id\":\"https:\/\/franciscanos.org.br\/carisma\/a-vida-precisa-ser-vicosa.html#primaryimage\"},\"datePublished\":\"2019-02-15T10:42:03+00:00\",\"dateModified\":\"2019-02-15T10:53:20+00:00\",\"author\":{\"@id\":\"https:\/\/franciscanos.org.br\/carisma\/#\/schema\/person\/bf14cae4d2151ab6b6e41d96660f93a2\"},\"breadcrumb\":{\"@id\":\"https:\/\/franciscanos.org.br\/carisma\/a-vida-precisa-ser-vicosa.html#breadcrumb\"},\"inLanguage\":\"pt-BR\",\"potentialAction\":[{\"@type\":\"ReadAction\",\"target\":[\"https:\/\/franciscanos.org.br\/carisma\/a-vida-precisa-ser-vicosa.html\"]}]},{\"@type\":\"BreadcrumbList\",\"@id\":\"https:\/\/franciscanos.org.br\/carisma\/a-vida-precisa-ser-vicosa.html#breadcrumb\",\"itemListElement\":[{\"@type\":\"ListItem\",\"position\":1,\"name\":\"Home\",\"item\":\"https:\/\/franciscanos.org.br\/carisma\"},{\"@type\":\"ListItem\",\"position\":2,\"name\":\"A vida precisa ser vi\u00e7osa!\"}]},{\"@type\":\"Person\",\"@id\":\"https:\/\/franciscanos.org.br\/carisma\/#\/schema\/person\/bf14cae4d2151ab6b6e41d96660f93a2\",\"name\":\"moacir\",\"image\":{\"@type\":\"ImageObject\",\"inLanguage\":\"pt-BR\",\"@id\":\"https:\/\/franciscanos.org.br\/carisma\/#\/schema\/person\/image\/\",\"url\":\"https:\/\/secure.gravatar.com\/avatar\/d08aa2ce4c8dd416d4479aa8536fcf64?s=96&d=mm&r=g\",\"contentUrl\":\"https:\/\/secure.gravatar.com\/avatar\/d08aa2ce4c8dd416d4479aa8536fcf64?s=96&d=mm&r=g\",\"caption\":\"moacir\"},\"url\":\"https:\/\/franciscanos.org.br\/carisma\/author\/moacir\"}]}<\/script>\n<!-- \/ Yoast SEO plugin. -->","yoast_head_json":{"title":"A vida precisa ser vi\u00e7osa! - Carisma - Franciscanos","robots":{"index":"index","follow":"follow","max-snippet":"max-snippet:-1","max-image-preview":"max-image-preview:large","max-video-preview":"max-video-preview:-1"},"canonical":"https:\/\/franciscanos.org.br\/carisma\/a-vida-precisa-ser-vicosa.html","og_locale":"pt_BR","og_type":"article","og_title":"A vida precisa ser vi\u00e7osa! - Carisma - Franciscanos","og_description":"Artigo de Frei Almir Guimar\u00e3es.","og_url":"https:\/\/franciscanos.org.br\/carisma\/a-vida-precisa-ser-vicosa.html","og_site_name":"Carisma - Franciscanos","article_published_time":"2019-02-15T10:42:03+00:00","article_modified_time":"2019-02-15T10:53:20+00:00","og_image":[{"width":273,"height":181,"url":"https:\/\/franciscanos.org.br\/carisma\/wp-content\/uploads\/2019\/02\/pes_150219d.jpg","type":"image\/jpeg"}],"author":"moacir","twitter_card":"summary_large_image","twitter_misc":{"Escrito por":"moacir","Est. tempo de leitura":"4 minutos"},"schema":{"@context":"https:\/\/schema.org","@graph":[{"@type":"WebSite","@id":"https:\/\/franciscanos.org.br\/carisma\/#website","url":"https:\/\/franciscanos.org.br\/carisma\/","name":"Carisma - Franciscanos","description":"Prov\u00edncia Franciscana da Imaculada Concei\u00e7\u00e3o do Brasil - Ordem dos Frades Menores","potentialAction":[{"@type":"SearchAction","target":{"@type":"EntryPoint","urlTemplate":"https:\/\/franciscanos.org.br\/carisma\/?s={search_term_string}"},"query-input":"required name=search_term_string"}],"inLanguage":"pt-BR"},{"@type":"ImageObject","inLanguage":"pt-BR","@id":"https:\/\/franciscanos.org.br\/carisma\/a-vida-precisa-ser-vicosa.html#primaryimage","url":"https:\/\/franciscanos.org.br\/carisma\/wp-content\/uploads\/2019\/02\/pes_150219d.jpg","contentUrl":"https:\/\/franciscanos.org.br\/carisma\/wp-content\/uploads\/2019\/02\/pes_150219d.jpg","width":273,"height":181},{"@type":"WebPage","@id":"https:\/\/franciscanos.org.br\/carisma\/a-vida-precisa-ser-vicosa.html#webpage","url":"https:\/\/franciscanos.org.br\/carisma\/a-vida-precisa-ser-vicosa.html","name":"A vida precisa ser vi\u00e7osa! - Carisma - Franciscanos","isPartOf":{"@id":"https:\/\/franciscanos.org.br\/carisma\/#website"},"primaryImageOfPage":{"@id":"https:\/\/franciscanos.org.br\/carisma\/a-vida-precisa-ser-vicosa.html#primaryimage"},"datePublished":"2019-02-15T10:42:03+00:00","dateModified":"2019-02-15T10:53:20+00:00","author":{"@id":"https:\/\/franciscanos.org.br\/carisma\/#\/schema\/person\/bf14cae4d2151ab6b6e41d96660f93a2"},"breadcrumb":{"@id":"https:\/\/franciscanos.org.br\/carisma\/a-vida-precisa-ser-vicosa.html#breadcrumb"},"inLanguage":"pt-BR","potentialAction":[{"@type":"ReadAction","target":["https:\/\/franciscanos.org.br\/carisma\/a-vida-precisa-ser-vicosa.html"]}]},{"@type":"BreadcrumbList","@id":"https:\/\/franciscanos.org.br\/carisma\/a-vida-precisa-ser-vicosa.html#breadcrumb","itemListElement":[{"@type":"ListItem","position":1,"name":"Home","item":"https:\/\/franciscanos.org.br\/carisma"},{"@type":"ListItem","position":2,"name":"A vida precisa ser vi\u00e7osa!"}]},{"@type":"Person","@id":"https:\/\/franciscanos.org.br\/carisma\/#\/schema\/person\/bf14cae4d2151ab6b6e41d96660f93a2","name":"moacir","image":{"@type":"ImageObject","inLanguage":"pt-BR","@id":"https:\/\/franciscanos.org.br\/carisma\/#\/schema\/person\/image\/","url":"https:\/\/secure.gravatar.com\/avatar\/d08aa2ce4c8dd416d4479aa8536fcf64?s=96&d=mm&r=g","contentUrl":"https:\/\/secure.gravatar.com\/avatar\/d08aa2ce4c8dd416d4479aa8536fcf64?s=96&d=mm&r=g","caption":"moacir"},"url":"https:\/\/franciscanos.org.br\/carisma\/author\/moacir"}]}},"_links":{"self":[{"href":"https:\/\/franciscanos.org.br\/carisma\/wp-json\/wp\/v2\/posts\/175668"}],"collection":[{"href":"https:\/\/franciscanos.org.br\/carisma\/wp-json\/wp\/v2\/posts"}],"about":[{"href":"https:\/\/franciscanos.org.br\/carisma\/wp-json\/wp\/v2\/types\/post"}],"author":[{"embeddable":true,"href":"https:\/\/franciscanos.org.br\/carisma\/wp-json\/wp\/v2\/users\/3"}],"replies":[{"embeddable":true,"href":"https:\/\/franciscanos.org.br\/carisma\/wp-json\/wp\/v2\/comments?post=175668"}],"version-history":[{"count":5,"href":"https:\/\/franciscanos.org.br\/carisma\/wp-json\/wp\/v2\/posts\/175668\/revisions"}],"predecessor-version":[{"id":175677,"href":"https:\/\/franciscanos.org.br\/carisma\/wp-json\/wp\/v2\/posts\/175668\/revisions\/175677"}],"wp:featuredmedia":[{"embeddable":true,"href":"https:\/\/franciscanos.org.br\/carisma\/wp-json\/wp\/v2\/media\/175669"}],"wp:attachment":[{"href":"https:\/\/franciscanos.org.br\/carisma\/wp-json\/wp\/v2\/media?parent=175668"}],"wp:term":[{"taxonomy":"category","embeddable":true,"href":"https:\/\/franciscanos.org.br\/carisma\/wp-json\/wp\/v2\/categories?post=175668"},{"taxonomy":"post_tag","embeddable":true,"href":"https:\/\/franciscanos.org.br\/carisma\/wp-json\/wp\/v2\/tags?post=175668"}],"curies":[{"name":"wp","href":"https:\/\/api.w.org\/{rel}","templated":true}]}}