{"id":175661,"date":"2019-02-13T11:23:32","date_gmt":"2019-02-13T13:23:32","guid":{"rendered":"https:\/\/franciscanos.org.br\/carisma\/?p=175661"},"modified":"2019-02-15T08:50:31","modified_gmt":"2019-02-15T10:50:31","slug":"o-que-pode-nos-fazer-viver-e-viver-bem-i","status":"publish","type":"post","link":"https:\/\/franciscanos.org.br\/carisma\/o-que-pode-nos-fazer-viver-e-viver-bem-i.html","title":{"rendered":"O que pode nos fazer viver e viver bem?"},"content":{"rendered":"<p><img loading=\"lazy\" class=\"alignleft wp-image-175662 size-full\" src=\"https:\/\/franciscanos.org.br\/carisma\/wp-content\/uploads\/2019\/02\/ofs_130219.jpg\" alt=\"\" width=\"840\" height=\"628\" srcset=\"https:\/\/franciscanos.org.br\/carisma\/wp-content\/uploads\/2019\/02\/ofs_130219.jpg 840w, https:\/\/franciscanos.org.br\/carisma\/wp-content\/uploads\/2019\/02\/ofs_130219-450x336.jpg 450w, https:\/\/franciscanos.org.br\/carisma\/wp-content\/uploads\/2019\/02\/ofs_130219-768x574.jpg 768w, https:\/\/franciscanos.org.br\/carisma\/wp-content\/uploads\/2019\/02\/ofs_130219-150x112.jpg 150w\" sizes=\"(max-width: 840px) 100vw, 840px\" \/><\/p>\n<p><strong>FREI ALMIR GUIMAR\u00c3ES<\/strong><\/p>\n<p><em>A gratuidade \u00e9 um viver mergulhado no ser. Ela nos d\u00e1 acesso \u00e0 polifonia da vida, na sua variedade, nos seus contrastes, na sua realidade densa, na sua inteireza (<\/em><strong>Jos\u00e9 Tolentino Mendon\u00e7a)<\/strong><\/p>\n<p><strong>1.\u00a0<\/strong> Viver, viver \u00e9 o que conta. Viver com gratuidade, intensamente. N\u00e3o toleramos empurrar a hist\u00f3ria para frente de qualquer maneira, levar uma vida insossa, repetitiva, mon\u00f3tona, rotineira. Queremos ser gente e gente desperta. Aspiramos viver em totalidade. Nada de pedacinhos soltos sem uma liga. Somos gente que gosta de ser homem, de ser mulher, de \u201ccurtir\u201d os amigos, de chorar com os que choram e partilhar a alegria dos que se alegram. Gente que gosta de abrir estradas, de caminhar de p\u00e9s descal\u00e7os no verde da grama, de arreganhar as janelas, pela manh\u00e3, de par a par, e agradecer a chegada o irm\u00e3o sol. N\u00e3o queremos nos sobrecarregar de coisas in\u00fateis e certos balangand\u00e3s. Viver \u00e9 o que conta: gostar da brisa suave, de tomar uma x\u00edcara de caf\u00e9 com aqueles que estimamos, de cantar aquilo que mana da profundeza de nosso cora\u00e7\u00e3o. Viver e viver em plenitude. Sempre verificar a qualidade de nossa vida.<\/p>\n<p><strong>2.<\/strong> \u201cAs rotinas t\u00eam um efeito saud\u00e1vel: tornando o cotidiano uma cadeia de situa\u00e7\u00f5es que podem ser aguardadas, que nos permitam habitar com confian\u00e7a o tempo. Mas o que come\u00e7a por ser bom esconde tamb\u00e9m um perigo. De repente, a rotina substitui-se \u00e0 pr\u00f3pria vida. Quando tudo se torna obvio e regulado, deixa de haver lugar para a surpresa. Cada dia \u00e9 simplesmente igual ao anterior. A nossa viagem passa para as m\u00e3os de um piloto autom\u00e1tico\u201d (Jos\u00e9 Tolentino Mendon\u00e7a, A m\u00edstica do instante, Paulinas, p. 17).<\/p>\n<p><strong>3.<\/strong> Somos humanos. Corpo, cora\u00e7\u00e3o, intelig\u00eancia, afeto, sentidos. Estamos para aprender a arte de viver. Temos certeza que somos amados mesmo antes de nosso nascimento. Antes de abrir os olhos, j\u00e1 \u00e9ramos queridos pelo Mist\u00e9rio. Fomos tomando consci\u00eancia de um amor sem limites&#8230; \u201cCom amor eterno eu te amei&#8230;\u201d. Viemos do nada e temos a vida inteira para fortalecer essa certeza de um Amor que n\u00e3o conseguimos explicar, mas que nos impulsiona para frente, sempre para adiante, sempre para a frente, que promete n\u00e3o nos largar.<\/p>\n<p><strong>4<\/strong>. Quando fazemos cessar as agita\u00e7\u00f5es ruidosas, quando chegamos a uma certa serenidade, olhos fechados, sil\u00eancio dentro e fora, quando paramos para pensar algo nos diz que temos uma sede de plenitude, de infinito. Sede do Mist\u00e9rio, daquele que n\u00e3o vemos com nossos olhos, mas anda nos espreitando e, quem sabe, batendo \u00e0 nossa porta para ver se estamos em n\u00f3s mesmo. Se habitamos em n\u00f3s mesmos. Se estamos em casa.<\/p>\n<p><strong>5.<\/strong> Somos crist\u00e3os e queremos ser disc\u00edpulos do Senhor. N\u00e3o nos satisfazemos apenas com o fato de que nosso nome esteja inscrito nos registros da par\u00f3quia em que fomos batizados. Fomos crescendo com o desejo de n\u00e3o parar. O Papa Francisco anda a nos dizer que precisamos cultivar um encontro pessoal com o Mestre, precisamos ser disc\u00edpulos, mas n\u00e3o disc\u00edpulos parados, disc\u00edpulos mission\u00e1rios, membros de uma Igreja em sa\u00edda, que conta com padres em sa\u00edda, com bispos que gostam do cheiro das ovelhas, com leigos tinhosos. Na Igreja, sempre na Igreja, n\u00e3o um grupo de eleitos altaneiro e pairando sobre os outros. Na Igreja santa e pecadora.<\/p>\n<p><strong>6.<\/strong> H\u00e1 aqueles que querem buscar uma fonte, viver o discipulado no seio da fam\u00edlia franciscana. Por diferentes caminhos e situa\u00e7\u00f5es existenciais foram querendo simplificar a vida e vestir-se do Evangelho. Buscam a santidade de vida. Jogam fora o que lhes atravanca a vida. Lutam para viver no mundo o esp\u00edrito do eremit\u00e9rio e andam com uma bacia e uma toalha tentando lavar os p\u00e9s dos peregrinos e caminheiros. Contemplam e agem. Sentem a brisa suave a acariciar-lhe o rosto e est\u00e3o sempre a partir em miss\u00e3o, em estado de sa\u00edda.<\/p>\n<p><strong>7.<\/strong> As fraternidades franciscanas seculares est\u00e3o espalhadas pelo mundo afora com sombras e luzes. S\u00e3o constitu\u00eddas por homens e mulheres que buscam sair de uma vida crist\u00e3 med\u00edocre, apenas de praticas religiosas e de discursos muito cerebrais, que desejam realmente encontrar-se com o Senhor Deus e seu Cristo. N\u00e3o buscam uma \u201cassocia\u00e7\u00e3o\u201d religiosa com lista de obras e salpicade de eventos. Pertencem geograficamente a territ\u00f3rios diocesanos e paroquiais. Seu olhar, no entanto, n\u00e3o se restringe a tais horizontes. De alguma forma esses crist\u00e3os franciscanos s\u00e3o sacudidos pela for\u00e7a do Evangelho. Est\u00e3o em todos os cantos.<\/p>\n<p><strong>8.<\/strong> Depois de um per\u00edodo de estudo e de forma\u00e7\u00e3o na Fraternidade aceitam fazer uma profiss\u00e3o: seguir o Evangelho de Cristo a vida toda, \u00e0 maneira Francisco. S\u00e3o pessoas que est\u00e3o sempre a caminho. S\u00e3o peregrinos. N\u00e3o s\u00e3o, insistimos e repetimos, agregados ao esquema das par\u00f3quias e das pastorais. Os franciscanos seculares adotam um g\u00eanero de vida. Evidentemente se fazem presentes na par\u00f3quia e nas diferentes modalidades de pastoral de maneira cr\u00edtica, no bom sentido da palavra.<\/p>\n<p><strong>9.<\/strong> Franciscanos seculares, quer dizer, pessoas que vivem no mundo, na fam\u00edlia, no trabalho, na qualidade de leigos em s\u00e9rio processo de matura\u00e7\u00e3o. N\u00e3o um grupo de entusiasmados acalorados que esquentam o cora\u00e7\u00e3o. Em suas manifesta\u00e7\u00f5es em prol inadi\u00e1vel da transforma\u00e7\u00e3o do mundo n\u00e3o misturam alhos com bugalhos. Seu partido pol\u00edtico tem o estatuto do Serm\u00e3o da Montanha. Leigos no meio do mundo com esp\u00edrito franciscano: simplicidade, cortesia, esp\u00edrito de servi\u00e7o, fraternismo.<\/p>\n<p><strong>10.<\/strong> N\u00e3o devem ingressar na Ordem os que, mesmo casado ou vivendo no mundo, alimentam uma \u201csaudade\u201d de uma vida consagrada \u00e0 maneira dos religiosos ou ent\u00e3o dos padres e di\u00e1conos permanentes, ministros do altar. O lugar, o espa\u00e7o, o seio do franciscano secular \u00e9 o mundo, o s\u00e9culo. Precisam honrar seu nome: franciscanos seculares.<\/p>\n<p><strong>Para refletir<\/strong><\/p>\n<p style=\"padding-left: 30px;\">\u201cN\u00e3o tenhamos d\u00favidas: tudo aquilo que escutamos, mas verdadeiramente tudo, deve ser apenas a prepara\u00e7\u00e3o para a escuta do que permanece em sil\u00eancio. S\u00f3 no habitat do sil\u00eancio, nas jornadas longas de sil\u00eancio e de exposi\u00e7\u00e3o em ora\u00e7\u00e3o, a escuta pode amadurecer\u201d.<\/p>\n<p><em>Jos\u00e9 Tolentino Mendon\u00e7a<\/em><\/p>\n","protected":false},"excerpt":{"rendered":"<p>Artigo de Frei Almir Guimar\u00e3es<\/p>\n","protected":false},"author":3,"featured_media":175663,"comment_status":"open","ping_status":"open","sticky":false,"template":"","format":"standard","meta":[],"categories":[14],"tags":[103,47],"yoast_head":"<!-- This site is optimized with the Yoast SEO plugin v19.2 - https:\/\/yoast.com\/wordpress\/plugins\/seo\/ -->\n<title>O que pode nos fazer viver e viver bem? - Carisma - Franciscanos<\/title>\n<meta name=\"robots\" content=\"index, follow, max-snippet:-1, max-image-preview:large, max-video-preview:-1\" \/>\n<link rel=\"canonical\" href=\"https:\/\/franciscanos.org.br\/carisma\/o-que-pode-nos-fazer-viver-e-viver-bem-i.html\" \/>\n<meta property=\"og:locale\" content=\"pt_BR\" \/>\n<meta property=\"og:type\" content=\"article\" \/>\n<meta property=\"og:title\" content=\"O que pode nos fazer viver e viver bem? - Carisma - Franciscanos\" \/>\n<meta property=\"og:description\" content=\"Artigo de Frei Almir Guimar\u00e3es\" \/>\n<meta property=\"og:url\" content=\"https:\/\/franciscanos.org.br\/carisma\/o-que-pode-nos-fazer-viver-e-viver-bem-i.html\" \/>\n<meta property=\"og:site_name\" content=\"Carisma - Franciscanos\" \/>\n<meta property=\"article:published_time\" content=\"2019-02-13T13:23:32+00:00\" \/>\n<meta property=\"article:modified_time\" content=\"2019-02-15T10:50:31+00:00\" \/>\n<meta property=\"og:image\" content=\"https:\/\/franciscanos.org.br\/carisma\/wp-content\/uploads\/2019\/02\/ofs_130219d.jpg\" \/>\n\t<meta property=\"og:image:width\" content=\"273\" \/>\n\t<meta property=\"og:image:height\" content=\"181\" \/>\n\t<meta property=\"og:image:type\" content=\"image\/jpeg\" \/>\n<meta name=\"author\" content=\"moacir\" \/>\n<meta name=\"twitter:card\" content=\"summary_large_image\" \/>\n<meta name=\"twitter:label1\" content=\"Escrito por\" \/>\n\t<meta name=\"twitter:data1\" content=\"moacir\" \/>\n\t<meta name=\"twitter:label2\" content=\"Est. tempo de leitura\" \/>\n\t<meta name=\"twitter:data2\" content=\"5 minutos\" \/>\n<script type=\"application\/ld+json\" class=\"yoast-schema-graph\">{\"@context\":\"https:\/\/schema.org\",\"@graph\":[{\"@type\":\"WebSite\",\"@id\":\"https:\/\/franciscanos.org.br\/carisma\/#website\",\"url\":\"https:\/\/franciscanos.org.br\/carisma\/\",\"name\":\"Carisma - Franciscanos\",\"description\":\"Prov\u00edncia Franciscana da Imaculada Concei\u00e7\u00e3o do Brasil - Ordem dos Frades Menores\",\"potentialAction\":[{\"@type\":\"SearchAction\",\"target\":{\"@type\":\"EntryPoint\",\"urlTemplate\":\"https:\/\/franciscanos.org.br\/carisma\/?s={search_term_string}\"},\"query-input\":\"required name=search_term_string\"}],\"inLanguage\":\"pt-BR\"},{\"@type\":\"ImageObject\",\"inLanguage\":\"pt-BR\",\"@id\":\"https:\/\/franciscanos.org.br\/carisma\/o-que-pode-nos-fazer-viver-e-viver-bem-i.html#primaryimage\",\"url\":\"https:\/\/franciscanos.org.br\/carisma\/wp-content\/uploads\/2019\/02\/ofs_130219d.jpg\",\"contentUrl\":\"https:\/\/franciscanos.org.br\/carisma\/wp-content\/uploads\/2019\/02\/ofs_130219d.jpg\",\"width\":273,\"height\":181},{\"@type\":\"WebPage\",\"@id\":\"https:\/\/franciscanos.org.br\/carisma\/o-que-pode-nos-fazer-viver-e-viver-bem-i.html#webpage\",\"url\":\"https:\/\/franciscanos.org.br\/carisma\/o-que-pode-nos-fazer-viver-e-viver-bem-i.html\",\"name\":\"O que pode nos fazer viver e viver bem? - Carisma - Franciscanos\",\"isPartOf\":{\"@id\":\"https:\/\/franciscanos.org.br\/carisma\/#website\"},\"primaryImageOfPage\":{\"@id\":\"https:\/\/franciscanos.org.br\/carisma\/o-que-pode-nos-fazer-viver-e-viver-bem-i.html#primaryimage\"},\"datePublished\":\"2019-02-13T13:23:32+00:00\",\"dateModified\":\"2019-02-15T10:50:31+00:00\",\"author\":{\"@id\":\"https:\/\/franciscanos.org.br\/carisma\/#\/schema\/person\/bf14cae4d2151ab6b6e41d96660f93a2\"},\"breadcrumb\":{\"@id\":\"https:\/\/franciscanos.org.br\/carisma\/o-que-pode-nos-fazer-viver-e-viver-bem-i.html#breadcrumb\"},\"inLanguage\":\"pt-BR\",\"potentialAction\":[{\"@type\":\"ReadAction\",\"target\":[\"https:\/\/franciscanos.org.br\/carisma\/o-que-pode-nos-fazer-viver-e-viver-bem-i.html\"]}]},{\"@type\":\"BreadcrumbList\",\"@id\":\"https:\/\/franciscanos.org.br\/carisma\/o-que-pode-nos-fazer-viver-e-viver-bem-i.html#breadcrumb\",\"itemListElement\":[{\"@type\":\"ListItem\",\"position\":1,\"name\":\"Home\",\"item\":\"https:\/\/franciscanos.org.br\/carisma\"},{\"@type\":\"ListItem\",\"position\":2,\"name\":\"O que pode nos fazer viver e viver bem?\"}]},{\"@type\":\"Person\",\"@id\":\"https:\/\/franciscanos.org.br\/carisma\/#\/schema\/person\/bf14cae4d2151ab6b6e41d96660f93a2\",\"name\":\"moacir\",\"image\":{\"@type\":\"ImageObject\",\"inLanguage\":\"pt-BR\",\"@id\":\"https:\/\/franciscanos.org.br\/carisma\/#\/schema\/person\/image\/\",\"url\":\"https:\/\/secure.gravatar.com\/avatar\/d08aa2ce4c8dd416d4479aa8536fcf64?s=96&d=mm&r=g\",\"contentUrl\":\"https:\/\/secure.gravatar.com\/avatar\/d08aa2ce4c8dd416d4479aa8536fcf64?s=96&d=mm&r=g\",\"caption\":\"moacir\"},\"url\":\"https:\/\/franciscanos.org.br\/carisma\/author\/moacir\"}]}<\/script>\n<!-- \/ Yoast SEO plugin. -->","yoast_head_json":{"title":"O que pode nos fazer viver e viver bem? - Carisma - Franciscanos","robots":{"index":"index","follow":"follow","max-snippet":"max-snippet:-1","max-image-preview":"max-image-preview:large","max-video-preview":"max-video-preview:-1"},"canonical":"https:\/\/franciscanos.org.br\/carisma\/o-que-pode-nos-fazer-viver-e-viver-bem-i.html","og_locale":"pt_BR","og_type":"article","og_title":"O que pode nos fazer viver e viver bem? - Carisma - Franciscanos","og_description":"Artigo de Frei Almir Guimar\u00e3es","og_url":"https:\/\/franciscanos.org.br\/carisma\/o-que-pode-nos-fazer-viver-e-viver-bem-i.html","og_site_name":"Carisma - Franciscanos","article_published_time":"2019-02-13T13:23:32+00:00","article_modified_time":"2019-02-15T10:50:31+00:00","og_image":[{"width":273,"height":181,"url":"https:\/\/franciscanos.org.br\/carisma\/wp-content\/uploads\/2019\/02\/ofs_130219d.jpg","type":"image\/jpeg"}],"author":"moacir","twitter_card":"summary_large_image","twitter_misc":{"Escrito por":"moacir","Est. tempo de leitura":"5 minutos"},"schema":{"@context":"https:\/\/schema.org","@graph":[{"@type":"WebSite","@id":"https:\/\/franciscanos.org.br\/carisma\/#website","url":"https:\/\/franciscanos.org.br\/carisma\/","name":"Carisma - Franciscanos","description":"Prov\u00edncia Franciscana da Imaculada Concei\u00e7\u00e3o do Brasil - Ordem dos Frades Menores","potentialAction":[{"@type":"SearchAction","target":{"@type":"EntryPoint","urlTemplate":"https:\/\/franciscanos.org.br\/carisma\/?s={search_term_string}"},"query-input":"required name=search_term_string"}],"inLanguage":"pt-BR"},{"@type":"ImageObject","inLanguage":"pt-BR","@id":"https:\/\/franciscanos.org.br\/carisma\/o-que-pode-nos-fazer-viver-e-viver-bem-i.html#primaryimage","url":"https:\/\/franciscanos.org.br\/carisma\/wp-content\/uploads\/2019\/02\/ofs_130219d.jpg","contentUrl":"https:\/\/franciscanos.org.br\/carisma\/wp-content\/uploads\/2019\/02\/ofs_130219d.jpg","width":273,"height":181},{"@type":"WebPage","@id":"https:\/\/franciscanos.org.br\/carisma\/o-que-pode-nos-fazer-viver-e-viver-bem-i.html#webpage","url":"https:\/\/franciscanos.org.br\/carisma\/o-que-pode-nos-fazer-viver-e-viver-bem-i.html","name":"O que pode nos fazer viver e viver bem? - Carisma - Franciscanos","isPartOf":{"@id":"https:\/\/franciscanos.org.br\/carisma\/#website"},"primaryImageOfPage":{"@id":"https:\/\/franciscanos.org.br\/carisma\/o-que-pode-nos-fazer-viver-e-viver-bem-i.html#primaryimage"},"datePublished":"2019-02-13T13:23:32+00:00","dateModified":"2019-02-15T10:50:31+00:00","author":{"@id":"https:\/\/franciscanos.org.br\/carisma\/#\/schema\/person\/bf14cae4d2151ab6b6e41d96660f93a2"},"breadcrumb":{"@id":"https:\/\/franciscanos.org.br\/carisma\/o-que-pode-nos-fazer-viver-e-viver-bem-i.html#breadcrumb"},"inLanguage":"pt-BR","potentialAction":[{"@type":"ReadAction","target":["https:\/\/franciscanos.org.br\/carisma\/o-que-pode-nos-fazer-viver-e-viver-bem-i.html"]}]},{"@type":"BreadcrumbList","@id":"https:\/\/franciscanos.org.br\/carisma\/o-que-pode-nos-fazer-viver-e-viver-bem-i.html#breadcrumb","itemListElement":[{"@type":"ListItem","position":1,"name":"Home","item":"https:\/\/franciscanos.org.br\/carisma"},{"@type":"ListItem","position":2,"name":"O que pode nos fazer viver e viver bem?"}]},{"@type":"Person","@id":"https:\/\/franciscanos.org.br\/carisma\/#\/schema\/person\/bf14cae4d2151ab6b6e41d96660f93a2","name":"moacir","image":{"@type":"ImageObject","inLanguage":"pt-BR","@id":"https:\/\/franciscanos.org.br\/carisma\/#\/schema\/person\/image\/","url":"https:\/\/secure.gravatar.com\/avatar\/d08aa2ce4c8dd416d4479aa8536fcf64?s=96&d=mm&r=g","contentUrl":"https:\/\/secure.gravatar.com\/avatar\/d08aa2ce4c8dd416d4479aa8536fcf64?s=96&d=mm&r=g","caption":"moacir"},"url":"https:\/\/franciscanos.org.br\/carisma\/author\/moacir"}]}},"_links":{"self":[{"href":"https:\/\/franciscanos.org.br\/carisma\/wp-json\/wp\/v2\/posts\/175661"}],"collection":[{"href":"https:\/\/franciscanos.org.br\/carisma\/wp-json\/wp\/v2\/posts"}],"about":[{"href":"https:\/\/franciscanos.org.br\/carisma\/wp-json\/wp\/v2\/types\/post"}],"author":[{"embeddable":true,"href":"https:\/\/franciscanos.org.br\/carisma\/wp-json\/wp\/v2\/users\/3"}],"replies":[{"embeddable":true,"href":"https:\/\/franciscanos.org.br\/carisma\/wp-json\/wp\/v2\/comments?post=175661"}],"version-history":[{"count":6,"href":"https:\/\/franciscanos.org.br\/carisma\/wp-json\/wp\/v2\/posts\/175661\/revisions"}],"predecessor-version":[{"id":175673,"href":"https:\/\/franciscanos.org.br\/carisma\/wp-json\/wp\/v2\/posts\/175661\/revisions\/175673"}],"wp:featuredmedia":[{"embeddable":true,"href":"https:\/\/franciscanos.org.br\/carisma\/wp-json\/wp\/v2\/media\/175663"}],"wp:attachment":[{"href":"https:\/\/franciscanos.org.br\/carisma\/wp-json\/wp\/v2\/media?parent=175661"}],"wp:term":[{"taxonomy":"category","embeddable":true,"href":"https:\/\/franciscanos.org.br\/carisma\/wp-json\/wp\/v2\/categories?post=175661"},{"taxonomy":"post_tag","embeddable":true,"href":"https:\/\/franciscanos.org.br\/carisma\/wp-json\/wp\/v2\/tags?post=175661"}],"curies":[{"name":"wp","href":"https:\/\/api.w.org\/{rel}","templated":true}]}}