{"id":175583,"date":"2019-01-18T10:39:36","date_gmt":"2019-01-18T12:39:36","guid":{"rendered":"https:\/\/franciscanos.org.br\/carisma\/?p=175583"},"modified":"2019-01-18T10:39:36","modified_gmt":"2019-01-18T12:39:36","slug":"carta-pelos-40-anos-da-promulgacao-da-regra-da-ofs","status":"publish","type":"post","link":"https:\/\/franciscanos.org.br\/carisma\/carta-pelos-40-anos-da-promulgacao-da-regra-da-ofs.html","title":{"rendered":"Carta pelos 40 anos da promulga\u00e7\u00e3o da Regra da OFS"},"content":{"rendered":"<p><img loading=\"lazy\" class=\"alignnone size-full wp-image-160522\" src=\"https:\/\/quemsomos.franciscanos.org.br\/wp-content\/uploads\/2019\/01\/logo_180119.jpg\" alt=\"\" width=\"980\" height=\"700\" \/><\/p>\n<p style=\"text-align: center;\"><em>Carta circular da Confer\u00eancia dos Ministros Gerais das primeiras Ordens franciscanas e da Terceira Ordem Regular a todos os frades e os irm\u00e3os e irm\u00e3s da Ordem Franciscana Secular (OFS) e da Juventude Franciscana (JUFRA) por ocasi\u00e3o dos 40 anos da promulga\u00e7\u00e3o da Regra OFS<\/em><\/p>\n<p>Queridas irm\u00e3s e irm\u00e3os, o Senhor lhes d\u00ea a sua paz!<\/p>\n<ol>\n<li><strong> Quarenta anos: um per\u00edodo simb\u00f3lico<\/strong><\/li>\n<\/ol>\n<p>No dia 24 de junho de 1978, a Santa S\u00e9 aprovava a Regra renovada da Ordem Franciscana Secular atrav\u00e9s da Carta Apost\u00f3lica <em>Seraphicus Patriarcha<\/em>. Foi o Papa Paulo VI, recentemente canonizado e que na sua juventude foi postulante terci\u00e1rio franciscano, que presenteou este dom \u00e0 Fam\u00edlia Franciscana, poucas semanas antes de sua morte. S\u00e3o passados 40 anos daquela aprova\u00e7\u00e3o e este anivers\u00e1rio nos parece uma ocasi\u00e3o importante para dirigir a todos voc\u00eas esta carta comemorativa. O n\u00famero quarenta na B\u00edblia, como sabemos, \u00e9 cheio de significado simb\u00f3lico: quarenta s\u00e3o principalmente os anos de uma gera\u00e7\u00e3o e parecem designar o tempo das decis\u00f5es maduras. Parece, ent\u00e3o, uma ocasi\u00e3o prop\u00edcia para agradecer a Deus por tudo que as irm\u00e3s e os irm\u00e3os da OFS j\u00e1 vivem e para dar um novo impulso a esta realidade t\u00e3o preciosa para toda a Fam\u00edlia Franciscana.<\/p>\n<ol start=\"2\">\n<li><strong> A Ordem Franciscana Secular na Fam\u00edlia Franciscana<\/strong><\/li>\n<\/ol>\n<p>\u201cO Ser\u00e1fico Patriarca S\u00e3o Francisco de Assis, em vida e depois de sua preciosa morte, atraiu n\u00e3o somente muitos para servirem a Deus na fam\u00edlia religiosa que fundara, mas arrastou tamb\u00e9m numerosos leigos que, permanecendo no mundo, se agregaram \u00e0s suas Ordens\u201d. Assim come\u00e7a a Carta Apost\u00f3lica de aprova\u00e7\u00e3o assinada por Paulo VI em 1978, que recorda como da experi\u00eancia de S\u00e3o Francisco nasceram diversas modalidades de vida crist\u00e3 no seguimento de Cristo na Igreja.<\/p>\n<p>\u201cEntre as fam\u00edlias espirituais, suscitadas pelo Esp\u00edrito Santo na Igreja (<em>Lumen Gentium<\/em> 43), a Fam\u00edlia Franciscana re\u00fane todos aqueles membros do Povo de Deus, leigos, religiosos e sacerdotes, que se sentem chamados ao seguimento do Cristo, \u00e0 maneira de S\u00e3o Francisco de Assis\u201d (Pio XII, 1.7.1956, <em>Discurso aos Terci\u00e1rios<\/em> I). Por modos e formas diversas, mas em rec\u00edproca comunh\u00e3o vital, eles querem tornar presente o carisma do comum Pai Ser\u00e1fico na vida e na miss\u00e3o da Igreja (<em>Apostolicam Actuositatem<\/em> 4,8)\u201d (Regra OFS, cap. I, n.1).<\/p>\n<p>Parece, ent\u00e3o, que j\u00e1 era clara para Francisco a intui\u00e7\u00e3o de que era poss\u00edvel servir plenamente a Deus em cada estado de vida. Assim, de qualquer modo, ele antecipava a consci\u00eancia de que cada crist\u00e3o na Igreja \u00e9 chamado \u00e0 santidade, aquela consci\u00eancia que o Conc\u00edlio Vaticano II evidenciou com for\u00e7a e o Papa Francisco recordou recentemente em sua Exorta\u00e7\u00e3o Apost\u00f3lica <em>Gaudete et exultate<\/em> (n. 10): \u201cMunidos de tantos e t\u00e3o grandes meios de salva\u00e7\u00e3o, todos os fi\u00e9is, seja qual for a sua condi\u00e7\u00e3o ou estado, s\u00e3o chamados pelo Senhor \u00e0 perfei\u00e7\u00e3o do Pai, cada um por seu caminho, a uma santidade cuja perfei\u00e7\u00e3o \u00e9 aquela mesma do Pai celeste\u201d (LG 11). De fato, a Terceira Ordem Franciscana (hoje Ordem Franciscana Secular) em sua hist\u00f3ria foi enriquecida por numerosos dons de santidade. Basta pensar \u00e0s figuras de \u00c2ngela de Foligno, Br\u00edgida da Su\u00e9cia, Catarina de G\u00eanova, Izabel da Hungria, Giana Beretta Molla, Jo\u00e3o Bosco, Jo\u00e3o XXIII, Giuseppe Moscati, Lu\u00eds IX rei da Fran\u00e7a, Margarida de Cortona, Pio X, Tom\u00e1s Morus, para citar alguns dos santos e das santas mais famosos, ou a Ver\u00f4nica Antal, a \u00faltima desta longa lista dos santos e beatos, beatificada no dia 22 de setembro de 2018. Com esta \u201cadmir\u00e1vel e variegada flora\u00e7\u00e3o de santidade ser\u00e1fica\u201d, de fato, a Ordem Franciscana Secular mostra ser necess\u00e1ria para a plena express\u00e3o do nosso carisma.<\/p>\n<ol start=\"3\">\n<li><strong> Os desafios de hoje e a miss\u00e3o da Igreja<\/strong><\/li>\n<\/ol>\n<p>Muitos e complexos s\u00e3o os desafios que a Igreja precisa enfrentar hoje. Mas este nosso tempo \u00e9 certamente tamb\u00e9m um <em>kair\u00f3s<\/em>, um tempo particular de gra\u00e7a no qual \u00e9 poss\u00edvel viver uma \u201cnova etapa evangelizadora\u201d, como nos pede que fa\u00e7amos o Papa Francisco em sua Exorta\u00e7\u00e3o Apost\u00f3lica <em>Evangelii Gaudium<\/em>: \u201cEm todos os batizados, desde o primeiro ao \u00faltimo, atua a for\u00e7a santificadora do Esp\u00edrito que impele a evangelizar. [&#8230;] Em virtude do Batismo recebido, cada membro do povo de Deus tornou-se disc\u00edpulo mission\u00e1rio (cf. Mt 28, 19). Cada um dos batizados, independentemente da pr\u00f3pria fun\u00e7\u00e3o na Igreja e do grau de instru\u00e7\u00e3o da sua f\u00e9, \u00e9 um sujeito ativo de evangeliza\u00e7\u00e3o\u201d (EG 119-120). Como franciscanos nos sentimos particularmente em sintonia com este convite do Papa para viver uma Igreja em sa\u00edda, para ir rumo \u00e0s periferias geogr\u00e1ficas e existenciais deste mundo cheio de divis\u00f5es, de injusti\u00e7as e de sofrimentos. Somos chamados a contribuir para a constru\u00e7\u00e3o de uma fraternidade evang\u00e9lica universal, para trabalhar no campo do cuidado da cria\u00e7\u00e3o, da paz e da justi\u00e7a, com uma especial considera\u00e7\u00e3o pelos mais pobres e necessitados, seguindo o exemplo do ser\u00e1fico Pai Francisco, o qual \u201cmanifestou uma aten\u00e7\u00e3o particular pela cria\u00e7\u00e3o de Deus e pelos mais pobres e abandonados. [&#8230;] Nele se nota at\u00e9 que ponto s\u00e3o insepar\u00e1veis a preocupa\u00e7\u00e3o pela natureza, a justi\u00e7a para com os pobres, o empenhamento na sociedade e a paz interior\u201d (LS 10). Uma tarefa assim t\u00e3o complexa e exigente requer uma colabora\u00e7\u00e3o ativa e eficaz e uma comunh\u00e3o vis\u00edvel entre todos os membros da Fam\u00edlia Franciscana, e nesta colabora\u00e7\u00e3o parece particularmente urgente hoje a contribui\u00e7\u00e3o dos irm\u00e3os e irm\u00e3s da Ordem Franciscana Secular.<\/p>\n<ol start=\"4\">\n<li><strong> Um cuidado rec\u00edproco<\/strong><\/li>\n<\/ol>\n<p>A colabora\u00e7\u00e3o e a comunh\u00e3o entre os membros da Fam\u00edlia Franciscana, hoje mais que nunca, deve manifestar-se em um cuidado rec\u00edproco e num enriquecimento m\u00fatuo. \u201cNa Igreja-Comunh\u00e3o os estados de vida encontram-se de tal maneira interligados que s\u00e3o ordenados uns para os outros. [&#8230;] S\u00e3o modalidades, ao mesmo tempo, diferentes e complementares, de modo que cada uma delas tem uma sua fisionomia original e inconfund\u00edvel e, simultaneamente, cada uma delas se relaciona com as outras e se p\u00f5e ao seu servi\u00e7o\u201d (Jo\u00e3o Paulo II, <em>Christifidelis Laici<\/em>, n. 55).<\/p>\n<p>De fato, por uma parte a Igreja confiou aos frades da Primeira Ordem e da TOR o cuidado espiritual e pastoral da OFS, como se recorda na Regra: \u201cEm sinal concreto de comunh\u00e3o e de<\/p>\n<p>corresponsabilidade, os Conselhos, nos diversos n\u00edveis, de acordo com as Constitui\u00e7\u00f5es, solicitar\u00e3o aos Superiores das quatro Fam\u00edlias Religiosas Franciscanas, \u00e0s quais desde s\u00e9culos a Fraternidade Secular est\u00e1 ligada, religiosos id\u00f4neos e preparados para a assist\u00eancia espiritual\u201d (<em>Regra OFS <\/em>cap. III, n. 26).<\/p>\n<p>Por outra parte, os membros da OFS s\u00e3o chamados a manifestar a \u00edndole secular do carisma franciscano, que \u00e9 o que caracteriza a espiritualidade e a vida apost\u00f3lica deles, e assim, vivendo plenamente o chamado espec\u00edfico, cuidar\u00e3o por sua vez com a ora\u00e7\u00e3o e com a a\u00e7\u00e3o da voca\u00e7\u00e3o dos frades com os quais partilham o carisma.<\/p>\n<ol start=\"5\">\n<li><strong> Conclus\u00e3o<\/strong><\/li>\n<\/ol>\n<p>Queridas irm\u00e3s, queridos irm\u00e3os, nos 40 anos da aprova\u00e7\u00e3o da Regra da Ordem Franciscana Secular, convidamos todos voc\u00eas para agradecer a Deus pelo dom da nossa comum voca\u00e7\u00e3o franciscana e a renovar o zelo apost\u00f3lico para cada um viver de modo criativo a sua pr\u00f3pria miss\u00e3o.<\/p>\n<p>Da nossa parte, imploramos sobre todos voc\u00eas abundantes b\u00ean\u00e7\u00e3os divinas, por intercess\u00e3o do nosso Pai S\u00e3o Francisco e da Beata Virgem Maria, Rainha da Fam\u00edlia Franciscana.<\/p>\n<p><strong>Fr. Roberto Genuin, OFMCap<br \/>\n<\/strong>Ministro Geral<\/p>\n<p><strong>Fr. Nicholas Polichnowski, TOR<br \/>\n<\/strong>Ministro Geral<\/p>\n<p><strong>Fr. Marco Tasca, OFMConv<br \/>\n<\/strong>Ministro Geral<\/p>\n<p><strong>Fr. Michael Anthony Perry, OFM<br \/>\n<\/strong>Ministro geral<\/p>\n<p><em>Roma 23\/12\/2018<\/em><\/p>\n","protected":false},"excerpt":{"rendered":"<p>Confer\u00eancia dos Ministros Gerais da Ordem Franciscana <\/p>\n","protected":false},"author":3,"featured_media":175584,"comment_status":"open","ping_status":"open","sticky":false,"template":"","format":"standard","meta":[],"categories":[14],"tags":[47],"yoast_head":"<!-- This site is optimized with the Yoast SEO plugin v19.2 - https:\/\/yoast.com\/wordpress\/plugins\/seo\/ -->\n<title>Carta pelos 40 anos da promulga\u00e7\u00e3o da Regra da OFS - Carisma - Franciscanos<\/title>\n<meta name=\"robots\" content=\"index, follow, max-snippet:-1, max-image-preview:large, max-video-preview:-1\" \/>\n<link rel=\"canonical\" href=\"https:\/\/franciscanos.org.br\/carisma\/carta-pelos-40-anos-da-promulgacao-da-regra-da-ofs.html\" \/>\n<meta property=\"og:locale\" content=\"pt_BR\" \/>\n<meta property=\"og:type\" content=\"article\" \/>\n<meta property=\"og:title\" content=\"Carta pelos 40 anos da promulga\u00e7\u00e3o da Regra da OFS - Carisma - Franciscanos\" \/>\n<meta property=\"og:description\" content=\"Confer\u00eancia dos Ministros Gerais da Ordem Franciscana\" \/>\n<meta property=\"og:url\" content=\"https:\/\/franciscanos.org.br\/carisma\/carta-pelos-40-anos-da-promulgacao-da-regra-da-ofs.html\" \/>\n<meta property=\"og:site_name\" content=\"Carisma - Franciscanos\" \/>\n<meta property=\"article:published_time\" content=\"2019-01-18T12:39:36+00:00\" \/>\n<meta property=\"og:image\" content=\"https:\/\/franciscanos.org.br\/carisma\/wp-content\/uploads\/2019\/01\/logo_180119d.jpg\" \/>\n\t<meta property=\"og:image:width\" content=\"273\" \/>\n\t<meta property=\"og:image:height\" content=\"181\" \/>\n\t<meta property=\"og:image:type\" content=\"image\/jpeg\" \/>\n<meta name=\"author\" content=\"moacir\" \/>\n<meta name=\"twitter:card\" content=\"summary_large_image\" \/>\n<meta name=\"twitter:label1\" content=\"Escrito por\" \/>\n\t<meta name=\"twitter:data1\" content=\"moacir\" \/>\n\t<meta name=\"twitter:label2\" content=\"Est. tempo de leitura\" \/>\n\t<meta name=\"twitter:data2\" content=\"7 minutos\" \/>\n<script type=\"application\/ld+json\" class=\"yoast-schema-graph\">{\"@context\":\"https:\/\/schema.org\",\"@graph\":[{\"@type\":\"WebSite\",\"@id\":\"https:\/\/franciscanos.org.br\/carisma\/#website\",\"url\":\"https:\/\/franciscanos.org.br\/carisma\/\",\"name\":\"Carisma - Franciscanos\",\"description\":\"Prov\u00edncia Franciscana da Imaculada Concei\u00e7\u00e3o do Brasil - Ordem dos Frades Menores\",\"potentialAction\":[{\"@type\":\"SearchAction\",\"target\":{\"@type\":\"EntryPoint\",\"urlTemplate\":\"https:\/\/franciscanos.org.br\/carisma\/?s={search_term_string}\"},\"query-input\":\"required name=search_term_string\"}],\"inLanguage\":\"pt-BR\"},{\"@type\":\"ImageObject\",\"inLanguage\":\"pt-BR\",\"@id\":\"https:\/\/franciscanos.org.br\/carisma\/carta-pelos-40-anos-da-promulgacao-da-regra-da-ofs.html#primaryimage\",\"url\":\"https:\/\/franciscanos.org.br\/carisma\/wp-content\/uploads\/2019\/01\/logo_180119d.jpg\",\"contentUrl\":\"https:\/\/franciscanos.org.br\/carisma\/wp-content\/uploads\/2019\/01\/logo_180119d.jpg\",\"width\":273,\"height\":181},{\"@type\":\"WebPage\",\"@id\":\"https:\/\/franciscanos.org.br\/carisma\/carta-pelos-40-anos-da-promulgacao-da-regra-da-ofs.html#webpage\",\"url\":\"https:\/\/franciscanos.org.br\/carisma\/carta-pelos-40-anos-da-promulgacao-da-regra-da-ofs.html\",\"name\":\"Carta pelos 40 anos da promulga\u00e7\u00e3o da Regra da OFS - Carisma - Franciscanos\",\"isPartOf\":{\"@id\":\"https:\/\/franciscanos.org.br\/carisma\/#website\"},\"primaryImageOfPage\":{\"@id\":\"https:\/\/franciscanos.org.br\/carisma\/carta-pelos-40-anos-da-promulgacao-da-regra-da-ofs.html#primaryimage\"},\"datePublished\":\"2019-01-18T12:39:36+00:00\",\"dateModified\":\"2019-01-18T12:39:36+00:00\",\"author\":{\"@id\":\"https:\/\/franciscanos.org.br\/carisma\/#\/schema\/person\/bf14cae4d2151ab6b6e41d96660f93a2\"},\"breadcrumb\":{\"@id\":\"https:\/\/franciscanos.org.br\/carisma\/carta-pelos-40-anos-da-promulgacao-da-regra-da-ofs.html#breadcrumb\"},\"inLanguage\":\"pt-BR\",\"potentialAction\":[{\"@type\":\"ReadAction\",\"target\":[\"https:\/\/franciscanos.org.br\/carisma\/carta-pelos-40-anos-da-promulgacao-da-regra-da-ofs.html\"]}]},{\"@type\":\"BreadcrumbList\",\"@id\":\"https:\/\/franciscanos.org.br\/carisma\/carta-pelos-40-anos-da-promulgacao-da-regra-da-ofs.html#breadcrumb\",\"itemListElement\":[{\"@type\":\"ListItem\",\"position\":1,\"name\":\"Home\",\"item\":\"https:\/\/franciscanos.org.br\/carisma\"},{\"@type\":\"ListItem\",\"position\":2,\"name\":\"Carta pelos 40 anos da promulga\u00e7\u00e3o da Regra da OFS\"}]},{\"@type\":\"Person\",\"@id\":\"https:\/\/franciscanos.org.br\/carisma\/#\/schema\/person\/bf14cae4d2151ab6b6e41d96660f93a2\",\"name\":\"moacir\",\"image\":{\"@type\":\"ImageObject\",\"inLanguage\":\"pt-BR\",\"@id\":\"https:\/\/franciscanos.org.br\/carisma\/#\/schema\/person\/image\/\",\"url\":\"https:\/\/secure.gravatar.com\/avatar\/d08aa2ce4c8dd416d4479aa8536fcf64?s=96&d=mm&r=g\",\"contentUrl\":\"https:\/\/secure.gravatar.com\/avatar\/d08aa2ce4c8dd416d4479aa8536fcf64?s=96&d=mm&r=g\",\"caption\":\"moacir\"},\"url\":\"https:\/\/franciscanos.org.br\/carisma\/author\/moacir\"}]}<\/script>\n<!-- \/ Yoast SEO plugin. -->","yoast_head_json":{"title":"Carta pelos 40 anos da promulga\u00e7\u00e3o da Regra da OFS - Carisma - Franciscanos","robots":{"index":"index","follow":"follow","max-snippet":"max-snippet:-1","max-image-preview":"max-image-preview:large","max-video-preview":"max-video-preview:-1"},"canonical":"https:\/\/franciscanos.org.br\/carisma\/carta-pelos-40-anos-da-promulgacao-da-regra-da-ofs.html","og_locale":"pt_BR","og_type":"article","og_title":"Carta pelos 40 anos da promulga\u00e7\u00e3o da Regra da OFS - Carisma - Franciscanos","og_description":"Confer\u00eancia dos Ministros Gerais da Ordem Franciscana","og_url":"https:\/\/franciscanos.org.br\/carisma\/carta-pelos-40-anos-da-promulgacao-da-regra-da-ofs.html","og_site_name":"Carisma - Franciscanos","article_published_time":"2019-01-18T12:39:36+00:00","og_image":[{"width":273,"height":181,"url":"https:\/\/franciscanos.org.br\/carisma\/wp-content\/uploads\/2019\/01\/logo_180119d.jpg","type":"image\/jpeg"}],"author":"moacir","twitter_card":"summary_large_image","twitter_misc":{"Escrito por":"moacir","Est. tempo de leitura":"7 minutos"},"schema":{"@context":"https:\/\/schema.org","@graph":[{"@type":"WebSite","@id":"https:\/\/franciscanos.org.br\/carisma\/#website","url":"https:\/\/franciscanos.org.br\/carisma\/","name":"Carisma - Franciscanos","description":"Prov\u00edncia Franciscana da Imaculada Concei\u00e7\u00e3o do Brasil - Ordem dos Frades Menores","potentialAction":[{"@type":"SearchAction","target":{"@type":"EntryPoint","urlTemplate":"https:\/\/franciscanos.org.br\/carisma\/?s={search_term_string}"},"query-input":"required name=search_term_string"}],"inLanguage":"pt-BR"},{"@type":"ImageObject","inLanguage":"pt-BR","@id":"https:\/\/franciscanos.org.br\/carisma\/carta-pelos-40-anos-da-promulgacao-da-regra-da-ofs.html#primaryimage","url":"https:\/\/franciscanos.org.br\/carisma\/wp-content\/uploads\/2019\/01\/logo_180119d.jpg","contentUrl":"https:\/\/franciscanos.org.br\/carisma\/wp-content\/uploads\/2019\/01\/logo_180119d.jpg","width":273,"height":181},{"@type":"WebPage","@id":"https:\/\/franciscanos.org.br\/carisma\/carta-pelos-40-anos-da-promulgacao-da-regra-da-ofs.html#webpage","url":"https:\/\/franciscanos.org.br\/carisma\/carta-pelos-40-anos-da-promulgacao-da-regra-da-ofs.html","name":"Carta pelos 40 anos da promulga\u00e7\u00e3o da Regra da OFS - Carisma - Franciscanos","isPartOf":{"@id":"https:\/\/franciscanos.org.br\/carisma\/#website"},"primaryImageOfPage":{"@id":"https:\/\/franciscanos.org.br\/carisma\/carta-pelos-40-anos-da-promulgacao-da-regra-da-ofs.html#primaryimage"},"datePublished":"2019-01-18T12:39:36+00:00","dateModified":"2019-01-18T12:39:36+00:00","author":{"@id":"https:\/\/franciscanos.org.br\/carisma\/#\/schema\/person\/bf14cae4d2151ab6b6e41d96660f93a2"},"breadcrumb":{"@id":"https:\/\/franciscanos.org.br\/carisma\/carta-pelos-40-anos-da-promulgacao-da-regra-da-ofs.html#breadcrumb"},"inLanguage":"pt-BR","potentialAction":[{"@type":"ReadAction","target":["https:\/\/franciscanos.org.br\/carisma\/carta-pelos-40-anos-da-promulgacao-da-regra-da-ofs.html"]}]},{"@type":"BreadcrumbList","@id":"https:\/\/franciscanos.org.br\/carisma\/carta-pelos-40-anos-da-promulgacao-da-regra-da-ofs.html#breadcrumb","itemListElement":[{"@type":"ListItem","position":1,"name":"Home","item":"https:\/\/franciscanos.org.br\/carisma"},{"@type":"ListItem","position":2,"name":"Carta pelos 40 anos da promulga\u00e7\u00e3o da Regra da OFS"}]},{"@type":"Person","@id":"https:\/\/franciscanos.org.br\/carisma\/#\/schema\/person\/bf14cae4d2151ab6b6e41d96660f93a2","name":"moacir","image":{"@type":"ImageObject","inLanguage":"pt-BR","@id":"https:\/\/franciscanos.org.br\/carisma\/#\/schema\/person\/image\/","url":"https:\/\/secure.gravatar.com\/avatar\/d08aa2ce4c8dd416d4479aa8536fcf64?s=96&d=mm&r=g","contentUrl":"https:\/\/secure.gravatar.com\/avatar\/d08aa2ce4c8dd416d4479aa8536fcf64?s=96&d=mm&r=g","caption":"moacir"},"url":"https:\/\/franciscanos.org.br\/carisma\/author\/moacir"}]}},"_links":{"self":[{"href":"https:\/\/franciscanos.org.br\/carisma\/wp-json\/wp\/v2\/posts\/175583"}],"collection":[{"href":"https:\/\/franciscanos.org.br\/carisma\/wp-json\/wp\/v2\/posts"}],"about":[{"href":"https:\/\/franciscanos.org.br\/carisma\/wp-json\/wp\/v2\/types\/post"}],"author":[{"embeddable":true,"href":"https:\/\/franciscanos.org.br\/carisma\/wp-json\/wp\/v2\/users\/3"}],"replies":[{"embeddable":true,"href":"https:\/\/franciscanos.org.br\/carisma\/wp-json\/wp\/v2\/comments?post=175583"}],"version-history":[{"count":1,"href":"https:\/\/franciscanos.org.br\/carisma\/wp-json\/wp\/v2\/posts\/175583\/revisions"}],"predecessor-version":[{"id":175585,"href":"https:\/\/franciscanos.org.br\/carisma\/wp-json\/wp\/v2\/posts\/175583\/revisions\/175585"}],"wp:featuredmedia":[{"embeddable":true,"href":"https:\/\/franciscanos.org.br\/carisma\/wp-json\/wp\/v2\/media\/175584"}],"wp:attachment":[{"href":"https:\/\/franciscanos.org.br\/carisma\/wp-json\/wp\/v2\/media?parent=175583"}],"wp:term":[{"taxonomy":"category","embeddable":true,"href":"https:\/\/franciscanos.org.br\/carisma\/wp-json\/wp\/v2\/categories?post=175583"},{"taxonomy":"post_tag","embeddable":true,"href":"https:\/\/franciscanos.org.br\/carisma\/wp-json\/wp\/v2\/tags?post=175583"}],"curies":[{"name":"wp","href":"https:\/\/api.w.org\/{rel}","templated":true}]}}