{"id":174953,"date":"2018-10-26T11:16:08","date_gmt":"2018-10-26T14:16:08","guid":{"rendered":"http:\/\/franciscanos.org.br\/carisma\/?p=174953"},"modified":"2018-10-26T11:16:32","modified_gmt":"2018-10-26T14:16:32","slug":"oracao-da-restituicao","status":"publish","type":"post","link":"https:\/\/franciscanos.org.br\/carisma\/oracao-da-restituicao.html","title":{"rendered":"Ora\u00e7\u00e3o da restitui\u00e7\u00e3o"},"content":{"rendered":"<p><img loading=\"lazy\" class=\"alignleft  wp-image-174954\" src=\"http:\/\/franciscanos.org.br\/carisma\/wp-content\/uploads\/2018\/10\/frutos_261018.jpg\" alt=\"\" width=\"401\" height=\"575\" srcset=\"https:\/\/franciscanos.org.br\/carisma\/wp-content\/uploads\/2018\/10\/frutos_261018.jpg 573w, https:\/\/franciscanos.org.br\/carisma\/wp-content\/uploads\/2018\/10\/frutos_261018-314x450.jpg 314w, https:\/\/franciscanos.org.br\/carisma\/wp-content\/uploads\/2018\/10\/frutos_261018-150x215.jpg 150w\" sizes=\"(max-width: 401px) 100vw, 401px\" \/>Senhor Jesus, o \u00fanico Santo,<br \/>\nabra nosso cora\u00e7\u00e3o \u00e0 plenitude de teu Amor,<br \/>\ncoloca-nos no caminho das Bem-Aventuran\u00e7as,<br \/>\nd\u00e1-nos a gra\u00e7a de restituirmos ao mundo uma<br \/>\nPessoa Humana Melhor!<\/p>\n<p>Senhor Jesus, bom Mestre,<br \/>\nensina-nos o caminho a seguir neste novo tempo;<br \/>\nencha nosso cora\u00e7\u00e3o de agradecimento<br \/>\npor todo o bem que tem feito em<br \/>\nnossa fam\u00edlia, em nossas atividades e em n\u00f3s mesmos,<br \/>\nensina-nos a fazer festa, encantados por teu amor e por tuas maravilhas.<\/p>\n<p>Senhor Jesus, verdadeiro amigo,<br \/>\nd\u00e1-nos olhos penetrantes, para esquadrinhar a noite,<br \/>\nd\u00e1-nos sabedoria que nasce de tua amizade, para saber discernir o que vem de ti,<br \/>\nd\u00e1-nos valentia para testemunhar diante da humanidade,<br \/>\na beleza de seguir os valores do Evangelho.<\/p>\n<p>Senhor Jesus, nosso Irm\u00e3o,<br \/>\nvem em socorro da nossa fragilidade, para que n\u00e3o nos desanimemos nos momentos dif\u00edceis,<br \/>\nd\u00e1-nos a simplicidade da pomba, para ir entre os povos, e a ast\u00facia da serpente para n\u00e3o sermos subornados pelo mundo<br \/>\nconsumista e materialista.<\/p>\n<p>Olha-nos com amor, tamb\u00e9m quando Te esquecemos.<\/p>\n<p>Alt\u00edssimo, Onipotente e Bom Senhor,<br \/>\nTe damos gra\u00e7as porque nos pensou,criou e chamou\u00e0 inspira\u00e7\u00e3o franciscana para iluminar as nossas pr\u00e1ticas;<\/p>\n<p>te bendizemos porque mant\u00e9m vivo em n\u00f3s o prop\u00f3sito de dar um acabamento melhor ao mundo, seguindo os exemplos de Francisco de Assis.<\/p>\n<p>Te louvamos porque, como Francisco,<br \/>\nnos tem dado a gra\u00e7a de te descobrir como verdadeiro tesouro de nossa vida. A Ti o louvor, a b\u00ean\u00e7\u00e3o e toda a honra.<\/p>\n<p><strong>Am\u00e9m<\/strong><\/p>\n","protected":false},"excerpt":{"rendered":"<p>Senhor Jesus, o \u00fanico Santo, abra nosso cora\u00e7\u00e3o \u00e0 plenitude de teu Amor, coloca-nos no caminho das Bem-Aventuran\u00e7as, d\u00e1-nos a gra\u00e7a de restituirmos ao mundo uma Pessoa Humana Melhor! Senhor Jesus, bom Mestre, ensina-nos o caminho a seguir neste novo tempo; encha nosso cora\u00e7\u00e3o de agradecimento por todo o bem que tem feito em nossa [&hellip;]<\/p>\n","protected":false},"author":3,"featured_media":174955,"comment_status":"open","ping_status":"open","sticky":false,"template":"","format":"standard","meta":[],"categories":[12],"tags":[],"yoast_head":"<!-- This site is optimized with the Yoast SEO plugin v19.2 - https:\/\/yoast.com\/wordpress\/plugins\/seo\/ -->\n<title>Ora\u00e7\u00e3o da restitui\u00e7\u00e3o - Carisma - Franciscanos<\/title>\n<meta name=\"robots\" content=\"index, follow, max-snippet:-1, max-image-preview:large, max-video-preview:-1\" \/>\n<link rel=\"canonical\" href=\"https:\/\/franciscanos.org.br\/carisma\/oracao-da-restituicao.html\" \/>\n<meta property=\"og:locale\" content=\"pt_BR\" \/>\n<meta property=\"og:type\" content=\"article\" \/>\n<meta property=\"og:title\" content=\"Ora\u00e7\u00e3o da restitui\u00e7\u00e3o - Carisma - Franciscanos\" \/>\n<meta property=\"og:description\" content=\"Senhor Jesus, o \u00fanico Santo, abra nosso cora\u00e7\u00e3o \u00e0 plenitude de teu Amor, coloca-nos no caminho das Bem-Aventuran\u00e7as, d\u00e1-nos a gra\u00e7a de restituirmos ao mundo uma Pessoa Humana Melhor! Senhor Jesus, bom Mestre, ensina-nos o caminho a seguir neste novo tempo; encha nosso cora\u00e7\u00e3o de agradecimento por todo o bem que tem feito em nossa [&hellip;]\" \/>\n<meta property=\"og:url\" content=\"https:\/\/franciscanos.org.br\/carisma\/oracao-da-restituicao.html\" \/>\n<meta property=\"og:site_name\" content=\"Carisma - Franciscanos\" \/>\n<meta property=\"article:published_time\" content=\"2018-10-26T14:16:08+00:00\" \/>\n<meta property=\"article:modified_time\" content=\"2018-10-26T14:16:32+00:00\" \/>\n<meta property=\"og:image\" content=\"https:\/\/franciscanos.org.br\/carisma\/wp-content\/uploads\/2018\/10\/frutos_261018p.jpg\" \/>\n\t<meta property=\"og:image:width\" content=\"332\" \/>\n\t<meta property=\"og:image:height\" content=\"233\" \/>\n\t<meta property=\"og:image:type\" content=\"image\/jpeg\" \/>\n<meta name=\"author\" content=\"moacir\" \/>\n<meta name=\"twitter:card\" content=\"summary_large_image\" \/>\n<meta name=\"twitter:label1\" content=\"Escrito por\" \/>\n\t<meta name=\"twitter:data1\" content=\"moacir\" \/>\n\t<meta name=\"twitter:label2\" content=\"Est. tempo de leitura\" \/>\n\t<meta name=\"twitter:data2\" content=\"1 minuto\" \/>\n<script type=\"application\/ld+json\" class=\"yoast-schema-graph\">{\"@context\":\"https:\/\/schema.org\",\"@graph\":[{\"@type\":\"WebSite\",\"@id\":\"https:\/\/franciscanos.org.br\/carisma\/#website\",\"url\":\"https:\/\/franciscanos.org.br\/carisma\/\",\"name\":\"Carisma - Franciscanos\",\"description\":\"Prov\u00edncia Franciscana da Imaculada Concei\u00e7\u00e3o do Brasil - Ordem dos Frades Menores\",\"potentialAction\":[{\"@type\":\"SearchAction\",\"target\":{\"@type\":\"EntryPoint\",\"urlTemplate\":\"https:\/\/franciscanos.org.br\/carisma\/?s={search_term_string}\"},\"query-input\":\"required name=search_term_string\"}],\"inLanguage\":\"pt-BR\"},{\"@type\":\"ImageObject\",\"inLanguage\":\"pt-BR\",\"@id\":\"https:\/\/franciscanos.org.br\/carisma\/oracao-da-restituicao.html#primaryimage\",\"url\":\"https:\/\/franciscanos.org.br\/carisma\/wp-content\/uploads\/2018\/10\/frutos_261018p.jpg\",\"contentUrl\":\"https:\/\/franciscanos.org.br\/carisma\/wp-content\/uploads\/2018\/10\/frutos_261018p.jpg\",\"width\":332,\"height\":233},{\"@type\":\"WebPage\",\"@id\":\"https:\/\/franciscanos.org.br\/carisma\/oracao-da-restituicao.html#webpage\",\"url\":\"https:\/\/franciscanos.org.br\/carisma\/oracao-da-restituicao.html\",\"name\":\"Ora\u00e7\u00e3o da restitui\u00e7\u00e3o - Carisma - Franciscanos\",\"isPartOf\":{\"@id\":\"https:\/\/franciscanos.org.br\/carisma\/#website\"},\"primaryImageOfPage\":{\"@id\":\"https:\/\/franciscanos.org.br\/carisma\/oracao-da-restituicao.html#primaryimage\"},\"datePublished\":\"2018-10-26T14:16:08+00:00\",\"dateModified\":\"2018-10-26T14:16:32+00:00\",\"author\":{\"@id\":\"https:\/\/franciscanos.org.br\/carisma\/#\/schema\/person\/bf14cae4d2151ab6b6e41d96660f93a2\"},\"breadcrumb\":{\"@id\":\"https:\/\/franciscanos.org.br\/carisma\/oracao-da-restituicao.html#breadcrumb\"},\"inLanguage\":\"pt-BR\",\"potentialAction\":[{\"@type\":\"ReadAction\",\"target\":[\"https:\/\/franciscanos.org.br\/carisma\/oracao-da-restituicao.html\"]}]},{\"@type\":\"BreadcrumbList\",\"@id\":\"https:\/\/franciscanos.org.br\/carisma\/oracao-da-restituicao.html#breadcrumb\",\"itemListElement\":[{\"@type\":\"ListItem\",\"position\":1,\"name\":\"Home\",\"item\":\"https:\/\/franciscanos.org.br\/carisma\"},{\"@type\":\"ListItem\",\"position\":2,\"name\":\"Ora\u00e7\u00e3o da restitui\u00e7\u00e3o\"}]},{\"@type\":\"Person\",\"@id\":\"https:\/\/franciscanos.org.br\/carisma\/#\/schema\/person\/bf14cae4d2151ab6b6e41d96660f93a2\",\"name\":\"moacir\",\"image\":{\"@type\":\"ImageObject\",\"inLanguage\":\"pt-BR\",\"@id\":\"https:\/\/franciscanos.org.br\/carisma\/#\/schema\/person\/image\/\",\"url\":\"https:\/\/secure.gravatar.com\/avatar\/d08aa2ce4c8dd416d4479aa8536fcf64?s=96&d=mm&r=g\",\"contentUrl\":\"https:\/\/secure.gravatar.com\/avatar\/d08aa2ce4c8dd416d4479aa8536fcf64?s=96&d=mm&r=g\",\"caption\":\"moacir\"},\"url\":\"https:\/\/franciscanos.org.br\/carisma\/author\/moacir\"}]}<\/script>\n<!-- \/ Yoast SEO plugin. -->","yoast_head_json":{"title":"Ora\u00e7\u00e3o da restitui\u00e7\u00e3o - Carisma - Franciscanos","robots":{"index":"index","follow":"follow","max-snippet":"max-snippet:-1","max-image-preview":"max-image-preview:large","max-video-preview":"max-video-preview:-1"},"canonical":"https:\/\/franciscanos.org.br\/carisma\/oracao-da-restituicao.html","og_locale":"pt_BR","og_type":"article","og_title":"Ora\u00e7\u00e3o da restitui\u00e7\u00e3o - Carisma - Franciscanos","og_description":"Senhor Jesus, o \u00fanico Santo, abra nosso cora\u00e7\u00e3o \u00e0 plenitude de teu Amor, coloca-nos no caminho das Bem-Aventuran\u00e7as, d\u00e1-nos a gra\u00e7a de restituirmos ao mundo uma Pessoa Humana Melhor! Senhor Jesus, bom Mestre, ensina-nos o caminho a seguir neste novo tempo; encha nosso cora\u00e7\u00e3o de agradecimento por todo o bem que tem feito em nossa [&hellip;]","og_url":"https:\/\/franciscanos.org.br\/carisma\/oracao-da-restituicao.html","og_site_name":"Carisma - Franciscanos","article_published_time":"2018-10-26T14:16:08+00:00","article_modified_time":"2018-10-26T14:16:32+00:00","og_image":[{"width":332,"height":233,"url":"https:\/\/franciscanos.org.br\/carisma\/wp-content\/uploads\/2018\/10\/frutos_261018p.jpg","type":"image\/jpeg"}],"author":"moacir","twitter_card":"summary_large_image","twitter_misc":{"Escrito por":"moacir","Est. tempo de leitura":"1 minuto"},"schema":{"@context":"https:\/\/schema.org","@graph":[{"@type":"WebSite","@id":"https:\/\/franciscanos.org.br\/carisma\/#website","url":"https:\/\/franciscanos.org.br\/carisma\/","name":"Carisma - Franciscanos","description":"Prov\u00edncia Franciscana da Imaculada Concei\u00e7\u00e3o do Brasil - Ordem dos Frades Menores","potentialAction":[{"@type":"SearchAction","target":{"@type":"EntryPoint","urlTemplate":"https:\/\/franciscanos.org.br\/carisma\/?s={search_term_string}"},"query-input":"required name=search_term_string"}],"inLanguage":"pt-BR"},{"@type":"ImageObject","inLanguage":"pt-BR","@id":"https:\/\/franciscanos.org.br\/carisma\/oracao-da-restituicao.html#primaryimage","url":"https:\/\/franciscanos.org.br\/carisma\/wp-content\/uploads\/2018\/10\/frutos_261018p.jpg","contentUrl":"https:\/\/franciscanos.org.br\/carisma\/wp-content\/uploads\/2018\/10\/frutos_261018p.jpg","width":332,"height":233},{"@type":"WebPage","@id":"https:\/\/franciscanos.org.br\/carisma\/oracao-da-restituicao.html#webpage","url":"https:\/\/franciscanos.org.br\/carisma\/oracao-da-restituicao.html","name":"Ora\u00e7\u00e3o da restitui\u00e7\u00e3o - Carisma - Franciscanos","isPartOf":{"@id":"https:\/\/franciscanos.org.br\/carisma\/#website"},"primaryImageOfPage":{"@id":"https:\/\/franciscanos.org.br\/carisma\/oracao-da-restituicao.html#primaryimage"},"datePublished":"2018-10-26T14:16:08+00:00","dateModified":"2018-10-26T14:16:32+00:00","author":{"@id":"https:\/\/franciscanos.org.br\/carisma\/#\/schema\/person\/bf14cae4d2151ab6b6e41d96660f93a2"},"breadcrumb":{"@id":"https:\/\/franciscanos.org.br\/carisma\/oracao-da-restituicao.html#breadcrumb"},"inLanguage":"pt-BR","potentialAction":[{"@type":"ReadAction","target":["https:\/\/franciscanos.org.br\/carisma\/oracao-da-restituicao.html"]}]},{"@type":"BreadcrumbList","@id":"https:\/\/franciscanos.org.br\/carisma\/oracao-da-restituicao.html#breadcrumb","itemListElement":[{"@type":"ListItem","position":1,"name":"Home","item":"https:\/\/franciscanos.org.br\/carisma"},{"@type":"ListItem","position":2,"name":"Ora\u00e7\u00e3o da restitui\u00e7\u00e3o"}]},{"@type":"Person","@id":"https:\/\/franciscanos.org.br\/carisma\/#\/schema\/person\/bf14cae4d2151ab6b6e41d96660f93a2","name":"moacir","image":{"@type":"ImageObject","inLanguage":"pt-BR","@id":"https:\/\/franciscanos.org.br\/carisma\/#\/schema\/person\/image\/","url":"https:\/\/secure.gravatar.com\/avatar\/d08aa2ce4c8dd416d4479aa8536fcf64?s=96&d=mm&r=g","contentUrl":"https:\/\/secure.gravatar.com\/avatar\/d08aa2ce4c8dd416d4479aa8536fcf64?s=96&d=mm&r=g","caption":"moacir"},"url":"https:\/\/franciscanos.org.br\/carisma\/author\/moacir"}]}},"_links":{"self":[{"href":"https:\/\/franciscanos.org.br\/carisma\/wp-json\/wp\/v2\/posts\/174953"}],"collection":[{"href":"https:\/\/franciscanos.org.br\/carisma\/wp-json\/wp\/v2\/posts"}],"about":[{"href":"https:\/\/franciscanos.org.br\/carisma\/wp-json\/wp\/v2\/types\/post"}],"author":[{"embeddable":true,"href":"https:\/\/franciscanos.org.br\/carisma\/wp-json\/wp\/v2\/users\/3"}],"replies":[{"embeddable":true,"href":"https:\/\/franciscanos.org.br\/carisma\/wp-json\/wp\/v2\/comments?post=174953"}],"version-history":[{"count":0,"href":"https:\/\/franciscanos.org.br\/carisma\/wp-json\/wp\/v2\/posts\/174953\/revisions"}],"wp:featuredmedia":[{"embeddable":true,"href":"https:\/\/franciscanos.org.br\/carisma\/wp-json\/wp\/v2\/media\/174955"}],"wp:attachment":[{"href":"https:\/\/franciscanos.org.br\/carisma\/wp-json\/wp\/v2\/media?parent=174953"}],"wp:term":[{"taxonomy":"category","embeddable":true,"href":"https:\/\/franciscanos.org.br\/carisma\/wp-json\/wp\/v2\/categories?post=174953"},{"taxonomy":"post_tag","embeddable":true,"href":"https:\/\/franciscanos.org.br\/carisma\/wp-json\/wp\/v2\/tags?post=174953"}],"curies":[{"name":"wp","href":"https:\/\/api.w.org\/{rel}","templated":true}]}}