{"id":174940,"date":"2018-10-26T10:52:35","date_gmt":"2018-10-26T13:52:35","guid":{"rendered":"http:\/\/franciscanos.org.br\/carisma\/?p=174940"},"modified":"2026-04-25T09:55:37","modified_gmt":"2026-04-25T12:55:37","slug":"oracao-de-sao-francisco","status":"publish","type":"post","link":"https:\/\/franciscanos.org.br\/carisma\/oracao-de-sao-francisco.html","title":{"rendered":"Ora\u00e7\u00e3o de S\u00e3o Francisco"},"content":{"rendered":"<p><img loading=\"lazy\" class=\"alignleft wp-image-174941\" src=\"http:\/\/franciscanos.org.br\/carisma\/wp-content\/uploads\/2018\/10\/franciscoora_261018.jpg\" alt=\"\" width=\"290\" height=\"515\" srcset=\"https:\/\/franciscanos.org.br\/carisma\/wp-content\/uploads\/2018\/10\/franciscoora_261018.jpg 394w, https:\/\/franciscanos.org.br\/carisma\/wp-content\/uploads\/2018\/10\/franciscoora_261018-253x450.jpg 253w, https:\/\/franciscanos.org.br\/carisma\/wp-content\/uploads\/2018\/10\/franciscoora_261018-150x266.jpg 150w\" sizes=\"(max-width: 290px) 100vw, 290px\" \/>Senhor,<br \/>\nFazei de mim um instrumento de vossa Paz.<br \/>\nOnde houver \u00d3dio, que eu leve o Amor,<br \/>\nOnde houver Ofensa, que eu leve o Perd\u00e3o.<br \/>\nOnde houver Disc\u00f3rdia, que eu leve a Uni\u00e3o.<br \/>\nOnde houver D\u00favida, que eu leve a F\u00e9.<br \/>\nOnde houver Erro, que eu leve a Verdade.<br \/>\nOnde houver Desespero, que eu leve a Esperan\u00e7a.<br \/>\nOnde houver Tristeza, que eu leve a Alegria.<br \/>\nOnde houver Trevas, que eu leve a Luz!<\/p>\n<p>\u00d3 Mestre,<br \/>\nfazei que eu procure mais:<br \/>\nconsolar, que ser consolado;<br \/>\ncompreender, que ser compreendido;<br \/>\namar, que ser amado.<br \/>\nPois \u00e9 dando, que se recebe.<br \/>\nPerdoando, que se \u00e9 perdoado e<br \/>\n\u00e9 morrendo, que se vive para a vida eterna!<\/p>\n<p><em>Am\u00e9m<\/em><\/p>\n<p>&nbsp;<\/p>\n<hr \/>\n<h2 style=\"text-align: center;\">VEJA TAMB\u00c9M:<\/h2>\n<p><iframe loading=\"lazy\" title=\"YouTube video player\" src=\"https:\/\/www.youtube.com\/embed\/OEvC6-Bi3kk?si=Gjf24IT-_0vVUZPH\" width=\"100%\" height=\"480\" frameborder=\"0\" allowfullscreen=\"allowfullscreen\"><span data-mce-type=\"bookmark\" style=\"display: inline-block; width: 0px; overflow: hidden; line-height: 0;\" class=\"mce_SELRES_start\">\ufeff<\/span><\/iframe><\/p>\n","protected":false},"excerpt":{"rendered":"<p>Senhor, Fazei de mim um instrumento de vossa Paz. Onde houver \u00d3dio, que eu leve o Amor, Onde houver Ofensa, que eu leve o Perd\u00e3o. Onde houver Disc\u00f3rdia, que eu leve a Uni\u00e3o. Onde houver D\u00favida, que eu leve a F\u00e9. Onde houver Erro, que eu leve a Verdade. Onde houver Desespero, que eu leve [&hellip;]<\/p>\n","protected":false},"author":3,"featured_media":174942,"comment_status":"open","ping_status":"open","sticky":false,"template":"","format":"standard","meta":[],"categories":[12],"tags":[115,68],"yoast_head":"<!-- This site is optimized with the Yoast SEO plugin v19.2 - https:\/\/yoast.com\/wordpress\/plugins\/seo\/ -->\n<title>Ora\u00e7\u00e3o de S\u00e3o Francisco - Carisma - Franciscanos<\/title>\n<meta name=\"robots\" content=\"index, follow, max-snippet:-1, max-image-preview:large, max-video-preview:-1\" \/>\n<link rel=\"canonical\" href=\"https:\/\/franciscanos.org.br\/carisma\/oracao-de-sao-francisco.html\" \/>\n<meta property=\"og:locale\" content=\"pt_BR\" \/>\n<meta property=\"og:type\" content=\"article\" \/>\n<meta property=\"og:title\" content=\"Ora\u00e7\u00e3o de S\u00e3o Francisco - Carisma - Franciscanos\" \/>\n<meta property=\"og:description\" content=\"Senhor, Fazei de mim um instrumento de vossa Paz. Onde houver \u00d3dio, que eu leve o Amor, Onde houver Ofensa, que eu leve o Perd\u00e3o. Onde houver Disc\u00f3rdia, que eu leve a Uni\u00e3o. Onde houver D\u00favida, que eu leve a F\u00e9. Onde houver Erro, que eu leve a Verdade. Onde houver Desespero, que eu leve [&hellip;]\" \/>\n<meta property=\"og:url\" content=\"https:\/\/franciscanos.org.br\/carisma\/oracao-de-sao-francisco.html\" \/>\n<meta property=\"og:site_name\" content=\"Carisma - Franciscanos\" \/>\n<meta property=\"article:published_time\" content=\"2018-10-26T13:52:35+00:00\" \/>\n<meta property=\"article:modified_time\" content=\"2026-04-25T12:55:37+00:00\" \/>\n<meta property=\"og:image\" content=\"https:\/\/franciscanos.org.br\/carisma\/wp-content\/uploads\/2018\/10\/franciscoora_261018p.jpg\" \/>\n\t<meta property=\"og:image:width\" content=\"332\" \/>\n\t<meta property=\"og:image:height\" content=\"233\" \/>\n\t<meta property=\"og:image:type\" content=\"image\/jpeg\" \/>\n<meta name=\"author\" content=\"moacir\" \/>\n<meta name=\"twitter:card\" content=\"summary_large_image\" \/>\n<meta name=\"twitter:label1\" content=\"Escrito por\" \/>\n\t<meta name=\"twitter:data1\" content=\"moacir\" \/>\n\t<meta name=\"twitter:label2\" content=\"Est. tempo de leitura\" \/>\n\t<meta name=\"twitter:data2\" content=\"1 minuto\" \/>\n<script type=\"application\/ld+json\" class=\"yoast-schema-graph\">{\"@context\":\"https:\/\/schema.org\",\"@graph\":[{\"@type\":\"WebSite\",\"@id\":\"https:\/\/franciscanos.org.br\/carisma\/#website\",\"url\":\"https:\/\/franciscanos.org.br\/carisma\/\",\"name\":\"Carisma - Franciscanos\",\"description\":\"Prov\u00edncia Franciscana da Imaculada Concei\u00e7\u00e3o do Brasil - Ordem dos Frades Menores\",\"potentialAction\":[{\"@type\":\"SearchAction\",\"target\":{\"@type\":\"EntryPoint\",\"urlTemplate\":\"https:\/\/franciscanos.org.br\/carisma\/?s={search_term_string}\"},\"query-input\":\"required name=search_term_string\"}],\"inLanguage\":\"pt-BR\"},{\"@type\":\"ImageObject\",\"inLanguage\":\"pt-BR\",\"@id\":\"https:\/\/franciscanos.org.br\/carisma\/oracao-de-sao-francisco.html#primaryimage\",\"url\":\"https:\/\/franciscanos.org.br\/carisma\/wp-content\/uploads\/2018\/10\/franciscoora_261018p.jpg\",\"contentUrl\":\"https:\/\/franciscanos.org.br\/carisma\/wp-content\/uploads\/2018\/10\/franciscoora_261018p.jpg\",\"width\":332,\"height\":233},{\"@type\":\"WebPage\",\"@id\":\"https:\/\/franciscanos.org.br\/carisma\/oracao-de-sao-francisco.html#webpage\",\"url\":\"https:\/\/franciscanos.org.br\/carisma\/oracao-de-sao-francisco.html\",\"name\":\"Ora\u00e7\u00e3o de S\u00e3o Francisco - Carisma - Franciscanos\",\"isPartOf\":{\"@id\":\"https:\/\/franciscanos.org.br\/carisma\/#website\"},\"primaryImageOfPage\":{\"@id\":\"https:\/\/franciscanos.org.br\/carisma\/oracao-de-sao-francisco.html#primaryimage\"},\"datePublished\":\"2018-10-26T13:52:35+00:00\",\"dateModified\":\"2026-04-25T12:55:37+00:00\",\"author\":{\"@id\":\"https:\/\/franciscanos.org.br\/carisma\/#\/schema\/person\/bf14cae4d2151ab6b6e41d96660f93a2\"},\"breadcrumb\":{\"@id\":\"https:\/\/franciscanos.org.br\/carisma\/oracao-de-sao-francisco.html#breadcrumb\"},\"inLanguage\":\"pt-BR\",\"potentialAction\":[{\"@type\":\"ReadAction\",\"target\":[\"https:\/\/franciscanos.org.br\/carisma\/oracao-de-sao-francisco.html\"]}]},{\"@type\":\"BreadcrumbList\",\"@id\":\"https:\/\/franciscanos.org.br\/carisma\/oracao-de-sao-francisco.html#breadcrumb\",\"itemListElement\":[{\"@type\":\"ListItem\",\"position\":1,\"name\":\"Home\",\"item\":\"https:\/\/franciscanos.org.br\/carisma\"},{\"@type\":\"ListItem\",\"position\":2,\"name\":\"Ora\u00e7\u00e3o de S\u00e3o Francisco\"}]},{\"@type\":\"Person\",\"@id\":\"https:\/\/franciscanos.org.br\/carisma\/#\/schema\/person\/bf14cae4d2151ab6b6e41d96660f93a2\",\"name\":\"moacir\",\"image\":{\"@type\":\"ImageObject\",\"inLanguage\":\"pt-BR\",\"@id\":\"https:\/\/franciscanos.org.br\/carisma\/#\/schema\/person\/image\/\",\"url\":\"https:\/\/secure.gravatar.com\/avatar\/d08aa2ce4c8dd416d4479aa8536fcf64?s=96&d=mm&r=g\",\"contentUrl\":\"https:\/\/secure.gravatar.com\/avatar\/d08aa2ce4c8dd416d4479aa8536fcf64?s=96&d=mm&r=g\",\"caption\":\"moacir\"},\"url\":\"https:\/\/franciscanos.org.br\/carisma\/author\/moacir\"}]}<\/script>\n<!-- \/ Yoast SEO plugin. -->","yoast_head_json":{"title":"Ora\u00e7\u00e3o de S\u00e3o Francisco - Carisma - Franciscanos","robots":{"index":"index","follow":"follow","max-snippet":"max-snippet:-1","max-image-preview":"max-image-preview:large","max-video-preview":"max-video-preview:-1"},"canonical":"https:\/\/franciscanos.org.br\/carisma\/oracao-de-sao-francisco.html","og_locale":"pt_BR","og_type":"article","og_title":"Ora\u00e7\u00e3o de S\u00e3o Francisco - Carisma - Franciscanos","og_description":"Senhor, Fazei de mim um instrumento de vossa Paz. Onde houver \u00d3dio, que eu leve o Amor, Onde houver Ofensa, que eu leve o Perd\u00e3o. Onde houver Disc\u00f3rdia, que eu leve a Uni\u00e3o. Onde houver D\u00favida, que eu leve a F\u00e9. Onde houver Erro, que eu leve a Verdade. Onde houver Desespero, que eu leve [&hellip;]","og_url":"https:\/\/franciscanos.org.br\/carisma\/oracao-de-sao-francisco.html","og_site_name":"Carisma - Franciscanos","article_published_time":"2018-10-26T13:52:35+00:00","article_modified_time":"2026-04-25T12:55:37+00:00","og_image":[{"width":332,"height":233,"url":"https:\/\/franciscanos.org.br\/carisma\/wp-content\/uploads\/2018\/10\/franciscoora_261018p.jpg","type":"image\/jpeg"}],"author":"moacir","twitter_card":"summary_large_image","twitter_misc":{"Escrito por":"moacir","Est. tempo de leitura":"1 minuto"},"schema":{"@context":"https:\/\/schema.org","@graph":[{"@type":"WebSite","@id":"https:\/\/franciscanos.org.br\/carisma\/#website","url":"https:\/\/franciscanos.org.br\/carisma\/","name":"Carisma - Franciscanos","description":"Prov\u00edncia Franciscana da Imaculada Concei\u00e7\u00e3o do Brasil - Ordem dos Frades Menores","potentialAction":[{"@type":"SearchAction","target":{"@type":"EntryPoint","urlTemplate":"https:\/\/franciscanos.org.br\/carisma\/?s={search_term_string}"},"query-input":"required name=search_term_string"}],"inLanguage":"pt-BR"},{"@type":"ImageObject","inLanguage":"pt-BR","@id":"https:\/\/franciscanos.org.br\/carisma\/oracao-de-sao-francisco.html#primaryimage","url":"https:\/\/franciscanos.org.br\/carisma\/wp-content\/uploads\/2018\/10\/franciscoora_261018p.jpg","contentUrl":"https:\/\/franciscanos.org.br\/carisma\/wp-content\/uploads\/2018\/10\/franciscoora_261018p.jpg","width":332,"height":233},{"@type":"WebPage","@id":"https:\/\/franciscanos.org.br\/carisma\/oracao-de-sao-francisco.html#webpage","url":"https:\/\/franciscanos.org.br\/carisma\/oracao-de-sao-francisco.html","name":"Ora\u00e7\u00e3o de S\u00e3o Francisco - Carisma - Franciscanos","isPartOf":{"@id":"https:\/\/franciscanos.org.br\/carisma\/#website"},"primaryImageOfPage":{"@id":"https:\/\/franciscanos.org.br\/carisma\/oracao-de-sao-francisco.html#primaryimage"},"datePublished":"2018-10-26T13:52:35+00:00","dateModified":"2026-04-25T12:55:37+00:00","author":{"@id":"https:\/\/franciscanos.org.br\/carisma\/#\/schema\/person\/bf14cae4d2151ab6b6e41d96660f93a2"},"breadcrumb":{"@id":"https:\/\/franciscanos.org.br\/carisma\/oracao-de-sao-francisco.html#breadcrumb"},"inLanguage":"pt-BR","potentialAction":[{"@type":"ReadAction","target":["https:\/\/franciscanos.org.br\/carisma\/oracao-de-sao-francisco.html"]}]},{"@type":"BreadcrumbList","@id":"https:\/\/franciscanos.org.br\/carisma\/oracao-de-sao-francisco.html#breadcrumb","itemListElement":[{"@type":"ListItem","position":1,"name":"Home","item":"https:\/\/franciscanos.org.br\/carisma"},{"@type":"ListItem","position":2,"name":"Ora\u00e7\u00e3o de S\u00e3o Francisco"}]},{"@type":"Person","@id":"https:\/\/franciscanos.org.br\/carisma\/#\/schema\/person\/bf14cae4d2151ab6b6e41d96660f93a2","name":"moacir","image":{"@type":"ImageObject","inLanguage":"pt-BR","@id":"https:\/\/franciscanos.org.br\/carisma\/#\/schema\/person\/image\/","url":"https:\/\/secure.gravatar.com\/avatar\/d08aa2ce4c8dd416d4479aa8536fcf64?s=96&d=mm&r=g","contentUrl":"https:\/\/secure.gravatar.com\/avatar\/d08aa2ce4c8dd416d4479aa8536fcf64?s=96&d=mm&r=g","caption":"moacir"},"url":"https:\/\/franciscanos.org.br\/carisma\/author\/moacir"}]}},"_links":{"self":[{"href":"https:\/\/franciscanos.org.br\/carisma\/wp-json\/wp\/v2\/posts\/174940"}],"collection":[{"href":"https:\/\/franciscanos.org.br\/carisma\/wp-json\/wp\/v2\/posts"}],"about":[{"href":"https:\/\/franciscanos.org.br\/carisma\/wp-json\/wp\/v2\/types\/post"}],"author":[{"embeddable":true,"href":"https:\/\/franciscanos.org.br\/carisma\/wp-json\/wp\/v2\/users\/3"}],"replies":[{"embeddable":true,"href":"https:\/\/franciscanos.org.br\/carisma\/wp-json\/wp\/v2\/comments?post=174940"}],"version-history":[{"count":25,"href":"https:\/\/franciscanos.org.br\/carisma\/wp-json\/wp\/v2\/posts\/174940\/revisions"}],"predecessor-version":[{"id":178422,"href":"https:\/\/franciscanos.org.br\/carisma\/wp-json\/wp\/v2\/posts\/174940\/revisions\/178422"}],"wp:featuredmedia":[{"embeddable":true,"href":"https:\/\/franciscanos.org.br\/carisma\/wp-json\/wp\/v2\/media\/174942"}],"wp:attachment":[{"href":"https:\/\/franciscanos.org.br\/carisma\/wp-json\/wp\/v2\/media?parent=174940"}],"wp:term":[{"taxonomy":"category","embeddable":true,"href":"https:\/\/franciscanos.org.br\/carisma\/wp-json\/wp\/v2\/categories?post=174940"},{"taxonomy":"post_tag","embeddable":true,"href":"https:\/\/franciscanos.org.br\/carisma\/wp-json\/wp\/v2\/tags?post=174940"}],"curies":[{"name":"wp","href":"https:\/\/api.w.org\/{rel}","templated":true}]}}