{"id":174930,"date":"2018-10-26T09:14:41","date_gmt":"2018-10-26T12:14:41","guid":{"rendered":"http:\/\/franciscanos.org.br\/carisma\/?p=174930"},"modified":"2018-10-26T10:26:23","modified_gmt":"2018-10-26T13:26:23","slug":"louvores-a-deus","status":"publish","type":"post","link":"https:\/\/franciscanos.org.br\/carisma\/louvores-a-deus.html","title":{"rendered":"Louvores a Deus"},"content":{"rendered":"<p><img loading=\"lazy\" class=\"alignleft  wp-image-174931\" src=\"http:\/\/franciscanos.org.br\/carisma\/wp-content\/uploads\/2018\/10\/louvor_261018.jpg\" alt=\"\" width=\"205\" height=\"317\" srcset=\"https:\/\/franciscanos.org.br\/carisma\/wp-content\/uploads\/2018\/10\/louvor_261018.jpg 413w, https:\/\/franciscanos.org.br\/carisma\/wp-content\/uploads\/2018\/10\/louvor_261018-291x450.jpg 291w, https:\/\/franciscanos.org.br\/carisma\/wp-content\/uploads\/2018\/10\/louvor_261018-150x232.jpg 150w\" sizes=\"(max-width: 205px) 100vw, 205px\" \/>V\u00f3s sois o santo,\u00a0 Senhor Deus \u00fanico, que fazeis maravilhas.<br \/>\nV\u00f3s sois o Forte, V\u00f3s sois Grande,\u00a0V\u00f3s sois o Alt\u00edssimo, V\u00f3s sois o Rei onipotente, v\u00f3s, \u00f3 Pai santo, o Rei do c\u00e9u e da terra.<br \/>\nV\u00f3s sois o Trino e Uno, Senhor\u00a0 Deus dos deuses, v\u00f3s sois o Bem, todo o bem, o sumo bem, Senhor\u00a0Deus vivo e verdadeiro.<br \/>\nV\u00f3s sois amor, caridade; vois\u00a0sois a Sabedoria, v\u00f3s sois a Humildade; v\u00f3s sois a Paci\u00eancia, v\u00f3s sois beleza, v\u00f3s sois mansid\u00e3o, v\u00f3s sois seguran\u00e7a, v\u00f3s sois quietude, v\u00f3s sois regozijo, v\u00f3s sois esperan\u00e7a e alegria, v\u00f3s sois justi\u00e7a, v\u00f3s sois temperan\u00e7a, v\u00f3s sois toda nossa riqueza at\u00e9 \u00e0 saciedade.<br \/>\nV\u00f3s sois beleza, v\u00f3s sois mansid\u00e3o, v\u00f3s sois protetor, v\u00f3s sois guarda e defensor nosso; v\u00f3s sois fortaleza, v\u00f3s sois refrig\u00e9rio.<br \/>\nV\u00f3s sois nossa esperan\u00e7a, v\u00f3s sois nossa f\u00e9, v\u00f3s sois nossa caridade, v\u00f3s sois toda a nossa do\u00e7ura, v\u00f3s sois nossa vida eterna: grande e admir\u00e1vel Senhor, Deus onipotente, misericordioso Salvador.<\/p>\n<p><em>S\u00e3o Francisco de Assis<\/em><\/p>\n","protected":false},"excerpt":{"rendered":"<p>V\u00f3s sois o santo,\u00a0 Senhor Deus \u00fanico, que fazeis maravilhas. V\u00f3s sois o Forte, V\u00f3s sois Grande,\u00a0V\u00f3s sois o Alt\u00edssimo, V\u00f3s sois o Rei onipotente, v\u00f3s, \u00f3 Pai santo, o Rei do c\u00e9u e da terra. V\u00f3s sois o Trino e Uno, Senhor\u00a0 Deus dos deuses, v\u00f3s sois o Bem, todo o bem, o sumo [&hellip;]<\/p>\n","protected":false},"author":3,"featured_media":174932,"comment_status":"open","ping_status":"open","sticky":false,"template":"","format":"standard","meta":[],"categories":[12],"tags":[],"yoast_head":"<!-- This site is optimized with the Yoast SEO plugin v19.2 - https:\/\/yoast.com\/wordpress\/plugins\/seo\/ -->\n<title>Louvores a Deus - Carisma - Franciscanos<\/title>\n<meta name=\"robots\" content=\"index, follow, max-snippet:-1, max-image-preview:large, max-video-preview:-1\" \/>\n<link rel=\"canonical\" href=\"https:\/\/franciscanos.org.br\/carisma\/louvores-a-deus.html\" \/>\n<meta property=\"og:locale\" content=\"pt_BR\" \/>\n<meta property=\"og:type\" content=\"article\" \/>\n<meta property=\"og:title\" content=\"Louvores a Deus - Carisma - Franciscanos\" \/>\n<meta property=\"og:description\" content=\"V\u00f3s sois o santo,\u00a0 Senhor Deus \u00fanico, que fazeis maravilhas. V\u00f3s sois o Forte, V\u00f3s sois Grande,\u00a0V\u00f3s sois o Alt\u00edssimo, V\u00f3s sois o Rei onipotente, v\u00f3s, \u00f3 Pai santo, o Rei do c\u00e9u e da terra. V\u00f3s sois o Trino e Uno, Senhor\u00a0 Deus dos deuses, v\u00f3s sois o Bem, todo o bem, o sumo [&hellip;]\" \/>\n<meta property=\"og:url\" content=\"https:\/\/franciscanos.org.br\/carisma\/louvores-a-deus.html\" \/>\n<meta property=\"og:site_name\" content=\"Carisma - Franciscanos\" \/>\n<meta property=\"article:published_time\" content=\"2018-10-26T12:14:41+00:00\" \/>\n<meta property=\"article:modified_time\" content=\"2018-10-26T13:26:23+00:00\" \/>\n<meta property=\"og:image\" content=\"https:\/\/franciscanos.org.br\/carisma\/wp-content\/uploads\/2018\/10\/louvor_261018p.jpg\" \/>\n\t<meta property=\"og:image:width\" content=\"332\" \/>\n\t<meta property=\"og:image:height\" content=\"233\" \/>\n\t<meta property=\"og:image:type\" content=\"image\/jpeg\" \/>\n<meta name=\"author\" content=\"moacir\" \/>\n<meta name=\"twitter:card\" content=\"summary_large_image\" \/>\n<meta name=\"twitter:label1\" content=\"Escrito por\" \/>\n\t<meta name=\"twitter:data1\" content=\"moacir\" \/>\n\t<meta name=\"twitter:label2\" content=\"Est. tempo de leitura\" \/>\n\t<meta name=\"twitter:data2\" content=\"1 minuto\" \/>\n<script type=\"application\/ld+json\" class=\"yoast-schema-graph\">{\"@context\":\"https:\/\/schema.org\",\"@graph\":[{\"@type\":\"WebSite\",\"@id\":\"https:\/\/franciscanos.org.br\/carisma\/#website\",\"url\":\"https:\/\/franciscanos.org.br\/carisma\/\",\"name\":\"Carisma - Franciscanos\",\"description\":\"Prov\u00edncia Franciscana da Imaculada Concei\u00e7\u00e3o do Brasil - Ordem dos Frades Menores\",\"potentialAction\":[{\"@type\":\"SearchAction\",\"target\":{\"@type\":\"EntryPoint\",\"urlTemplate\":\"https:\/\/franciscanos.org.br\/carisma\/?s={search_term_string}\"},\"query-input\":\"required name=search_term_string\"}],\"inLanguage\":\"pt-BR\"},{\"@type\":\"ImageObject\",\"inLanguage\":\"pt-BR\",\"@id\":\"https:\/\/franciscanos.org.br\/carisma\/louvores-a-deus.html#primaryimage\",\"url\":\"https:\/\/franciscanos.org.br\/carisma\/wp-content\/uploads\/2018\/10\/louvor_261018p.jpg\",\"contentUrl\":\"https:\/\/franciscanos.org.br\/carisma\/wp-content\/uploads\/2018\/10\/louvor_261018p.jpg\",\"width\":332,\"height\":233},{\"@type\":\"WebPage\",\"@id\":\"https:\/\/franciscanos.org.br\/carisma\/louvores-a-deus.html#webpage\",\"url\":\"https:\/\/franciscanos.org.br\/carisma\/louvores-a-deus.html\",\"name\":\"Louvores a Deus - Carisma - Franciscanos\",\"isPartOf\":{\"@id\":\"https:\/\/franciscanos.org.br\/carisma\/#website\"},\"primaryImageOfPage\":{\"@id\":\"https:\/\/franciscanos.org.br\/carisma\/louvores-a-deus.html#primaryimage\"},\"datePublished\":\"2018-10-26T12:14:41+00:00\",\"dateModified\":\"2018-10-26T13:26:23+00:00\",\"author\":{\"@id\":\"https:\/\/franciscanos.org.br\/carisma\/#\/schema\/person\/bf14cae4d2151ab6b6e41d96660f93a2\"},\"breadcrumb\":{\"@id\":\"https:\/\/franciscanos.org.br\/carisma\/louvores-a-deus.html#breadcrumb\"},\"inLanguage\":\"pt-BR\",\"potentialAction\":[{\"@type\":\"ReadAction\",\"target\":[\"https:\/\/franciscanos.org.br\/carisma\/louvores-a-deus.html\"]}]},{\"@type\":\"BreadcrumbList\",\"@id\":\"https:\/\/franciscanos.org.br\/carisma\/louvores-a-deus.html#breadcrumb\",\"itemListElement\":[{\"@type\":\"ListItem\",\"position\":1,\"name\":\"Home\",\"item\":\"https:\/\/franciscanos.org.br\/carisma\"},{\"@type\":\"ListItem\",\"position\":2,\"name\":\"Louvores a Deus\"}]},{\"@type\":\"Person\",\"@id\":\"https:\/\/franciscanos.org.br\/carisma\/#\/schema\/person\/bf14cae4d2151ab6b6e41d96660f93a2\",\"name\":\"moacir\",\"image\":{\"@type\":\"ImageObject\",\"inLanguage\":\"pt-BR\",\"@id\":\"https:\/\/franciscanos.org.br\/carisma\/#\/schema\/person\/image\/\",\"url\":\"https:\/\/secure.gravatar.com\/avatar\/d08aa2ce4c8dd416d4479aa8536fcf64?s=96&d=mm&r=g\",\"contentUrl\":\"https:\/\/secure.gravatar.com\/avatar\/d08aa2ce4c8dd416d4479aa8536fcf64?s=96&d=mm&r=g\",\"caption\":\"moacir\"},\"url\":\"https:\/\/franciscanos.org.br\/carisma\/author\/moacir\"}]}<\/script>\n<!-- \/ Yoast SEO plugin. -->","yoast_head_json":{"title":"Louvores a Deus - Carisma - Franciscanos","robots":{"index":"index","follow":"follow","max-snippet":"max-snippet:-1","max-image-preview":"max-image-preview:large","max-video-preview":"max-video-preview:-1"},"canonical":"https:\/\/franciscanos.org.br\/carisma\/louvores-a-deus.html","og_locale":"pt_BR","og_type":"article","og_title":"Louvores a Deus - Carisma - Franciscanos","og_description":"V\u00f3s sois o santo,\u00a0 Senhor Deus \u00fanico, que fazeis maravilhas. V\u00f3s sois o Forte, V\u00f3s sois Grande,\u00a0V\u00f3s sois o Alt\u00edssimo, V\u00f3s sois o Rei onipotente, v\u00f3s, \u00f3 Pai santo, o Rei do c\u00e9u e da terra. V\u00f3s sois o Trino e Uno, Senhor\u00a0 Deus dos deuses, v\u00f3s sois o Bem, todo o bem, o sumo [&hellip;]","og_url":"https:\/\/franciscanos.org.br\/carisma\/louvores-a-deus.html","og_site_name":"Carisma - Franciscanos","article_published_time":"2018-10-26T12:14:41+00:00","article_modified_time":"2018-10-26T13:26:23+00:00","og_image":[{"width":332,"height":233,"url":"https:\/\/franciscanos.org.br\/carisma\/wp-content\/uploads\/2018\/10\/louvor_261018p.jpg","type":"image\/jpeg"}],"author":"moacir","twitter_card":"summary_large_image","twitter_misc":{"Escrito por":"moacir","Est. tempo de leitura":"1 minuto"},"schema":{"@context":"https:\/\/schema.org","@graph":[{"@type":"WebSite","@id":"https:\/\/franciscanos.org.br\/carisma\/#website","url":"https:\/\/franciscanos.org.br\/carisma\/","name":"Carisma - Franciscanos","description":"Prov\u00edncia Franciscana da Imaculada Concei\u00e7\u00e3o do Brasil - Ordem dos Frades Menores","potentialAction":[{"@type":"SearchAction","target":{"@type":"EntryPoint","urlTemplate":"https:\/\/franciscanos.org.br\/carisma\/?s={search_term_string}"},"query-input":"required name=search_term_string"}],"inLanguage":"pt-BR"},{"@type":"ImageObject","inLanguage":"pt-BR","@id":"https:\/\/franciscanos.org.br\/carisma\/louvores-a-deus.html#primaryimage","url":"https:\/\/franciscanos.org.br\/carisma\/wp-content\/uploads\/2018\/10\/louvor_261018p.jpg","contentUrl":"https:\/\/franciscanos.org.br\/carisma\/wp-content\/uploads\/2018\/10\/louvor_261018p.jpg","width":332,"height":233},{"@type":"WebPage","@id":"https:\/\/franciscanos.org.br\/carisma\/louvores-a-deus.html#webpage","url":"https:\/\/franciscanos.org.br\/carisma\/louvores-a-deus.html","name":"Louvores a Deus - Carisma - Franciscanos","isPartOf":{"@id":"https:\/\/franciscanos.org.br\/carisma\/#website"},"primaryImageOfPage":{"@id":"https:\/\/franciscanos.org.br\/carisma\/louvores-a-deus.html#primaryimage"},"datePublished":"2018-10-26T12:14:41+00:00","dateModified":"2018-10-26T13:26:23+00:00","author":{"@id":"https:\/\/franciscanos.org.br\/carisma\/#\/schema\/person\/bf14cae4d2151ab6b6e41d96660f93a2"},"breadcrumb":{"@id":"https:\/\/franciscanos.org.br\/carisma\/louvores-a-deus.html#breadcrumb"},"inLanguage":"pt-BR","potentialAction":[{"@type":"ReadAction","target":["https:\/\/franciscanos.org.br\/carisma\/louvores-a-deus.html"]}]},{"@type":"BreadcrumbList","@id":"https:\/\/franciscanos.org.br\/carisma\/louvores-a-deus.html#breadcrumb","itemListElement":[{"@type":"ListItem","position":1,"name":"Home","item":"https:\/\/franciscanos.org.br\/carisma"},{"@type":"ListItem","position":2,"name":"Louvores a Deus"}]},{"@type":"Person","@id":"https:\/\/franciscanos.org.br\/carisma\/#\/schema\/person\/bf14cae4d2151ab6b6e41d96660f93a2","name":"moacir","image":{"@type":"ImageObject","inLanguage":"pt-BR","@id":"https:\/\/franciscanos.org.br\/carisma\/#\/schema\/person\/image\/","url":"https:\/\/secure.gravatar.com\/avatar\/d08aa2ce4c8dd416d4479aa8536fcf64?s=96&d=mm&r=g","contentUrl":"https:\/\/secure.gravatar.com\/avatar\/d08aa2ce4c8dd416d4479aa8536fcf64?s=96&d=mm&r=g","caption":"moacir"},"url":"https:\/\/franciscanos.org.br\/carisma\/author\/moacir"}]}},"_links":{"self":[{"href":"https:\/\/franciscanos.org.br\/carisma\/wp-json\/wp\/v2\/posts\/174930"}],"collection":[{"href":"https:\/\/franciscanos.org.br\/carisma\/wp-json\/wp\/v2\/posts"}],"about":[{"href":"https:\/\/franciscanos.org.br\/carisma\/wp-json\/wp\/v2\/types\/post"}],"author":[{"embeddable":true,"href":"https:\/\/franciscanos.org.br\/carisma\/wp-json\/wp\/v2\/users\/3"}],"replies":[{"embeddable":true,"href":"https:\/\/franciscanos.org.br\/carisma\/wp-json\/wp\/v2\/comments?post=174930"}],"version-history":[{"count":0,"href":"https:\/\/franciscanos.org.br\/carisma\/wp-json\/wp\/v2\/posts\/174930\/revisions"}],"wp:featuredmedia":[{"embeddable":true,"href":"https:\/\/franciscanos.org.br\/carisma\/wp-json\/wp\/v2\/media\/174932"}],"wp:attachment":[{"href":"https:\/\/franciscanos.org.br\/carisma\/wp-json\/wp\/v2\/media?parent=174930"}],"wp:term":[{"taxonomy":"category","embeddable":true,"href":"https:\/\/franciscanos.org.br\/carisma\/wp-json\/wp\/v2\/categories?post=174930"},{"taxonomy":"post_tag","embeddable":true,"href":"https:\/\/franciscanos.org.br\/carisma\/wp-json\/wp\/v2\/tags?post=174930"}],"curies":[{"name":"wp","href":"https:\/\/api.w.org\/{rel}","templated":true}]}}