{"id":174919,"date":"2018-10-26T08:53:52","date_gmt":"2018-10-26T11:53:52","guid":{"rendered":"http:\/\/franciscanos.org.br\/carisma\/?p=174919"},"modified":"2018-10-26T09:09:33","modified_gmt":"2018-10-26T12:09:33","slug":"cantico-do-irmao-sol","status":"publish","type":"post","link":"https:\/\/franciscanos.org.br\/carisma\/cantico-do-irmao-sol.html","title":{"rendered":"C\u00e2ntico do Irm\u00e3o Sol"},"content":{"rendered":"<p><img loading=\"lazy\" src=\"http:\/\/franciscanos.org.br\/carisma\/wp-content\/uploads\/2018\/10\/sol_261018_1.jpg\" alt=\"\" width=\"870\" height=\"580\" \/><\/p>\n<p>&nbsp;<\/p>\n<p>Alt\u00edssimo, onipotente, bom Senhor,<br \/>\nteus s\u00e3o o louvor, a gl\u00f3ria e a honra e\u00a0toda a b\u00ean\u00e7\u00e3o.<br \/>\nSomente a ti, \u00f3 Alt\u00edssimo, eles conv\u00e9m,<br \/>\ne homem algum \u00e9 digno de mencionar-te.<br \/>\nLouvado sejas, meu Senhor, com todas as tuas criaturas,<br \/>\nespecialmente o Senhor Irm\u00e3o Sol,<br \/>\no qual \u00e9 dia, e por ele nos iluminas.<br \/>\nE ele \u00e9 belo e radiante com grande esplendor,<br \/>\nde ti, Alt\u00edssimo, traz o significado.<\/p>\n<p>Louvado sejas, meu Senhor, pela irm\u00e3 lua e pelas estrelas,<br \/>\nno c\u00e9u as formaste claras e\u00a0preciosas e belas.<br \/>\nLouvado sejas, meu Senhor, pelo irm\u00e3o vento,<br \/>\ne pelo ar e pelas nuvens e pelo\u00a0sereno e todo o tempo,<br \/>\npelo qual \u00e0s tuas criaturas d\u00e1s sustento.<\/p>\n<p>Louvado sejas, meu Senhor, pela irm\u00e3 \u00e1gua,<br \/>\nque \u00e9 mui \u00fatil e humilde e\u00a0preciosa e casta.<\/p>\n<p>Louvado sejas, meu Senhor, pelo irm\u00e3o fogo<br \/>\npelo qual iluminas a noite,<br \/>\ne ele \u00e9 belo e agrad\u00e1vel e robusto e forte.<br \/>\nLouvado sejas, meu Senhor, pela\u00a0irm\u00e3 nossa,\u00a0 a m\u00e3e terra<br \/>\nque nos sustenta e governa<br \/>\ne produz diversos frutos com coloridas flores e ervas.<\/p>\n<p>Louvado sejas, meu Senhor, por\u00a0que perdoam pelo teu amor,<br \/>\nE suportam enfermidade e tribula\u00e7\u00e3o.<\/p>\n<p>Bem aventurados aqueles que as suportarem em paz,<br \/>\nporque por ti, Alt\u00edssimo, ser\u00e3o coroados.<\/p>\n<p>Louvado sejas, meu Senhor, pela\u00a0irm\u00e3 nossa, a morte corporal,<br \/>\nda qual nenhum homem vivente pode escapar.<\/p>\n<p>Ai daqueles\u00a0 que morrerem em pecado mortal:<br \/>\nbem-aventurados os que ela encontrar na\u00a0tua sant\u00edssima vontade,<br \/>\nporque a morte segunda n\u00e3o lhes far\u00e1 mal!<\/p>\n<p>Louvai e bendizei ao meu Senhor,<br \/>\ne rendei-lhe gra\u00e7as e servi-o com grande humildade.<\/p>\n<p><em>S\u00e3o Francisco de Assis<\/em><\/p>\n","protected":false},"excerpt":{"rendered":"<p>&nbsp; Alt\u00edssimo, onipotente, bom Senhor, teus s\u00e3o o louvor, a gl\u00f3ria e a honra e\u00a0toda a b\u00ean\u00e7\u00e3o. Somente a ti, \u00f3 Alt\u00edssimo, eles conv\u00e9m, e homem algum \u00e9 digno de mencionar-te. Louvado sejas, meu Senhor, com todas as tuas criaturas, especialmente o Senhor Irm\u00e3o Sol, o qual \u00e9 dia, e por ele nos iluminas. E [&hellip;]<\/p>\n","protected":false},"author":3,"featured_media":174921,"comment_status":"open","ping_status":"open","sticky":false,"template":"","format":"standard","meta":[],"categories":[12],"tags":[],"yoast_head":"<!-- This site is optimized with the Yoast SEO plugin v19.2 - https:\/\/yoast.com\/wordpress\/plugins\/seo\/ -->\n<title>C\u00e2ntico do Irm\u00e3o Sol - Carisma - Franciscanos<\/title>\n<meta name=\"robots\" content=\"index, follow, max-snippet:-1, max-image-preview:large, max-video-preview:-1\" \/>\n<link rel=\"canonical\" href=\"https:\/\/franciscanos.org.br\/carisma\/cantico-do-irmao-sol.html\" \/>\n<meta property=\"og:locale\" content=\"pt_BR\" \/>\n<meta property=\"og:type\" content=\"article\" \/>\n<meta property=\"og:title\" content=\"C\u00e2ntico do Irm\u00e3o Sol - Carisma - Franciscanos\" \/>\n<meta property=\"og:description\" content=\"&nbsp; Alt\u00edssimo, onipotente, bom Senhor, teus s\u00e3o o louvor, a gl\u00f3ria e a honra e\u00a0toda a b\u00ean\u00e7\u00e3o. Somente a ti, \u00f3 Alt\u00edssimo, eles conv\u00e9m, e homem algum \u00e9 digno de mencionar-te. Louvado sejas, meu Senhor, com todas as tuas criaturas, especialmente o Senhor Irm\u00e3o Sol, o qual \u00e9 dia, e por ele nos iluminas. E [&hellip;]\" \/>\n<meta property=\"og:url\" content=\"https:\/\/franciscanos.org.br\/carisma\/cantico-do-irmao-sol.html\" \/>\n<meta property=\"og:site_name\" content=\"Carisma - Franciscanos\" \/>\n<meta property=\"article:published_time\" content=\"2018-10-26T11:53:52+00:00\" \/>\n<meta property=\"article:modified_time\" content=\"2018-10-26T12:09:33+00:00\" \/>\n<meta property=\"og:image\" content=\"https:\/\/franciscanos.org.br\/carisma\/wp-content\/uploads\/2018\/10\/sol_261018.jpg\" \/>\n\t<meta property=\"og:image:width\" content=\"332\" \/>\n\t<meta property=\"og:image:height\" content=\"233\" \/>\n\t<meta property=\"og:image:type\" content=\"image\/jpeg\" \/>\n<meta name=\"author\" content=\"moacir\" \/>\n<meta name=\"twitter:card\" content=\"summary_large_image\" \/>\n<meta name=\"twitter:label1\" content=\"Escrito por\" \/>\n\t<meta name=\"twitter:data1\" content=\"moacir\" \/>\n\t<meta name=\"twitter:label2\" content=\"Est. tempo de leitura\" \/>\n\t<meta name=\"twitter:data2\" content=\"1 minuto\" \/>\n<script type=\"application\/ld+json\" class=\"yoast-schema-graph\">{\"@context\":\"https:\/\/schema.org\",\"@graph\":[{\"@type\":\"WebSite\",\"@id\":\"https:\/\/franciscanos.org.br\/carisma\/#website\",\"url\":\"https:\/\/franciscanos.org.br\/carisma\/\",\"name\":\"Carisma - Franciscanos\",\"description\":\"Prov\u00edncia Franciscana da Imaculada Concei\u00e7\u00e3o do Brasil - Ordem dos Frades Menores\",\"potentialAction\":[{\"@type\":\"SearchAction\",\"target\":{\"@type\":\"EntryPoint\",\"urlTemplate\":\"https:\/\/franciscanos.org.br\/carisma\/?s={search_term_string}\"},\"query-input\":\"required name=search_term_string\"}],\"inLanguage\":\"pt-BR\"},{\"@type\":\"ImageObject\",\"inLanguage\":\"pt-BR\",\"@id\":\"https:\/\/franciscanos.org.br\/carisma\/cantico-do-irmao-sol.html#primaryimage\",\"url\":\"https:\/\/franciscanos.org.br\/carisma\/wp-content\/uploads\/2018\/10\/sol_261018.jpg\",\"contentUrl\":\"https:\/\/franciscanos.org.br\/carisma\/wp-content\/uploads\/2018\/10\/sol_261018.jpg\",\"width\":332,\"height\":233},{\"@type\":\"WebPage\",\"@id\":\"https:\/\/franciscanos.org.br\/carisma\/cantico-do-irmao-sol.html#webpage\",\"url\":\"https:\/\/franciscanos.org.br\/carisma\/cantico-do-irmao-sol.html\",\"name\":\"C\u00e2ntico do Irm\u00e3o Sol - Carisma - Franciscanos\",\"isPartOf\":{\"@id\":\"https:\/\/franciscanos.org.br\/carisma\/#website\"},\"primaryImageOfPage\":{\"@id\":\"https:\/\/franciscanos.org.br\/carisma\/cantico-do-irmao-sol.html#primaryimage\"},\"datePublished\":\"2018-10-26T11:53:52+00:00\",\"dateModified\":\"2018-10-26T12:09:33+00:00\",\"author\":{\"@id\":\"https:\/\/franciscanos.org.br\/carisma\/#\/schema\/person\/bf14cae4d2151ab6b6e41d96660f93a2\"},\"breadcrumb\":{\"@id\":\"https:\/\/franciscanos.org.br\/carisma\/cantico-do-irmao-sol.html#breadcrumb\"},\"inLanguage\":\"pt-BR\",\"potentialAction\":[{\"@type\":\"ReadAction\",\"target\":[\"https:\/\/franciscanos.org.br\/carisma\/cantico-do-irmao-sol.html\"]}]},{\"@type\":\"BreadcrumbList\",\"@id\":\"https:\/\/franciscanos.org.br\/carisma\/cantico-do-irmao-sol.html#breadcrumb\",\"itemListElement\":[{\"@type\":\"ListItem\",\"position\":1,\"name\":\"Home\",\"item\":\"https:\/\/franciscanos.org.br\/carisma\"},{\"@type\":\"ListItem\",\"position\":2,\"name\":\"C\u00e2ntico do Irm\u00e3o Sol\"}]},{\"@type\":\"Person\",\"@id\":\"https:\/\/franciscanos.org.br\/carisma\/#\/schema\/person\/bf14cae4d2151ab6b6e41d96660f93a2\",\"name\":\"moacir\",\"image\":{\"@type\":\"ImageObject\",\"inLanguage\":\"pt-BR\",\"@id\":\"https:\/\/franciscanos.org.br\/carisma\/#\/schema\/person\/image\/\",\"url\":\"https:\/\/secure.gravatar.com\/avatar\/d08aa2ce4c8dd416d4479aa8536fcf64?s=96&d=mm&r=g\",\"contentUrl\":\"https:\/\/secure.gravatar.com\/avatar\/d08aa2ce4c8dd416d4479aa8536fcf64?s=96&d=mm&r=g\",\"caption\":\"moacir\"},\"url\":\"https:\/\/franciscanos.org.br\/carisma\/author\/moacir\"}]}<\/script>\n<!-- \/ Yoast SEO plugin. -->","yoast_head_json":{"title":"C\u00e2ntico do Irm\u00e3o Sol - Carisma - Franciscanos","robots":{"index":"index","follow":"follow","max-snippet":"max-snippet:-1","max-image-preview":"max-image-preview:large","max-video-preview":"max-video-preview:-1"},"canonical":"https:\/\/franciscanos.org.br\/carisma\/cantico-do-irmao-sol.html","og_locale":"pt_BR","og_type":"article","og_title":"C\u00e2ntico do Irm\u00e3o Sol - Carisma - Franciscanos","og_description":"&nbsp; Alt\u00edssimo, onipotente, bom Senhor, teus s\u00e3o o louvor, a gl\u00f3ria e a honra e\u00a0toda a b\u00ean\u00e7\u00e3o. Somente a ti, \u00f3 Alt\u00edssimo, eles conv\u00e9m, e homem algum \u00e9 digno de mencionar-te. Louvado sejas, meu Senhor, com todas as tuas criaturas, especialmente o Senhor Irm\u00e3o Sol, o qual \u00e9 dia, e por ele nos iluminas. E [&hellip;]","og_url":"https:\/\/franciscanos.org.br\/carisma\/cantico-do-irmao-sol.html","og_site_name":"Carisma - Franciscanos","article_published_time":"2018-10-26T11:53:52+00:00","article_modified_time":"2018-10-26T12:09:33+00:00","og_image":[{"width":332,"height":233,"url":"https:\/\/franciscanos.org.br\/carisma\/wp-content\/uploads\/2018\/10\/sol_261018.jpg","type":"image\/jpeg"}],"author":"moacir","twitter_card":"summary_large_image","twitter_misc":{"Escrito por":"moacir","Est. tempo de leitura":"1 minuto"},"schema":{"@context":"https:\/\/schema.org","@graph":[{"@type":"WebSite","@id":"https:\/\/franciscanos.org.br\/carisma\/#website","url":"https:\/\/franciscanos.org.br\/carisma\/","name":"Carisma - Franciscanos","description":"Prov\u00edncia Franciscana da Imaculada Concei\u00e7\u00e3o do Brasil - Ordem dos Frades Menores","potentialAction":[{"@type":"SearchAction","target":{"@type":"EntryPoint","urlTemplate":"https:\/\/franciscanos.org.br\/carisma\/?s={search_term_string}"},"query-input":"required name=search_term_string"}],"inLanguage":"pt-BR"},{"@type":"ImageObject","inLanguage":"pt-BR","@id":"https:\/\/franciscanos.org.br\/carisma\/cantico-do-irmao-sol.html#primaryimage","url":"https:\/\/franciscanos.org.br\/carisma\/wp-content\/uploads\/2018\/10\/sol_261018.jpg","contentUrl":"https:\/\/franciscanos.org.br\/carisma\/wp-content\/uploads\/2018\/10\/sol_261018.jpg","width":332,"height":233},{"@type":"WebPage","@id":"https:\/\/franciscanos.org.br\/carisma\/cantico-do-irmao-sol.html#webpage","url":"https:\/\/franciscanos.org.br\/carisma\/cantico-do-irmao-sol.html","name":"C\u00e2ntico do Irm\u00e3o Sol - Carisma - Franciscanos","isPartOf":{"@id":"https:\/\/franciscanos.org.br\/carisma\/#website"},"primaryImageOfPage":{"@id":"https:\/\/franciscanos.org.br\/carisma\/cantico-do-irmao-sol.html#primaryimage"},"datePublished":"2018-10-26T11:53:52+00:00","dateModified":"2018-10-26T12:09:33+00:00","author":{"@id":"https:\/\/franciscanos.org.br\/carisma\/#\/schema\/person\/bf14cae4d2151ab6b6e41d96660f93a2"},"breadcrumb":{"@id":"https:\/\/franciscanos.org.br\/carisma\/cantico-do-irmao-sol.html#breadcrumb"},"inLanguage":"pt-BR","potentialAction":[{"@type":"ReadAction","target":["https:\/\/franciscanos.org.br\/carisma\/cantico-do-irmao-sol.html"]}]},{"@type":"BreadcrumbList","@id":"https:\/\/franciscanos.org.br\/carisma\/cantico-do-irmao-sol.html#breadcrumb","itemListElement":[{"@type":"ListItem","position":1,"name":"Home","item":"https:\/\/franciscanos.org.br\/carisma"},{"@type":"ListItem","position":2,"name":"C\u00e2ntico do Irm\u00e3o Sol"}]},{"@type":"Person","@id":"https:\/\/franciscanos.org.br\/carisma\/#\/schema\/person\/bf14cae4d2151ab6b6e41d96660f93a2","name":"moacir","image":{"@type":"ImageObject","inLanguage":"pt-BR","@id":"https:\/\/franciscanos.org.br\/carisma\/#\/schema\/person\/image\/","url":"https:\/\/secure.gravatar.com\/avatar\/d08aa2ce4c8dd416d4479aa8536fcf64?s=96&d=mm&r=g","contentUrl":"https:\/\/secure.gravatar.com\/avatar\/d08aa2ce4c8dd416d4479aa8536fcf64?s=96&d=mm&r=g","caption":"moacir"},"url":"https:\/\/franciscanos.org.br\/carisma\/author\/moacir"}]}},"_links":{"self":[{"href":"https:\/\/franciscanos.org.br\/carisma\/wp-json\/wp\/v2\/posts\/174919"}],"collection":[{"href":"https:\/\/franciscanos.org.br\/carisma\/wp-json\/wp\/v2\/posts"}],"about":[{"href":"https:\/\/franciscanos.org.br\/carisma\/wp-json\/wp\/v2\/types\/post"}],"author":[{"embeddable":true,"href":"https:\/\/franciscanos.org.br\/carisma\/wp-json\/wp\/v2\/users\/3"}],"replies":[{"embeddable":true,"href":"https:\/\/franciscanos.org.br\/carisma\/wp-json\/wp\/v2\/comments?post=174919"}],"version-history":[{"count":0,"href":"https:\/\/franciscanos.org.br\/carisma\/wp-json\/wp\/v2\/posts\/174919\/revisions"}],"wp:featuredmedia":[{"embeddable":true,"href":"https:\/\/franciscanos.org.br\/carisma\/wp-json\/wp\/v2\/media\/174921"}],"wp:attachment":[{"href":"https:\/\/franciscanos.org.br\/carisma\/wp-json\/wp\/v2\/media?parent=174919"}],"wp:term":[{"taxonomy":"category","embeddable":true,"href":"https:\/\/franciscanos.org.br\/carisma\/wp-json\/wp\/v2\/categories?post=174919"},{"taxonomy":"post_tag","embeddable":true,"href":"https:\/\/franciscanos.org.br\/carisma\/wp-json\/wp\/v2\/tags?post=174919"}],"curies":[{"name":"wp","href":"https:\/\/api.w.org\/{rel}","templated":true}]}}