{"id":174912,"date":"2018-10-26T08:37:54","date_gmt":"2018-10-26T11:37:54","guid":{"rendered":"http:\/\/franciscanos.org.br\/carisma\/?p=174912"},"modified":"2021-10-05T09:47:04","modified_gmt":"2021-10-05T12:47:04","slug":"diante-do-cruxifixo","status":"publish","type":"post","link":"https:\/\/franciscanos.org.br\/carisma\/diante-do-cruxifixo.html","title":{"rendered":"Diante do Crucifixo"},"content":{"rendered":"<p><img loading=\"lazy\" class=\"alignleft wp-image-174913\" src=\"http:\/\/franciscanos.org.br\/carisma\/wp-content\/uploads\/2018\/10\/damiao_261018.jpg\" alt=\"\" width=\"159\" height=\"239\" srcset=\"https:\/\/franciscanos.org.br\/carisma\/wp-content\/uploads\/2018\/10\/damiao_261018.jpg 398w, https:\/\/franciscanos.org.br\/carisma\/wp-content\/uploads\/2018\/10\/damiao_261018-300x450.jpg 300w, https:\/\/franciscanos.org.br\/carisma\/wp-content\/uploads\/2018\/10\/damiao_261018-150x225.jpg 150w\" sizes=\"(max-width: 159px) 100vw, 159px\" \/>O glorioso Deus alt\u00edssimo,<br \/>\niluminai as trevas do meu cora\u00e7\u00e3o,<br \/>\nconcedei-me uma f\u00e9 verdadeira,<br \/>\numa esperan\u00e7a firme e um amor perfeito.<br \/>\nDai-me! Senhor, o reto sentir e conhecer,<br \/>\na fim de que possa cumprir<br \/>\no sagrado encargo<br \/>\nque na verdade acabais de dar-me.<br \/>\nAm\u00e9m.<\/p>\n","protected":false},"excerpt":{"rendered":"<p>O glorioso Deus alt\u00edssimo, iluminai as trevas do meu cora\u00e7\u00e3o, concedei-me uma f\u00e9 verdadeira, uma esperan\u00e7a firme e um amor perfeito. Dai-me! Senhor, o reto sentir e conhecer, a fim de que possa cumprir o sagrado encargo que na verdade acabais de dar-me. Am\u00e9m.<\/p>\n","protected":false},"author":3,"featured_media":174914,"comment_status":"open","ping_status":"open","sticky":false,"template":"","format":"standard","meta":[],"categories":[12],"tags":[],"yoast_head":"<!-- This site is optimized with the Yoast SEO plugin v19.2 - https:\/\/yoast.com\/wordpress\/plugins\/seo\/ -->\n<title>Diante do Crucifixo - Carisma - Franciscanos<\/title>\n<meta name=\"robots\" content=\"index, follow, max-snippet:-1, max-image-preview:large, max-video-preview:-1\" \/>\n<link rel=\"canonical\" href=\"https:\/\/franciscanos.org.br\/carisma\/diante-do-cruxifixo.html\" \/>\n<meta property=\"og:locale\" content=\"pt_BR\" \/>\n<meta property=\"og:type\" content=\"article\" \/>\n<meta property=\"og:title\" content=\"Diante do Crucifixo - Carisma - Franciscanos\" \/>\n<meta property=\"og:description\" content=\"O glorioso Deus alt\u00edssimo, iluminai as trevas do meu cora\u00e7\u00e3o, concedei-me uma f\u00e9 verdadeira, uma esperan\u00e7a firme e um amor perfeito. Dai-me! Senhor, o reto sentir e conhecer, a fim de que possa cumprir o sagrado encargo que na verdade acabais de dar-me. Am\u00e9m.\" \/>\n<meta property=\"og:url\" content=\"https:\/\/franciscanos.org.br\/carisma\/diante-do-cruxifixo.html\" \/>\n<meta property=\"og:site_name\" content=\"Carisma - Franciscanos\" \/>\n<meta property=\"article:published_time\" content=\"2018-10-26T11:37:54+00:00\" \/>\n<meta property=\"article:modified_time\" content=\"2021-10-05T12:47:04+00:00\" \/>\n<meta property=\"og:image\" content=\"https:\/\/franciscanos.org.br\/carisma\/wp-content\/uploads\/2018\/10\/damiao_261018p.jpg\" \/>\n\t<meta property=\"og:image:width\" content=\"332\" \/>\n\t<meta property=\"og:image:height\" content=\"233\" \/>\n\t<meta property=\"og:image:type\" content=\"image\/jpeg\" \/>\n<meta name=\"author\" content=\"moacir\" \/>\n<meta name=\"twitter:card\" content=\"summary_large_image\" \/>\n<meta name=\"twitter:label1\" content=\"Escrito por\" \/>\n\t<meta name=\"twitter:data1\" content=\"moacir\" \/>\n<script type=\"application\/ld+json\" class=\"yoast-schema-graph\">{\"@context\":\"https:\/\/schema.org\",\"@graph\":[{\"@type\":\"WebSite\",\"@id\":\"https:\/\/franciscanos.org.br\/carisma\/#website\",\"url\":\"https:\/\/franciscanos.org.br\/carisma\/\",\"name\":\"Carisma - Franciscanos\",\"description\":\"Prov\u00edncia Franciscana da Imaculada Concei\u00e7\u00e3o do Brasil - Ordem dos Frades Menores\",\"potentialAction\":[{\"@type\":\"SearchAction\",\"target\":{\"@type\":\"EntryPoint\",\"urlTemplate\":\"https:\/\/franciscanos.org.br\/carisma\/?s={search_term_string}\"},\"query-input\":\"required name=search_term_string\"}],\"inLanguage\":\"pt-BR\"},{\"@type\":\"ImageObject\",\"inLanguage\":\"pt-BR\",\"@id\":\"https:\/\/franciscanos.org.br\/carisma\/diante-do-cruxifixo.html#primaryimage\",\"url\":\"https:\/\/franciscanos.org.br\/carisma\/wp-content\/uploads\/2018\/10\/damiao_261018p.jpg\",\"contentUrl\":\"https:\/\/franciscanos.org.br\/carisma\/wp-content\/uploads\/2018\/10\/damiao_261018p.jpg\",\"width\":332,\"height\":233},{\"@type\":\"WebPage\",\"@id\":\"https:\/\/franciscanos.org.br\/carisma\/diante-do-cruxifixo.html#webpage\",\"url\":\"https:\/\/franciscanos.org.br\/carisma\/diante-do-cruxifixo.html\",\"name\":\"Diante do Crucifixo - Carisma - Franciscanos\",\"isPartOf\":{\"@id\":\"https:\/\/franciscanos.org.br\/carisma\/#website\"},\"primaryImageOfPage\":{\"@id\":\"https:\/\/franciscanos.org.br\/carisma\/diante-do-cruxifixo.html#primaryimage\"},\"datePublished\":\"2018-10-26T11:37:54+00:00\",\"dateModified\":\"2021-10-05T12:47:04+00:00\",\"author\":{\"@id\":\"https:\/\/franciscanos.org.br\/carisma\/#\/schema\/person\/bf14cae4d2151ab6b6e41d96660f93a2\"},\"breadcrumb\":{\"@id\":\"https:\/\/franciscanos.org.br\/carisma\/diante-do-cruxifixo.html#breadcrumb\"},\"inLanguage\":\"pt-BR\",\"potentialAction\":[{\"@type\":\"ReadAction\",\"target\":[\"https:\/\/franciscanos.org.br\/carisma\/diante-do-cruxifixo.html\"]}]},{\"@type\":\"BreadcrumbList\",\"@id\":\"https:\/\/franciscanos.org.br\/carisma\/diante-do-cruxifixo.html#breadcrumb\",\"itemListElement\":[{\"@type\":\"ListItem\",\"position\":1,\"name\":\"Home\",\"item\":\"https:\/\/franciscanos.org.br\/carisma\"},{\"@type\":\"ListItem\",\"position\":2,\"name\":\"Diante do Crucifixo\"}]},{\"@type\":\"Person\",\"@id\":\"https:\/\/franciscanos.org.br\/carisma\/#\/schema\/person\/bf14cae4d2151ab6b6e41d96660f93a2\",\"name\":\"moacir\",\"image\":{\"@type\":\"ImageObject\",\"inLanguage\":\"pt-BR\",\"@id\":\"https:\/\/franciscanos.org.br\/carisma\/#\/schema\/person\/image\/\",\"url\":\"https:\/\/secure.gravatar.com\/avatar\/d08aa2ce4c8dd416d4479aa8536fcf64?s=96&d=mm&r=g\",\"contentUrl\":\"https:\/\/secure.gravatar.com\/avatar\/d08aa2ce4c8dd416d4479aa8536fcf64?s=96&d=mm&r=g\",\"caption\":\"moacir\"},\"url\":\"https:\/\/franciscanos.org.br\/carisma\/author\/moacir\"}]}<\/script>\n<!-- \/ Yoast SEO plugin. -->","yoast_head_json":{"title":"Diante do Crucifixo - Carisma - Franciscanos","robots":{"index":"index","follow":"follow","max-snippet":"max-snippet:-1","max-image-preview":"max-image-preview:large","max-video-preview":"max-video-preview:-1"},"canonical":"https:\/\/franciscanos.org.br\/carisma\/diante-do-cruxifixo.html","og_locale":"pt_BR","og_type":"article","og_title":"Diante do Crucifixo - Carisma - Franciscanos","og_description":"O glorioso Deus alt\u00edssimo, iluminai as trevas do meu cora\u00e7\u00e3o, concedei-me uma f\u00e9 verdadeira, uma esperan\u00e7a firme e um amor perfeito. Dai-me! Senhor, o reto sentir e conhecer, a fim de que possa cumprir o sagrado encargo que na verdade acabais de dar-me. Am\u00e9m.","og_url":"https:\/\/franciscanos.org.br\/carisma\/diante-do-cruxifixo.html","og_site_name":"Carisma - Franciscanos","article_published_time":"2018-10-26T11:37:54+00:00","article_modified_time":"2021-10-05T12:47:04+00:00","og_image":[{"width":332,"height":233,"url":"https:\/\/franciscanos.org.br\/carisma\/wp-content\/uploads\/2018\/10\/damiao_261018p.jpg","type":"image\/jpeg"}],"author":"moacir","twitter_card":"summary_large_image","twitter_misc":{"Escrito por":"moacir"},"schema":{"@context":"https:\/\/schema.org","@graph":[{"@type":"WebSite","@id":"https:\/\/franciscanos.org.br\/carisma\/#website","url":"https:\/\/franciscanos.org.br\/carisma\/","name":"Carisma - Franciscanos","description":"Prov\u00edncia Franciscana da Imaculada Concei\u00e7\u00e3o do Brasil - Ordem dos Frades Menores","potentialAction":[{"@type":"SearchAction","target":{"@type":"EntryPoint","urlTemplate":"https:\/\/franciscanos.org.br\/carisma\/?s={search_term_string}"},"query-input":"required name=search_term_string"}],"inLanguage":"pt-BR"},{"@type":"ImageObject","inLanguage":"pt-BR","@id":"https:\/\/franciscanos.org.br\/carisma\/diante-do-cruxifixo.html#primaryimage","url":"https:\/\/franciscanos.org.br\/carisma\/wp-content\/uploads\/2018\/10\/damiao_261018p.jpg","contentUrl":"https:\/\/franciscanos.org.br\/carisma\/wp-content\/uploads\/2018\/10\/damiao_261018p.jpg","width":332,"height":233},{"@type":"WebPage","@id":"https:\/\/franciscanos.org.br\/carisma\/diante-do-cruxifixo.html#webpage","url":"https:\/\/franciscanos.org.br\/carisma\/diante-do-cruxifixo.html","name":"Diante do Crucifixo - Carisma - Franciscanos","isPartOf":{"@id":"https:\/\/franciscanos.org.br\/carisma\/#website"},"primaryImageOfPage":{"@id":"https:\/\/franciscanos.org.br\/carisma\/diante-do-cruxifixo.html#primaryimage"},"datePublished":"2018-10-26T11:37:54+00:00","dateModified":"2021-10-05T12:47:04+00:00","author":{"@id":"https:\/\/franciscanos.org.br\/carisma\/#\/schema\/person\/bf14cae4d2151ab6b6e41d96660f93a2"},"breadcrumb":{"@id":"https:\/\/franciscanos.org.br\/carisma\/diante-do-cruxifixo.html#breadcrumb"},"inLanguage":"pt-BR","potentialAction":[{"@type":"ReadAction","target":["https:\/\/franciscanos.org.br\/carisma\/diante-do-cruxifixo.html"]}]},{"@type":"BreadcrumbList","@id":"https:\/\/franciscanos.org.br\/carisma\/diante-do-cruxifixo.html#breadcrumb","itemListElement":[{"@type":"ListItem","position":1,"name":"Home","item":"https:\/\/franciscanos.org.br\/carisma"},{"@type":"ListItem","position":2,"name":"Diante do Crucifixo"}]},{"@type":"Person","@id":"https:\/\/franciscanos.org.br\/carisma\/#\/schema\/person\/bf14cae4d2151ab6b6e41d96660f93a2","name":"moacir","image":{"@type":"ImageObject","inLanguage":"pt-BR","@id":"https:\/\/franciscanos.org.br\/carisma\/#\/schema\/person\/image\/","url":"https:\/\/secure.gravatar.com\/avatar\/d08aa2ce4c8dd416d4479aa8536fcf64?s=96&d=mm&r=g","contentUrl":"https:\/\/secure.gravatar.com\/avatar\/d08aa2ce4c8dd416d4479aa8536fcf64?s=96&d=mm&r=g","caption":"moacir"},"url":"https:\/\/franciscanos.org.br\/carisma\/author\/moacir"}]}},"_links":{"self":[{"href":"https:\/\/franciscanos.org.br\/carisma\/wp-json\/wp\/v2\/posts\/174912"}],"collection":[{"href":"https:\/\/franciscanos.org.br\/carisma\/wp-json\/wp\/v2\/posts"}],"about":[{"href":"https:\/\/franciscanos.org.br\/carisma\/wp-json\/wp\/v2\/types\/post"}],"author":[{"embeddable":true,"href":"https:\/\/franciscanos.org.br\/carisma\/wp-json\/wp\/v2\/users\/3"}],"replies":[{"embeddable":true,"href":"https:\/\/franciscanos.org.br\/carisma\/wp-json\/wp\/v2\/comments?post=174912"}],"version-history":[{"count":1,"href":"https:\/\/franciscanos.org.br\/carisma\/wp-json\/wp\/v2\/posts\/174912\/revisions"}],"predecessor-version":[{"id":177514,"href":"https:\/\/franciscanos.org.br\/carisma\/wp-json\/wp\/v2\/posts\/174912\/revisions\/177514"}],"wp:featuredmedia":[{"embeddable":true,"href":"https:\/\/franciscanos.org.br\/carisma\/wp-json\/wp\/v2\/media\/174914"}],"wp:attachment":[{"href":"https:\/\/franciscanos.org.br\/carisma\/wp-json\/wp\/v2\/media?parent=174912"}],"wp:term":[{"taxonomy":"category","embeddable":true,"href":"https:\/\/franciscanos.org.br\/carisma\/wp-json\/wp\/v2\/categories?post=174912"},{"taxonomy":"post_tag","embeddable":true,"href":"https:\/\/franciscanos.org.br\/carisma\/wp-json\/wp\/v2\/tags?post=174912"}],"curies":[{"name":"wp","href":"https:\/\/api.w.org\/{rel}","templated":true}]}}