{"id":174887,"date":"2018-10-26T08:25:06","date_gmt":"2018-10-26T11:25:06","guid":{"rendered":"http:\/\/franciscanos.org.br\/carisma\/?p=174887"},"modified":"2020-10-09T12:53:28","modified_gmt":"2020-10-09T15:53:28","slug":"oracao-do-papa-pelas-vocacoes","status":"publish","type":"post","link":"https:\/\/franciscanos.org.br\/carisma\/oracao-do-papa-pelas-vocacoes.html","title":{"rendered":"Ora\u00e7\u00e3o do Papa pelas Voca\u00e7\u00f5es"},"content":{"rendered":"<p><img loading=\"lazy\" class=\"alignnone wp-image-177186 size-full\" src=\"https:\/\/franciscanos.org.br\/carisma\/wp-content\/uploads\/2018\/10\/vocacional.jpg\" alt=\"\" width=\"840\" height=\"450\" srcset=\"https:\/\/franciscanos.org.br\/carisma\/wp-content\/uploads\/2018\/10\/vocacional.jpg 840w, https:\/\/franciscanos.org.br\/carisma\/wp-content\/uploads\/2018\/10\/vocacional-450x241.jpg 450w, https:\/\/franciscanos.org.br\/carisma\/wp-content\/uploads\/2018\/10\/vocacional-768x411.jpg 768w, https:\/\/franciscanos.org.br\/carisma\/wp-content\/uploads\/2018\/10\/vocacional-150x80.jpg 150w\" sizes=\"(max-width: 840px) 100vw, 840px\" \/><\/p>\n<p>Como outras vezes,<br \/>\ntamb\u00e9m nesta circunst\u00e2ncia, ergamos o olhar para Maria, M\u00e3e da Igreja e Estrela<br \/>\nda nova evangeliza\u00e7\u00e3o. Invoquemo-la com confian\u00e7a, para que n\u00e3o faltem na Igreja<br \/>\npessoas prontas a responder generosamente ao apelo do Senhor, que chama a um<br \/>\nmais direto servi\u00e7o do Evangelho:<br \/>\n&#8220;Maria, humilde serva do Alt\u00edssimo, o Filho que geraste, tornou-te serva da humanidade.A tua vida foi servi\u00e7o humilde e generoso:<br \/>\nFoste serva da Palavra quando o Anjo<br \/>\nTe anunciou o projeto divino da salva\u00e7\u00e3o.<br \/>\nFoste serva do Filho, dando-lhe a vida<br \/>\ne permanecendo aberta ao seu mist\u00e9rio.<br \/>\nFoste serva da Reden\u00e7\u00e3o, &#8216;estando&#8217;<br \/>\ncorajosamente aos p\u00e9s da Cruz, ao lado do Servo e Cordeiro sofredor, que se<br \/>\nimolava por nosso amor. Foste serva da Igreja no dia de Pentecostes<br \/>\ne com tua intercess\u00e3o continuas a ger\u00e1-la em cada crente, tamb\u00e9m nestes nossos<br \/>\ntempos dif\u00edceis e angustiosos.<\/p>\n<p>A Ti, jovem filha de Israel, que conheceste a inquieta\u00e7\u00e3o do cora\u00e7\u00e3o juvenil diante da proposta do Eterno, olha<br \/>\ncom confian\u00e7a os jovens do terceiro mil\u00eanio.<\/p>\n<p>Torna-os capazes de acolher o convite de teu Filho a fazer da vida um dom total para a gl\u00f3ria de Deus.<\/p>\n<p>F\u00e1-los compreender, que servir a Deus, sacia o cora\u00e7\u00e3o, e que s\u00f3 no<br \/>\nservi\u00e7o de Deus e do seu reino, realizam-se segundo o divino projeto, e a vida<br \/>\nse transforma num hino de gl\u00f3ria \u00e0 Sant\u00edssima Trindade. Am\u00e9m.&#8221;<\/p>\n<p><em>Jo\u00e3o Paulo II<\/em><\/p>\n","protected":false},"excerpt":{"rendered":"<p>Como outras vezes, tamb\u00e9m nesta circunst\u00e2ncia, ergamos o olhar para Maria, M\u00e3e da Igreja e Estrela da nova evangeliza\u00e7\u00e3o. Invoquemo-la com confian\u00e7a, para que n\u00e3o faltem na Igreja pessoas prontas a responder generosamente ao apelo do Senhor, que chama a um mais direto servi\u00e7o do Evangelho: &#8220;Maria, humilde serva do Alt\u00edssimo, o Filho que geraste, [&hellip;]<\/p>\n","protected":false},"author":3,"featured_media":177187,"comment_status":"open","ping_status":"open","sticky":false,"template":"","format":"standard","meta":[],"categories":[12],"tags":[],"yoast_head":"<!-- This site is optimized with the Yoast SEO plugin v19.2 - https:\/\/yoast.com\/wordpress\/plugins\/seo\/ -->\n<title>Ora\u00e7\u00e3o do Papa pelas Voca\u00e7\u00f5es - Carisma - Franciscanos<\/title>\n<meta name=\"robots\" content=\"index, follow, max-snippet:-1, max-image-preview:large, max-video-preview:-1\" \/>\n<link rel=\"canonical\" href=\"https:\/\/franciscanos.org.br\/carisma\/oracao-do-papa-pelas-vocacoes.html\" \/>\n<meta property=\"og:locale\" content=\"pt_BR\" \/>\n<meta property=\"og:type\" content=\"article\" \/>\n<meta property=\"og:title\" content=\"Ora\u00e7\u00e3o do Papa pelas Voca\u00e7\u00f5es - Carisma - Franciscanos\" \/>\n<meta property=\"og:description\" content=\"Como outras vezes, tamb\u00e9m nesta circunst\u00e2ncia, ergamos o olhar para Maria, M\u00e3e da Igreja e Estrela da nova evangeliza\u00e7\u00e3o. Invoquemo-la com confian\u00e7a, para que n\u00e3o faltem na Igreja pessoas prontas a responder generosamente ao apelo do Senhor, que chama a um mais direto servi\u00e7o do Evangelho: &#8220;Maria, humilde serva do Alt\u00edssimo, o Filho que geraste, [&hellip;]\" \/>\n<meta property=\"og:url\" content=\"https:\/\/franciscanos.org.br\/carisma\/oracao-do-papa-pelas-vocacoes.html\" \/>\n<meta property=\"og:site_name\" content=\"Carisma - Franciscanos\" \/>\n<meta property=\"article:published_time\" content=\"2018-10-26T11:25:06+00:00\" \/>\n<meta property=\"article:modified_time\" content=\"2020-10-09T15:53:28+00:00\" \/>\n<meta property=\"og:image\" content=\"https:\/\/franciscanos.org.br\/carisma\/wp-content\/uploads\/2018\/10\/vocacional_d.jpg\" \/>\n\t<meta property=\"og:image:width\" content=\"800\" \/>\n\t<meta property=\"og:image:height\" content=\"600\" \/>\n\t<meta property=\"og:image:type\" content=\"image\/jpeg\" \/>\n<meta name=\"author\" content=\"moacir\" \/>\n<meta name=\"twitter:card\" content=\"summary_large_image\" \/>\n<meta name=\"twitter:label1\" content=\"Escrito por\" \/>\n\t<meta name=\"twitter:data1\" content=\"moacir\" \/>\n\t<meta name=\"twitter:label2\" content=\"Est. tempo de leitura\" \/>\n\t<meta name=\"twitter:data2\" content=\"1 minuto\" \/>\n<script type=\"application\/ld+json\" class=\"yoast-schema-graph\">{\"@context\":\"https:\/\/schema.org\",\"@graph\":[{\"@type\":\"WebSite\",\"@id\":\"https:\/\/franciscanos.org.br\/carisma\/#website\",\"url\":\"https:\/\/franciscanos.org.br\/carisma\/\",\"name\":\"Carisma - Franciscanos\",\"description\":\"Prov\u00edncia Franciscana da Imaculada Concei\u00e7\u00e3o do Brasil - Ordem dos Frades Menores\",\"potentialAction\":[{\"@type\":\"SearchAction\",\"target\":{\"@type\":\"EntryPoint\",\"urlTemplate\":\"https:\/\/franciscanos.org.br\/carisma\/?s={search_term_string}\"},\"query-input\":\"required name=search_term_string\"}],\"inLanguage\":\"pt-BR\"},{\"@type\":\"ImageObject\",\"inLanguage\":\"pt-BR\",\"@id\":\"https:\/\/franciscanos.org.br\/carisma\/oracao-do-papa-pelas-vocacoes.html#primaryimage\",\"url\":\"https:\/\/franciscanos.org.br\/carisma\/wp-content\/uploads\/2018\/10\/vocacional_d.jpg\",\"contentUrl\":\"https:\/\/franciscanos.org.br\/carisma\/wp-content\/uploads\/2018\/10\/vocacional_d.jpg\",\"width\":800,\"height\":600},{\"@type\":\"WebPage\",\"@id\":\"https:\/\/franciscanos.org.br\/carisma\/oracao-do-papa-pelas-vocacoes.html#webpage\",\"url\":\"https:\/\/franciscanos.org.br\/carisma\/oracao-do-papa-pelas-vocacoes.html\",\"name\":\"Ora\u00e7\u00e3o do Papa pelas Voca\u00e7\u00f5es - Carisma - Franciscanos\",\"isPartOf\":{\"@id\":\"https:\/\/franciscanos.org.br\/carisma\/#website\"},\"primaryImageOfPage\":{\"@id\":\"https:\/\/franciscanos.org.br\/carisma\/oracao-do-papa-pelas-vocacoes.html#primaryimage\"},\"datePublished\":\"2018-10-26T11:25:06+00:00\",\"dateModified\":\"2020-10-09T15:53:28+00:00\",\"author\":{\"@id\":\"https:\/\/franciscanos.org.br\/carisma\/#\/schema\/person\/bf14cae4d2151ab6b6e41d96660f93a2\"},\"breadcrumb\":{\"@id\":\"https:\/\/franciscanos.org.br\/carisma\/oracao-do-papa-pelas-vocacoes.html#breadcrumb\"},\"inLanguage\":\"pt-BR\",\"potentialAction\":[{\"@type\":\"ReadAction\",\"target\":[\"https:\/\/franciscanos.org.br\/carisma\/oracao-do-papa-pelas-vocacoes.html\"]}]},{\"@type\":\"BreadcrumbList\",\"@id\":\"https:\/\/franciscanos.org.br\/carisma\/oracao-do-papa-pelas-vocacoes.html#breadcrumb\",\"itemListElement\":[{\"@type\":\"ListItem\",\"position\":1,\"name\":\"Home\",\"item\":\"https:\/\/franciscanos.org.br\/carisma\"},{\"@type\":\"ListItem\",\"position\":2,\"name\":\"Ora\u00e7\u00e3o do Papa pelas Voca\u00e7\u00f5es\"}]},{\"@type\":\"Person\",\"@id\":\"https:\/\/franciscanos.org.br\/carisma\/#\/schema\/person\/bf14cae4d2151ab6b6e41d96660f93a2\",\"name\":\"moacir\",\"image\":{\"@type\":\"ImageObject\",\"inLanguage\":\"pt-BR\",\"@id\":\"https:\/\/franciscanos.org.br\/carisma\/#\/schema\/person\/image\/\",\"url\":\"https:\/\/secure.gravatar.com\/avatar\/d08aa2ce4c8dd416d4479aa8536fcf64?s=96&d=mm&r=g\",\"contentUrl\":\"https:\/\/secure.gravatar.com\/avatar\/d08aa2ce4c8dd416d4479aa8536fcf64?s=96&d=mm&r=g\",\"caption\":\"moacir\"},\"url\":\"https:\/\/franciscanos.org.br\/carisma\/author\/moacir\"}]}<\/script>\n<!-- \/ Yoast SEO plugin. -->","yoast_head_json":{"title":"Ora\u00e7\u00e3o do Papa pelas Voca\u00e7\u00f5es - Carisma - Franciscanos","robots":{"index":"index","follow":"follow","max-snippet":"max-snippet:-1","max-image-preview":"max-image-preview:large","max-video-preview":"max-video-preview:-1"},"canonical":"https:\/\/franciscanos.org.br\/carisma\/oracao-do-papa-pelas-vocacoes.html","og_locale":"pt_BR","og_type":"article","og_title":"Ora\u00e7\u00e3o do Papa pelas Voca\u00e7\u00f5es - Carisma - Franciscanos","og_description":"Como outras vezes, tamb\u00e9m nesta circunst\u00e2ncia, ergamos o olhar para Maria, M\u00e3e da Igreja e Estrela da nova evangeliza\u00e7\u00e3o. Invoquemo-la com confian\u00e7a, para que n\u00e3o faltem na Igreja pessoas prontas a responder generosamente ao apelo do Senhor, que chama a um mais direto servi\u00e7o do Evangelho: &#8220;Maria, humilde serva do Alt\u00edssimo, o Filho que geraste, [&hellip;]","og_url":"https:\/\/franciscanos.org.br\/carisma\/oracao-do-papa-pelas-vocacoes.html","og_site_name":"Carisma - Franciscanos","article_published_time":"2018-10-26T11:25:06+00:00","article_modified_time":"2020-10-09T15:53:28+00:00","og_image":[{"width":800,"height":600,"url":"https:\/\/franciscanos.org.br\/carisma\/wp-content\/uploads\/2018\/10\/vocacional_d.jpg","type":"image\/jpeg"}],"author":"moacir","twitter_card":"summary_large_image","twitter_misc":{"Escrito por":"moacir","Est. tempo de leitura":"1 minuto"},"schema":{"@context":"https:\/\/schema.org","@graph":[{"@type":"WebSite","@id":"https:\/\/franciscanos.org.br\/carisma\/#website","url":"https:\/\/franciscanos.org.br\/carisma\/","name":"Carisma - Franciscanos","description":"Prov\u00edncia Franciscana da Imaculada Concei\u00e7\u00e3o do Brasil - Ordem dos Frades Menores","potentialAction":[{"@type":"SearchAction","target":{"@type":"EntryPoint","urlTemplate":"https:\/\/franciscanos.org.br\/carisma\/?s={search_term_string}"},"query-input":"required name=search_term_string"}],"inLanguage":"pt-BR"},{"@type":"ImageObject","inLanguage":"pt-BR","@id":"https:\/\/franciscanos.org.br\/carisma\/oracao-do-papa-pelas-vocacoes.html#primaryimage","url":"https:\/\/franciscanos.org.br\/carisma\/wp-content\/uploads\/2018\/10\/vocacional_d.jpg","contentUrl":"https:\/\/franciscanos.org.br\/carisma\/wp-content\/uploads\/2018\/10\/vocacional_d.jpg","width":800,"height":600},{"@type":"WebPage","@id":"https:\/\/franciscanos.org.br\/carisma\/oracao-do-papa-pelas-vocacoes.html#webpage","url":"https:\/\/franciscanos.org.br\/carisma\/oracao-do-papa-pelas-vocacoes.html","name":"Ora\u00e7\u00e3o do Papa pelas Voca\u00e7\u00f5es - Carisma - Franciscanos","isPartOf":{"@id":"https:\/\/franciscanos.org.br\/carisma\/#website"},"primaryImageOfPage":{"@id":"https:\/\/franciscanos.org.br\/carisma\/oracao-do-papa-pelas-vocacoes.html#primaryimage"},"datePublished":"2018-10-26T11:25:06+00:00","dateModified":"2020-10-09T15:53:28+00:00","author":{"@id":"https:\/\/franciscanos.org.br\/carisma\/#\/schema\/person\/bf14cae4d2151ab6b6e41d96660f93a2"},"breadcrumb":{"@id":"https:\/\/franciscanos.org.br\/carisma\/oracao-do-papa-pelas-vocacoes.html#breadcrumb"},"inLanguage":"pt-BR","potentialAction":[{"@type":"ReadAction","target":["https:\/\/franciscanos.org.br\/carisma\/oracao-do-papa-pelas-vocacoes.html"]}]},{"@type":"BreadcrumbList","@id":"https:\/\/franciscanos.org.br\/carisma\/oracao-do-papa-pelas-vocacoes.html#breadcrumb","itemListElement":[{"@type":"ListItem","position":1,"name":"Home","item":"https:\/\/franciscanos.org.br\/carisma"},{"@type":"ListItem","position":2,"name":"Ora\u00e7\u00e3o do Papa pelas Voca\u00e7\u00f5es"}]},{"@type":"Person","@id":"https:\/\/franciscanos.org.br\/carisma\/#\/schema\/person\/bf14cae4d2151ab6b6e41d96660f93a2","name":"moacir","image":{"@type":"ImageObject","inLanguage":"pt-BR","@id":"https:\/\/franciscanos.org.br\/carisma\/#\/schema\/person\/image\/","url":"https:\/\/secure.gravatar.com\/avatar\/d08aa2ce4c8dd416d4479aa8536fcf64?s=96&d=mm&r=g","contentUrl":"https:\/\/secure.gravatar.com\/avatar\/d08aa2ce4c8dd416d4479aa8536fcf64?s=96&d=mm&r=g","caption":"moacir"},"url":"https:\/\/franciscanos.org.br\/carisma\/author\/moacir"}]}},"_links":{"self":[{"href":"https:\/\/franciscanos.org.br\/carisma\/wp-json\/wp\/v2\/posts\/174887"}],"collection":[{"href":"https:\/\/franciscanos.org.br\/carisma\/wp-json\/wp\/v2\/posts"}],"about":[{"href":"https:\/\/franciscanos.org.br\/carisma\/wp-json\/wp\/v2\/types\/post"}],"author":[{"embeddable":true,"href":"https:\/\/franciscanos.org.br\/carisma\/wp-json\/wp\/v2\/users\/3"}],"replies":[{"embeddable":true,"href":"https:\/\/franciscanos.org.br\/carisma\/wp-json\/wp\/v2\/comments?post=174887"}],"version-history":[{"count":4,"href":"https:\/\/franciscanos.org.br\/carisma\/wp-json\/wp\/v2\/posts\/174887\/revisions"}],"predecessor-version":[{"id":177188,"href":"https:\/\/franciscanos.org.br\/carisma\/wp-json\/wp\/v2\/posts\/174887\/revisions\/177188"}],"wp:featuredmedia":[{"embeddable":true,"href":"https:\/\/franciscanos.org.br\/carisma\/wp-json\/wp\/v2\/media\/177187"}],"wp:attachment":[{"href":"https:\/\/franciscanos.org.br\/carisma\/wp-json\/wp\/v2\/media?parent=174887"}],"wp:term":[{"taxonomy":"category","embeddable":true,"href":"https:\/\/franciscanos.org.br\/carisma\/wp-json\/wp\/v2\/categories?post=174887"},{"taxonomy":"post_tag","embeddable":true,"href":"https:\/\/franciscanos.org.br\/carisma\/wp-json\/wp\/v2\/tags?post=174887"}],"curies":[{"name":"wp","href":"https:\/\/api.w.org\/{rel}","templated":true}]}}