{"id":174850,"date":"2018-10-25T15:18:23","date_gmt":"2018-10-25T18:18:23","guid":{"rendered":"http:\/\/franciscanos.org.br\/carisma\/?p=174850"},"modified":"2018-10-25T15:18:23","modified_gmt":"2018-10-25T18:18:23","slug":"stabat-mater","status":"publish","type":"post","link":"https:\/\/franciscanos.org.br\/carisma\/stabat-mater.html","title":{"rendered":"Stabat Mater"},"content":{"rendered":"<p><img loading=\"lazy\" class=\"alignleft size-full wp-image-174851\" src=\"http:\/\/franciscanos.org.br\/carisma\/wp-content\/uploads\/2018\/10\/nater_251018.jpg\" alt=\"\" width=\"276\" height=\"553\" srcset=\"https:\/\/franciscanos.org.br\/carisma\/wp-content\/uploads\/2018\/10\/nater_251018.jpg 276w, https:\/\/franciscanos.org.br\/carisma\/wp-content\/uploads\/2018\/10\/nater_251018-225x450.jpg 225w, https:\/\/franciscanos.org.br\/carisma\/wp-content\/uploads\/2018\/10\/nater_251018-150x301.jpg 150w\" sizes=\"(max-width: 276px) 100vw, 276px\" \/>Estava a M\u00e3e dolorosa<br \/>\nJunto da Cruz, lacrimosa,<br \/>\nDa qual pendia o seu Filho.<br \/>\nBanhada em pranto amoroso,<br \/>\nNeste transe doloroso,<br \/>\nA dor lhe rasgava o peito.<\/p>\n<p>\u00f3 qu\u00e3o triste e qu\u00e3o aflita<br \/>\nSe encontrava a M\u00e3e bendita,<br \/>\nChorando o seu Unig\u00e9nito.<\/p>\n<p>Estava triste e sofria<br \/>\n\u00cb porque ela mesma via<br \/>\nAs dores do Filho amado.<\/p>\n<p>Quem n\u00e3o chora, vendo isto,<br \/>\nContemplando a M\u00e3e do Cristo<br \/>\nEm t\u00e3o grande sofrimento?<\/p>\n<p>Quem n\u00e3o se contristaria<br \/>\nVendo a M\u00e3e de Deus, Maria,<br \/>\nPadecendo com seu Filho?<\/p>\n<p>Por culpa de sua gente<br \/>\nViu a Jesus inocente<br \/>\nCruelmente flagelado.<\/p>\n<p>Viu seu Pilho muito amado,<img loading=\"lazy\" class=\"alignleft size-full wp-image-174851\" src=\"http:\/\/franciscanos.org.br\/carisma\/wp-content\/uploads\/2018\/10\/nater_251018.jpg\" alt=\"\" width=\"276\" height=\"553\" srcset=\"https:\/\/franciscanos.org.br\/carisma\/wp-content\/uploads\/2018\/10\/nater_251018.jpg 276w, https:\/\/franciscanos.org.br\/carisma\/wp-content\/uploads\/2018\/10\/nater_251018-225x450.jpg 225w, https:\/\/franciscanos.org.br\/carisma\/wp-content\/uploads\/2018\/10\/nater_251018-150x301.jpg 150w\" sizes=\"(max-width: 276px) 100vw, 276px\" \/><br \/>\nQue morria abandonado<br \/>\nEntregando o Seu esp\u00edrito.<\/p>\n<p>D\u00e1-me, \u00f3 M\u00e3e, fonte de amor,<br \/>\nQue eu sinta a for\u00e7a da dor,<br \/>\nPara que eu chore contigo.<\/p>\n<p>Faze arder meu cora\u00e7\u00e3o<br \/>\nDo Cristo Deus na paix\u00e3o,<br \/>\nPara que eu sofra com Ele.<\/p>\n<p>Minha M\u00e3e, \u00f3 d\u00e1-me isto:<br \/>\nTrazer as chagas do Cristo<br \/>\nGravadas no cora\u00e7\u00e3o.<\/p>\n<p>Do teu Filho as feridas,<br \/>\nPara meu perd\u00e3o sofridas,<br \/>\nVem reparti-las comigo.<\/p>\n<p>Quero contigo chorar<br \/>\nE a cruz compartilhar,<br \/>\nPor toda a minha vida.<\/p>\n<p>Junto \u00e0 Cruz contigo estar,<br \/>\nAo teu pranto me associar,<br \/>\n<img loading=\"lazy\" class=\"alignleft size-full wp-image-174851\" src=\"http:\/\/franciscanos.org.br\/carisma\/wp-content\/uploads\/2018\/10\/nater_251018.jpg\" alt=\"\" width=\"276\" height=\"553\" srcset=\"https:\/\/franciscanos.org.br\/carisma\/wp-content\/uploads\/2018\/10\/nater_251018.jpg 276w, https:\/\/franciscanos.org.br\/carisma\/wp-content\/uploads\/2018\/10\/nater_251018-225x450.jpg 225w, https:\/\/franciscanos.org.br\/carisma\/wp-content\/uploads\/2018\/10\/nater_251018-150x301.jpg 150w\" sizes=\"(max-width: 276px) 100vw, 276px\" \/>Desejo de cora\u00e7\u00e3o.<\/p>\n<p>Virgem das virgens, preclara<br \/>\nN\u00e3o me negues, M\u00e3e t\u00e3o cara,<br \/>\nPoder contigo chorar.<\/p>\n<p>Que eu viva de Cristo a morte,<br \/>\nDa Paix\u00e3o seja seu consorte,<br \/>\nCelebrando suas chagas.<\/p>\n<p>Que meu cora\u00e7\u00e3o magoado,<br \/>\nPela Cruz apaixonado,<br \/>\nSeja em Seu Sangue remido<\/p>\n<p>Por Maria amparado<br \/>\nQue eu n\u00e3o seja condenado<br \/>\nNo dia de minha morte<br \/>\n\u00f3 Cristo, que eu tenha a sorte,<br \/>\nNo dia de minha morte<br \/>\nSer levado por Maria.<\/p>\n<p>E no dia em que eu morrer,<br \/>\nFaze com que eu possa ter<br \/>\nA gl\u00f3ria do Para\u00edso.<\/p>\n<p>Am\u00e9m.<\/p>\n<p><em>Frei Jacopone de Todi<\/em><\/p>\n","protected":false},"excerpt":{"rendered":"<p>Estava a M\u00e3e dolorosa Junto da Cruz, lacrimosa, Da qual pendia o seu Filho. Banhada em pranto amoroso, Neste transe doloroso, A dor lhe rasgava o peito. \u00f3 qu\u00e3o triste e qu\u00e3o aflita Se encontrava a M\u00e3e bendita, Chorando o seu Unig\u00e9nito. Estava triste e sofria \u00cb porque ela mesma via As dores do Filho [&hellip;]<\/p>\n","protected":false},"author":3,"featured_media":174852,"comment_status":"open","ping_status":"open","sticky":false,"template":"","format":"standard","meta":[],"categories":[12],"tags":[],"yoast_head":"<!-- This site is optimized with the Yoast SEO plugin v19.2 - https:\/\/yoast.com\/wordpress\/plugins\/seo\/ -->\n<title>Stabat Mater - Carisma - Franciscanos<\/title>\n<meta name=\"robots\" content=\"index, follow, max-snippet:-1, max-image-preview:large, max-video-preview:-1\" \/>\n<link rel=\"canonical\" href=\"https:\/\/franciscanos.org.br\/carisma\/stabat-mater.html\" \/>\n<meta property=\"og:locale\" content=\"pt_BR\" \/>\n<meta property=\"og:type\" content=\"article\" \/>\n<meta property=\"og:title\" content=\"Stabat Mater - Carisma - Franciscanos\" \/>\n<meta property=\"og:description\" content=\"Estava a M\u00e3e dolorosa Junto da Cruz, lacrimosa, Da qual pendia o seu Filho. Banhada em pranto amoroso, Neste transe doloroso, A dor lhe rasgava o peito. \u00f3 qu\u00e3o triste e qu\u00e3o aflita Se encontrava a M\u00e3e bendita, Chorando o seu Unig\u00e9nito. Estava triste e sofria \u00cb porque ela mesma via As dores do Filho [&hellip;]\" \/>\n<meta property=\"og:url\" content=\"https:\/\/franciscanos.org.br\/carisma\/stabat-mater.html\" \/>\n<meta property=\"og:site_name\" content=\"Carisma - Franciscanos\" \/>\n<meta property=\"article:published_time\" content=\"2018-10-25T18:18:23+00:00\" \/>\n<meta property=\"og:image\" content=\"https:\/\/franciscanos.org.br\/carisma\/wp-content\/uploads\/2018\/10\/mater_2510.jpg\" \/>\n\t<meta property=\"og:image:width\" content=\"566\" \/>\n\t<meta property=\"og:image:height\" content=\"473\" \/>\n\t<meta property=\"og:image:type\" content=\"image\/jpeg\" \/>\n<meta name=\"author\" content=\"moacir\" \/>\n<meta name=\"twitter:card\" content=\"summary_large_image\" \/>\n<meta name=\"twitter:label1\" content=\"Escrito por\" \/>\n\t<meta name=\"twitter:data1\" content=\"moacir\" \/>\n\t<meta name=\"twitter:label2\" content=\"Est. tempo de leitura\" \/>\n\t<meta name=\"twitter:data2\" content=\"2 minutos\" \/>\n<script type=\"application\/ld+json\" class=\"yoast-schema-graph\">{\"@context\":\"https:\/\/schema.org\",\"@graph\":[{\"@type\":\"WebSite\",\"@id\":\"https:\/\/franciscanos.org.br\/carisma\/#website\",\"url\":\"https:\/\/franciscanos.org.br\/carisma\/\",\"name\":\"Carisma - Franciscanos\",\"description\":\"Prov\u00edncia Franciscana da Imaculada Concei\u00e7\u00e3o do Brasil - Ordem dos Frades Menores\",\"potentialAction\":[{\"@type\":\"SearchAction\",\"target\":{\"@type\":\"EntryPoint\",\"urlTemplate\":\"https:\/\/franciscanos.org.br\/carisma\/?s={search_term_string}\"},\"query-input\":\"required name=search_term_string\"}],\"inLanguage\":\"pt-BR\"},{\"@type\":\"ImageObject\",\"inLanguage\":\"pt-BR\",\"@id\":\"https:\/\/franciscanos.org.br\/carisma\/stabat-mater.html#primaryimage\",\"url\":\"https:\/\/franciscanos.org.br\/carisma\/wp-content\/uploads\/2018\/10\/mater_2510.jpg\",\"contentUrl\":\"https:\/\/franciscanos.org.br\/carisma\/wp-content\/uploads\/2018\/10\/mater_2510.jpg\",\"width\":566,\"height\":473},{\"@type\":\"WebPage\",\"@id\":\"https:\/\/franciscanos.org.br\/carisma\/stabat-mater.html#webpage\",\"url\":\"https:\/\/franciscanos.org.br\/carisma\/stabat-mater.html\",\"name\":\"Stabat Mater - Carisma - Franciscanos\",\"isPartOf\":{\"@id\":\"https:\/\/franciscanos.org.br\/carisma\/#website\"},\"primaryImageOfPage\":{\"@id\":\"https:\/\/franciscanos.org.br\/carisma\/stabat-mater.html#primaryimage\"},\"datePublished\":\"2018-10-25T18:18:23+00:00\",\"dateModified\":\"2018-10-25T18:18:23+00:00\",\"author\":{\"@id\":\"https:\/\/franciscanos.org.br\/carisma\/#\/schema\/person\/bf14cae4d2151ab6b6e41d96660f93a2\"},\"breadcrumb\":{\"@id\":\"https:\/\/franciscanos.org.br\/carisma\/stabat-mater.html#breadcrumb\"},\"inLanguage\":\"pt-BR\",\"potentialAction\":[{\"@type\":\"ReadAction\",\"target\":[\"https:\/\/franciscanos.org.br\/carisma\/stabat-mater.html\"]}]},{\"@type\":\"BreadcrumbList\",\"@id\":\"https:\/\/franciscanos.org.br\/carisma\/stabat-mater.html#breadcrumb\",\"itemListElement\":[{\"@type\":\"ListItem\",\"position\":1,\"name\":\"Home\",\"item\":\"https:\/\/franciscanos.org.br\/carisma\"},{\"@type\":\"ListItem\",\"position\":2,\"name\":\"Stabat Mater\"}]},{\"@type\":\"Person\",\"@id\":\"https:\/\/franciscanos.org.br\/carisma\/#\/schema\/person\/bf14cae4d2151ab6b6e41d96660f93a2\",\"name\":\"moacir\",\"image\":{\"@type\":\"ImageObject\",\"inLanguage\":\"pt-BR\",\"@id\":\"https:\/\/franciscanos.org.br\/carisma\/#\/schema\/person\/image\/\",\"url\":\"https:\/\/secure.gravatar.com\/avatar\/d08aa2ce4c8dd416d4479aa8536fcf64?s=96&d=mm&r=g\",\"contentUrl\":\"https:\/\/secure.gravatar.com\/avatar\/d08aa2ce4c8dd416d4479aa8536fcf64?s=96&d=mm&r=g\",\"caption\":\"moacir\"},\"url\":\"https:\/\/franciscanos.org.br\/carisma\/author\/moacir\"}]}<\/script>\n<!-- \/ Yoast SEO plugin. -->","yoast_head_json":{"title":"Stabat Mater - Carisma - Franciscanos","robots":{"index":"index","follow":"follow","max-snippet":"max-snippet:-1","max-image-preview":"max-image-preview:large","max-video-preview":"max-video-preview:-1"},"canonical":"https:\/\/franciscanos.org.br\/carisma\/stabat-mater.html","og_locale":"pt_BR","og_type":"article","og_title":"Stabat Mater - Carisma - Franciscanos","og_description":"Estava a M\u00e3e dolorosa Junto da Cruz, lacrimosa, Da qual pendia o seu Filho. Banhada em pranto amoroso, Neste transe doloroso, A dor lhe rasgava o peito. \u00f3 qu\u00e3o triste e qu\u00e3o aflita Se encontrava a M\u00e3e bendita, Chorando o seu Unig\u00e9nito. Estava triste e sofria \u00cb porque ela mesma via As dores do Filho [&hellip;]","og_url":"https:\/\/franciscanos.org.br\/carisma\/stabat-mater.html","og_site_name":"Carisma - Franciscanos","article_published_time":"2018-10-25T18:18:23+00:00","og_image":[{"width":566,"height":473,"url":"https:\/\/franciscanos.org.br\/carisma\/wp-content\/uploads\/2018\/10\/mater_2510.jpg","type":"image\/jpeg"}],"author":"moacir","twitter_card":"summary_large_image","twitter_misc":{"Escrito por":"moacir","Est. tempo de leitura":"2 minutos"},"schema":{"@context":"https:\/\/schema.org","@graph":[{"@type":"WebSite","@id":"https:\/\/franciscanos.org.br\/carisma\/#website","url":"https:\/\/franciscanos.org.br\/carisma\/","name":"Carisma - Franciscanos","description":"Prov\u00edncia Franciscana da Imaculada Concei\u00e7\u00e3o do Brasil - Ordem dos Frades Menores","potentialAction":[{"@type":"SearchAction","target":{"@type":"EntryPoint","urlTemplate":"https:\/\/franciscanos.org.br\/carisma\/?s={search_term_string}"},"query-input":"required name=search_term_string"}],"inLanguage":"pt-BR"},{"@type":"ImageObject","inLanguage":"pt-BR","@id":"https:\/\/franciscanos.org.br\/carisma\/stabat-mater.html#primaryimage","url":"https:\/\/franciscanos.org.br\/carisma\/wp-content\/uploads\/2018\/10\/mater_2510.jpg","contentUrl":"https:\/\/franciscanos.org.br\/carisma\/wp-content\/uploads\/2018\/10\/mater_2510.jpg","width":566,"height":473},{"@type":"WebPage","@id":"https:\/\/franciscanos.org.br\/carisma\/stabat-mater.html#webpage","url":"https:\/\/franciscanos.org.br\/carisma\/stabat-mater.html","name":"Stabat Mater - Carisma - Franciscanos","isPartOf":{"@id":"https:\/\/franciscanos.org.br\/carisma\/#website"},"primaryImageOfPage":{"@id":"https:\/\/franciscanos.org.br\/carisma\/stabat-mater.html#primaryimage"},"datePublished":"2018-10-25T18:18:23+00:00","dateModified":"2018-10-25T18:18:23+00:00","author":{"@id":"https:\/\/franciscanos.org.br\/carisma\/#\/schema\/person\/bf14cae4d2151ab6b6e41d96660f93a2"},"breadcrumb":{"@id":"https:\/\/franciscanos.org.br\/carisma\/stabat-mater.html#breadcrumb"},"inLanguage":"pt-BR","potentialAction":[{"@type":"ReadAction","target":["https:\/\/franciscanos.org.br\/carisma\/stabat-mater.html"]}]},{"@type":"BreadcrumbList","@id":"https:\/\/franciscanos.org.br\/carisma\/stabat-mater.html#breadcrumb","itemListElement":[{"@type":"ListItem","position":1,"name":"Home","item":"https:\/\/franciscanos.org.br\/carisma"},{"@type":"ListItem","position":2,"name":"Stabat Mater"}]},{"@type":"Person","@id":"https:\/\/franciscanos.org.br\/carisma\/#\/schema\/person\/bf14cae4d2151ab6b6e41d96660f93a2","name":"moacir","image":{"@type":"ImageObject","inLanguage":"pt-BR","@id":"https:\/\/franciscanos.org.br\/carisma\/#\/schema\/person\/image\/","url":"https:\/\/secure.gravatar.com\/avatar\/d08aa2ce4c8dd416d4479aa8536fcf64?s=96&d=mm&r=g","contentUrl":"https:\/\/secure.gravatar.com\/avatar\/d08aa2ce4c8dd416d4479aa8536fcf64?s=96&d=mm&r=g","caption":"moacir"},"url":"https:\/\/franciscanos.org.br\/carisma\/author\/moacir"}]}},"_links":{"self":[{"href":"https:\/\/franciscanos.org.br\/carisma\/wp-json\/wp\/v2\/posts\/174850"}],"collection":[{"href":"https:\/\/franciscanos.org.br\/carisma\/wp-json\/wp\/v2\/posts"}],"about":[{"href":"https:\/\/franciscanos.org.br\/carisma\/wp-json\/wp\/v2\/types\/post"}],"author":[{"embeddable":true,"href":"https:\/\/franciscanos.org.br\/carisma\/wp-json\/wp\/v2\/users\/3"}],"replies":[{"embeddable":true,"href":"https:\/\/franciscanos.org.br\/carisma\/wp-json\/wp\/v2\/comments?post=174850"}],"version-history":[{"count":0,"href":"https:\/\/franciscanos.org.br\/carisma\/wp-json\/wp\/v2\/posts\/174850\/revisions"}],"wp:featuredmedia":[{"embeddable":true,"href":"https:\/\/franciscanos.org.br\/carisma\/wp-json\/wp\/v2\/media\/174852"}],"wp:attachment":[{"href":"https:\/\/franciscanos.org.br\/carisma\/wp-json\/wp\/v2\/media?parent=174850"}],"wp:term":[{"taxonomy":"category","embeddable":true,"href":"https:\/\/franciscanos.org.br\/carisma\/wp-json\/wp\/v2\/categories?post=174850"},{"taxonomy":"post_tag","embeddable":true,"href":"https:\/\/franciscanos.org.br\/carisma\/wp-json\/wp\/v2\/tags?post=174850"}],"curies":[{"name":"wp","href":"https:\/\/api.w.org\/{rel}","templated":true}]}}