{"id":174839,"date":"2018-10-25T14:27:57","date_gmt":"2018-10-25T17:27:57","guid":{"rendered":"http:\/\/franciscanos.org.br\/carisma\/?p=174839"},"modified":"2018-10-25T14:27:57","modified_gmt":"2018-10-25T17:27:57","slug":"oracao-a-santa-clara","status":"publish","type":"post","link":"https:\/\/franciscanos.org.br\/carisma\/oracao-a-santa-clara.html","title":{"rendered":"Ora\u00e7\u00e3o a Santa Clara"},"content":{"rendered":"<p><img loading=\"lazy\" class=\"alignleft  wp-image-174840\" src=\"http:\/\/franciscanos.org.br\/carisma\/wp-content\/uploads\/2018\/10\/clara_251018.jpg\" alt=\"\" width=\"211\" height=\"588\" srcset=\"https:\/\/franciscanos.org.br\/carisma\/wp-content\/uploads\/2018\/10\/clara_251018.jpg 287w, https:\/\/franciscanos.org.br\/carisma\/wp-content\/uploads\/2018\/10\/clara_251018-161x450.jpg 161w, https:\/\/franciscanos.org.br\/carisma\/wp-content\/uploads\/2018\/10\/clara_251018-150x418.jpg 150w\" sizes=\"(max-width: 211px) 100vw, 211px\" \/>Clara, santa cheia de claridade,<br \/>\nIrm\u00e3 de S\u00e3o Francisco de Assis,<br \/>\nIntercede pelos teus devotos<br \/>\nQue querem ser puros e transparentes.<br \/>\nTeu nome e teu ser<br \/>\nExalam o perfume das coisas inteiras<br \/>\nE o frescor do que \u00e9 novo e renovado.<br \/>\nClareia os caminhos tortuosos<br \/>\nDaqueles que se embrenham<br \/>\nNa noite do pr\u00f3prio ego\u00edsmo<br \/>\nE nas trevas do isolamento.<br \/>\nClara, irm\u00e3 de S\u00e3o Francisco,<br \/>\nColoca em nossos cora\u00e7\u00f5es<br \/>\nA paix\u00e3o pela simplicidade,<br \/>\nA sede pela pobreza,<br \/>\nA \u00e2nsia pela contempla\u00e7\u00e3o.<br \/>\nTe suplico, Irm\u00e3 Lua,<br \/>\nQue junto ao Sol de Assis<br \/>\nNo mesmo c\u00e9u refulge,<br \/>\nAlcan\u00e7a-nos a gra\u00e7a que,<br \/>\nConfiantes vos pedimos.<br \/>\nSanta Clara, ilumina os passos<br \/>\nDaqueles que buscam a claridade!<br \/>\nAm\u00e9m!<\/p>\n","protected":false},"excerpt":{"rendered":"<p>Clara, santa cheia de claridade, Irm\u00e3 de S\u00e3o Francisco de Assis, Intercede pelos teus devotos Que querem ser puros e transparentes. Teu nome e teu ser Exalam o perfume das coisas inteiras E o frescor do que \u00e9 novo e renovado. Clareia os caminhos tortuosos Daqueles que se embrenham Na noite do pr\u00f3prio ego\u00edsmo E [&hellip;]<\/p>\n","protected":false},"author":3,"featured_media":174841,"comment_status":"open","ping_status":"open","sticky":false,"template":"","format":"standard","meta":[],"categories":[12],"tags":[],"yoast_head":"<!-- This site is optimized with the Yoast SEO plugin v19.2 - https:\/\/yoast.com\/wordpress\/plugins\/seo\/ -->\n<title>Ora\u00e7\u00e3o a Santa Clara - Carisma - Franciscanos<\/title>\n<meta name=\"robots\" content=\"index, follow, max-snippet:-1, max-image-preview:large, max-video-preview:-1\" \/>\n<link rel=\"canonical\" href=\"https:\/\/franciscanos.org.br\/carisma\/oracao-a-santa-clara.html\" \/>\n<meta property=\"og:locale\" content=\"pt_BR\" \/>\n<meta property=\"og:type\" content=\"article\" \/>\n<meta property=\"og:title\" content=\"Ora\u00e7\u00e3o a Santa Clara - Carisma - Franciscanos\" \/>\n<meta property=\"og:description\" content=\"Clara, santa cheia de claridade, Irm\u00e3 de S\u00e3o Francisco de Assis, Intercede pelos teus devotos Que querem ser puros e transparentes. Teu nome e teu ser Exalam o perfume das coisas inteiras E o frescor do que \u00e9 novo e renovado. Clareia os caminhos tortuosos Daqueles que se embrenham Na noite do pr\u00f3prio ego\u00edsmo E [&hellip;]\" \/>\n<meta property=\"og:url\" content=\"https:\/\/franciscanos.org.br\/carisma\/oracao-a-santa-clara.html\" \/>\n<meta property=\"og:site_name\" content=\"Carisma - Franciscanos\" \/>\n<meta property=\"article:published_time\" content=\"2018-10-25T17:27:57+00:00\" \/>\n<meta property=\"og:image\" content=\"https:\/\/franciscanos.org.br\/carisma\/wp-content\/uploads\/2018\/10\/clara_251018g.jpg\" \/>\n\t<meta property=\"og:image:width\" content=\"611\" \/>\n\t<meta property=\"og:image:height\" content=\"636\" \/>\n\t<meta property=\"og:image:type\" content=\"image\/jpeg\" \/>\n<meta name=\"author\" content=\"moacir\" \/>\n<meta name=\"twitter:card\" content=\"summary_large_image\" \/>\n<meta name=\"twitter:label1\" content=\"Escrito por\" \/>\n\t<meta name=\"twitter:data1\" content=\"moacir\" \/>\n\t<meta name=\"twitter:label2\" content=\"Est. tempo de leitura\" \/>\n\t<meta name=\"twitter:data2\" content=\"1 minuto\" \/>\n<script type=\"application\/ld+json\" class=\"yoast-schema-graph\">{\"@context\":\"https:\/\/schema.org\",\"@graph\":[{\"@type\":\"WebSite\",\"@id\":\"https:\/\/franciscanos.org.br\/carisma\/#website\",\"url\":\"https:\/\/franciscanos.org.br\/carisma\/\",\"name\":\"Carisma - Franciscanos\",\"description\":\"Prov\u00edncia Franciscana da Imaculada Concei\u00e7\u00e3o do Brasil - Ordem dos Frades Menores\",\"potentialAction\":[{\"@type\":\"SearchAction\",\"target\":{\"@type\":\"EntryPoint\",\"urlTemplate\":\"https:\/\/franciscanos.org.br\/carisma\/?s={search_term_string}\"},\"query-input\":\"required name=search_term_string\"}],\"inLanguage\":\"pt-BR\"},{\"@type\":\"ImageObject\",\"inLanguage\":\"pt-BR\",\"@id\":\"https:\/\/franciscanos.org.br\/carisma\/oracao-a-santa-clara.html#primaryimage\",\"url\":\"https:\/\/franciscanos.org.br\/carisma\/wp-content\/uploads\/2018\/10\/clara_251018g.jpg\",\"contentUrl\":\"https:\/\/franciscanos.org.br\/carisma\/wp-content\/uploads\/2018\/10\/clara_251018g.jpg\",\"width\":611,\"height\":636},{\"@type\":\"WebPage\",\"@id\":\"https:\/\/franciscanos.org.br\/carisma\/oracao-a-santa-clara.html#webpage\",\"url\":\"https:\/\/franciscanos.org.br\/carisma\/oracao-a-santa-clara.html\",\"name\":\"Ora\u00e7\u00e3o a Santa Clara - Carisma - Franciscanos\",\"isPartOf\":{\"@id\":\"https:\/\/franciscanos.org.br\/carisma\/#website\"},\"primaryImageOfPage\":{\"@id\":\"https:\/\/franciscanos.org.br\/carisma\/oracao-a-santa-clara.html#primaryimage\"},\"datePublished\":\"2018-10-25T17:27:57+00:00\",\"dateModified\":\"2018-10-25T17:27:57+00:00\",\"author\":{\"@id\":\"https:\/\/franciscanos.org.br\/carisma\/#\/schema\/person\/bf14cae4d2151ab6b6e41d96660f93a2\"},\"breadcrumb\":{\"@id\":\"https:\/\/franciscanos.org.br\/carisma\/oracao-a-santa-clara.html#breadcrumb\"},\"inLanguage\":\"pt-BR\",\"potentialAction\":[{\"@type\":\"ReadAction\",\"target\":[\"https:\/\/franciscanos.org.br\/carisma\/oracao-a-santa-clara.html\"]}]},{\"@type\":\"BreadcrumbList\",\"@id\":\"https:\/\/franciscanos.org.br\/carisma\/oracao-a-santa-clara.html#breadcrumb\",\"itemListElement\":[{\"@type\":\"ListItem\",\"position\":1,\"name\":\"Home\",\"item\":\"https:\/\/franciscanos.org.br\/carisma\"},{\"@type\":\"ListItem\",\"position\":2,\"name\":\"Ora\u00e7\u00e3o a Santa Clara\"}]},{\"@type\":\"Person\",\"@id\":\"https:\/\/franciscanos.org.br\/carisma\/#\/schema\/person\/bf14cae4d2151ab6b6e41d96660f93a2\",\"name\":\"moacir\",\"image\":{\"@type\":\"ImageObject\",\"inLanguage\":\"pt-BR\",\"@id\":\"https:\/\/franciscanos.org.br\/carisma\/#\/schema\/person\/image\/\",\"url\":\"https:\/\/secure.gravatar.com\/avatar\/d08aa2ce4c8dd416d4479aa8536fcf64?s=96&d=mm&r=g\",\"contentUrl\":\"https:\/\/secure.gravatar.com\/avatar\/d08aa2ce4c8dd416d4479aa8536fcf64?s=96&d=mm&r=g\",\"caption\":\"moacir\"},\"url\":\"https:\/\/franciscanos.org.br\/carisma\/author\/moacir\"}]}<\/script>\n<!-- \/ Yoast SEO plugin. -->","yoast_head_json":{"title":"Ora\u00e7\u00e3o a Santa Clara - Carisma - Franciscanos","robots":{"index":"index","follow":"follow","max-snippet":"max-snippet:-1","max-image-preview":"max-image-preview:large","max-video-preview":"max-video-preview:-1"},"canonical":"https:\/\/franciscanos.org.br\/carisma\/oracao-a-santa-clara.html","og_locale":"pt_BR","og_type":"article","og_title":"Ora\u00e7\u00e3o a Santa Clara - Carisma - Franciscanos","og_description":"Clara, santa cheia de claridade, Irm\u00e3 de S\u00e3o Francisco de Assis, Intercede pelos teus devotos Que querem ser puros e transparentes. Teu nome e teu ser Exalam o perfume das coisas inteiras E o frescor do que \u00e9 novo e renovado. Clareia os caminhos tortuosos Daqueles que se embrenham Na noite do pr\u00f3prio ego\u00edsmo E [&hellip;]","og_url":"https:\/\/franciscanos.org.br\/carisma\/oracao-a-santa-clara.html","og_site_name":"Carisma - Franciscanos","article_published_time":"2018-10-25T17:27:57+00:00","og_image":[{"width":611,"height":636,"url":"https:\/\/franciscanos.org.br\/carisma\/wp-content\/uploads\/2018\/10\/clara_251018g.jpg","type":"image\/jpeg"}],"author":"moacir","twitter_card":"summary_large_image","twitter_misc":{"Escrito por":"moacir","Est. tempo de leitura":"1 minuto"},"schema":{"@context":"https:\/\/schema.org","@graph":[{"@type":"WebSite","@id":"https:\/\/franciscanos.org.br\/carisma\/#website","url":"https:\/\/franciscanos.org.br\/carisma\/","name":"Carisma - Franciscanos","description":"Prov\u00edncia Franciscana da Imaculada Concei\u00e7\u00e3o do Brasil - Ordem dos Frades Menores","potentialAction":[{"@type":"SearchAction","target":{"@type":"EntryPoint","urlTemplate":"https:\/\/franciscanos.org.br\/carisma\/?s={search_term_string}"},"query-input":"required name=search_term_string"}],"inLanguage":"pt-BR"},{"@type":"ImageObject","inLanguage":"pt-BR","@id":"https:\/\/franciscanos.org.br\/carisma\/oracao-a-santa-clara.html#primaryimage","url":"https:\/\/franciscanos.org.br\/carisma\/wp-content\/uploads\/2018\/10\/clara_251018g.jpg","contentUrl":"https:\/\/franciscanos.org.br\/carisma\/wp-content\/uploads\/2018\/10\/clara_251018g.jpg","width":611,"height":636},{"@type":"WebPage","@id":"https:\/\/franciscanos.org.br\/carisma\/oracao-a-santa-clara.html#webpage","url":"https:\/\/franciscanos.org.br\/carisma\/oracao-a-santa-clara.html","name":"Ora\u00e7\u00e3o a Santa Clara - Carisma - Franciscanos","isPartOf":{"@id":"https:\/\/franciscanos.org.br\/carisma\/#website"},"primaryImageOfPage":{"@id":"https:\/\/franciscanos.org.br\/carisma\/oracao-a-santa-clara.html#primaryimage"},"datePublished":"2018-10-25T17:27:57+00:00","dateModified":"2018-10-25T17:27:57+00:00","author":{"@id":"https:\/\/franciscanos.org.br\/carisma\/#\/schema\/person\/bf14cae4d2151ab6b6e41d96660f93a2"},"breadcrumb":{"@id":"https:\/\/franciscanos.org.br\/carisma\/oracao-a-santa-clara.html#breadcrumb"},"inLanguage":"pt-BR","potentialAction":[{"@type":"ReadAction","target":["https:\/\/franciscanos.org.br\/carisma\/oracao-a-santa-clara.html"]}]},{"@type":"BreadcrumbList","@id":"https:\/\/franciscanos.org.br\/carisma\/oracao-a-santa-clara.html#breadcrumb","itemListElement":[{"@type":"ListItem","position":1,"name":"Home","item":"https:\/\/franciscanos.org.br\/carisma"},{"@type":"ListItem","position":2,"name":"Ora\u00e7\u00e3o a Santa Clara"}]},{"@type":"Person","@id":"https:\/\/franciscanos.org.br\/carisma\/#\/schema\/person\/bf14cae4d2151ab6b6e41d96660f93a2","name":"moacir","image":{"@type":"ImageObject","inLanguage":"pt-BR","@id":"https:\/\/franciscanos.org.br\/carisma\/#\/schema\/person\/image\/","url":"https:\/\/secure.gravatar.com\/avatar\/d08aa2ce4c8dd416d4479aa8536fcf64?s=96&d=mm&r=g","contentUrl":"https:\/\/secure.gravatar.com\/avatar\/d08aa2ce4c8dd416d4479aa8536fcf64?s=96&d=mm&r=g","caption":"moacir"},"url":"https:\/\/franciscanos.org.br\/carisma\/author\/moacir"}]}},"_links":{"self":[{"href":"https:\/\/franciscanos.org.br\/carisma\/wp-json\/wp\/v2\/posts\/174839"}],"collection":[{"href":"https:\/\/franciscanos.org.br\/carisma\/wp-json\/wp\/v2\/posts"}],"about":[{"href":"https:\/\/franciscanos.org.br\/carisma\/wp-json\/wp\/v2\/types\/post"}],"author":[{"embeddable":true,"href":"https:\/\/franciscanos.org.br\/carisma\/wp-json\/wp\/v2\/users\/3"}],"replies":[{"embeddable":true,"href":"https:\/\/franciscanos.org.br\/carisma\/wp-json\/wp\/v2\/comments?post=174839"}],"version-history":[{"count":0,"href":"https:\/\/franciscanos.org.br\/carisma\/wp-json\/wp\/v2\/posts\/174839\/revisions"}],"wp:featuredmedia":[{"embeddable":true,"href":"https:\/\/franciscanos.org.br\/carisma\/wp-json\/wp\/v2\/media\/174841"}],"wp:attachment":[{"href":"https:\/\/franciscanos.org.br\/carisma\/wp-json\/wp\/v2\/media?parent=174839"}],"wp:term":[{"taxonomy":"category","embeddable":true,"href":"https:\/\/franciscanos.org.br\/carisma\/wp-json\/wp\/v2\/categories?post=174839"},{"taxonomy":"post_tag","embeddable":true,"href":"https:\/\/franciscanos.org.br\/carisma\/wp-json\/wp\/v2\/tags?post=174839"}],"curies":[{"name":"wp","href":"https:\/\/api.w.org\/{rel}","templated":true}]}}