{"id":174834,"date":"2018-10-25T14:04:08","date_gmt":"2018-10-25T17:04:08","guid":{"rendered":"http:\/\/franciscanos.org.br\/carisma\/?p=174834"},"modified":"2018-10-25T14:04:08","modified_gmt":"2018-10-25T17:04:08","slug":"saudacao-a-mae-de-deus","status":"publish","type":"post","link":"https:\/\/franciscanos.org.br\/carisma\/saudacao-a-mae-de-deus.html","title":{"rendered":"Sauda\u00e7\u00e3o a M\u00e3e de Deus"},"content":{"rendered":"<p><img loading=\"lazy\" class=\"alignleft  wp-image-174835\" src=\"http:\/\/franciscanos.org.br\/carisma\/wp-content\/uploads\/2018\/10\/maria_251018_2.jpg\" alt=\"\" width=\"269\" height=\"462\" srcset=\"https:\/\/franciscanos.org.br\/carisma\/wp-content\/uploads\/2018\/10\/maria_251018_2.jpg 466w, https:\/\/franciscanos.org.br\/carisma\/wp-content\/uploads\/2018\/10\/maria_251018_2-262x450.jpg 262w, https:\/\/franciscanos.org.br\/carisma\/wp-content\/uploads\/2018\/10\/maria_251018_2-150x258.jpg 150w\" sizes=\"(max-width: 269px) 100vw, 269px\" \/>Salve, \u00f3 Senhora santa, Rainha sant\u00edssima,<br \/>\nM\u00e3e de Deus, \u00f3 Maria, que sois Virgem feita igreja,<br \/>\neleita pelo sant\u00edssimo Pai celestial,<br \/>\nque vos consagrou por seu sant\u00edssimo<br \/>\ne dileto Filho e o Esp\u00edrito Santo Par\u00e1clito!<br \/>\nEm v\u00f3s residiu e reside toda a plenitude<br \/>\nda gra\u00e7a e todo o bem!<br \/>\nSalve, \u00f3 pal\u00e1cio do Senhor! Salve,<br \/>\n\u00f3 tabern\u00e1culo do Senhor!<br \/>\nSalve, \u00f3 morada do Senhor!<br \/>\nSalve, \u00f3 manto do Senhor!<br \/>\nSalve, \u00f3 serva do Senhor!<br \/>\nSalve, \u00f3 M\u00e3e do Senhor,<br \/>\ne salve v\u00f3s todas, \u00f3 santas virtudes<br \/>\nderramadas, pela gra\u00e7a e ilumina\u00e7\u00e3o<br \/>\ndo Esp\u00edrito Santo,<br \/>\nnos cora\u00e7\u00f5es dos fi\u00e9is<br \/>\ntransformando-os de infi\u00e9is<br \/>\nem servos fi\u00e9is de Deus!<\/p>\n","protected":false},"excerpt":{"rendered":"<p>Salve, \u00f3 Senhora santa, Rainha sant\u00edssima, M\u00e3e de Deus, \u00f3 Maria, que sois Virgem feita igreja, eleita pelo sant\u00edssimo Pai celestial, que vos consagrou por seu sant\u00edssimo e dileto Filho e o Esp\u00edrito Santo Par\u00e1clito! Em v\u00f3s residiu e reside toda a plenitude da gra\u00e7a e todo o bem! Salve, \u00f3 pal\u00e1cio do Senhor! Salve, [&hellip;]<\/p>\n","protected":false},"author":3,"featured_media":174836,"comment_status":"open","ping_status":"open","sticky":false,"template":"","format":"standard","meta":[],"categories":[12],"tags":[],"yoast_head":"<!-- This site is optimized with the Yoast SEO plugin v19.2 - https:\/\/yoast.com\/wordpress\/plugins\/seo\/ -->\n<title>Sauda\u00e7\u00e3o a M\u00e3e de Deus - Carisma - Franciscanos<\/title>\n<meta name=\"robots\" content=\"index, follow, max-snippet:-1, max-image-preview:large, max-video-preview:-1\" \/>\n<link rel=\"canonical\" href=\"https:\/\/franciscanos.org.br\/carisma\/saudacao-a-mae-de-deus.html\" \/>\n<meta property=\"og:locale\" content=\"pt_BR\" \/>\n<meta property=\"og:type\" content=\"article\" \/>\n<meta property=\"og:title\" content=\"Sauda\u00e7\u00e3o a M\u00e3e de Deus - Carisma - Franciscanos\" \/>\n<meta property=\"og:description\" content=\"Salve, \u00f3 Senhora santa, Rainha sant\u00edssima, M\u00e3e de Deus, \u00f3 Maria, que sois Virgem feita igreja, eleita pelo sant\u00edssimo Pai celestial, que vos consagrou por seu sant\u00edssimo e dileto Filho e o Esp\u00edrito Santo Par\u00e1clito! Em v\u00f3s residiu e reside toda a plenitude da gra\u00e7a e todo o bem! Salve, \u00f3 pal\u00e1cio do Senhor! Salve, [&hellip;]\" \/>\n<meta property=\"og:url\" content=\"https:\/\/franciscanos.org.br\/carisma\/saudacao-a-mae-de-deus.html\" \/>\n<meta property=\"og:site_name\" content=\"Carisma - Franciscanos\" \/>\n<meta property=\"article:published_time\" content=\"2018-10-25T17:04:08+00:00\" \/>\n<meta property=\"og:image\" content=\"https:\/\/franciscanos.org.br\/carisma\/wp-content\/uploads\/2018\/10\/maria_251018_2g.jpg\" \/>\n\t<meta property=\"og:image:width\" content=\"466\" \/>\n\t<meta property=\"og:image:height\" content=\"496\" \/>\n\t<meta property=\"og:image:type\" content=\"image\/jpeg\" \/>\n<meta name=\"author\" content=\"moacir\" \/>\n<meta name=\"twitter:card\" content=\"summary_large_image\" \/>\n<meta name=\"twitter:label1\" content=\"Escrito por\" \/>\n\t<meta name=\"twitter:data1\" content=\"moacir\" \/>\n\t<meta name=\"twitter:label2\" content=\"Est. tempo de leitura\" \/>\n\t<meta name=\"twitter:data2\" content=\"1 minuto\" \/>\n<script type=\"application\/ld+json\" class=\"yoast-schema-graph\">{\"@context\":\"https:\/\/schema.org\",\"@graph\":[{\"@type\":\"WebSite\",\"@id\":\"https:\/\/franciscanos.org.br\/carisma\/#website\",\"url\":\"https:\/\/franciscanos.org.br\/carisma\/\",\"name\":\"Carisma - Franciscanos\",\"description\":\"Prov\u00edncia Franciscana da Imaculada Concei\u00e7\u00e3o do Brasil - Ordem dos Frades Menores\",\"potentialAction\":[{\"@type\":\"SearchAction\",\"target\":{\"@type\":\"EntryPoint\",\"urlTemplate\":\"https:\/\/franciscanos.org.br\/carisma\/?s={search_term_string}\"},\"query-input\":\"required name=search_term_string\"}],\"inLanguage\":\"pt-BR\"},{\"@type\":\"ImageObject\",\"inLanguage\":\"pt-BR\",\"@id\":\"https:\/\/franciscanos.org.br\/carisma\/saudacao-a-mae-de-deus.html#primaryimage\",\"url\":\"https:\/\/franciscanos.org.br\/carisma\/wp-content\/uploads\/2018\/10\/maria_251018_2g.jpg\",\"contentUrl\":\"https:\/\/franciscanos.org.br\/carisma\/wp-content\/uploads\/2018\/10\/maria_251018_2g.jpg\",\"width\":466,\"height\":496},{\"@type\":\"WebPage\",\"@id\":\"https:\/\/franciscanos.org.br\/carisma\/saudacao-a-mae-de-deus.html#webpage\",\"url\":\"https:\/\/franciscanos.org.br\/carisma\/saudacao-a-mae-de-deus.html\",\"name\":\"Sauda\u00e7\u00e3o a M\u00e3e de Deus - Carisma - Franciscanos\",\"isPartOf\":{\"@id\":\"https:\/\/franciscanos.org.br\/carisma\/#website\"},\"primaryImageOfPage\":{\"@id\":\"https:\/\/franciscanos.org.br\/carisma\/saudacao-a-mae-de-deus.html#primaryimage\"},\"datePublished\":\"2018-10-25T17:04:08+00:00\",\"dateModified\":\"2018-10-25T17:04:08+00:00\",\"author\":{\"@id\":\"https:\/\/franciscanos.org.br\/carisma\/#\/schema\/person\/bf14cae4d2151ab6b6e41d96660f93a2\"},\"breadcrumb\":{\"@id\":\"https:\/\/franciscanos.org.br\/carisma\/saudacao-a-mae-de-deus.html#breadcrumb\"},\"inLanguage\":\"pt-BR\",\"potentialAction\":[{\"@type\":\"ReadAction\",\"target\":[\"https:\/\/franciscanos.org.br\/carisma\/saudacao-a-mae-de-deus.html\"]}]},{\"@type\":\"BreadcrumbList\",\"@id\":\"https:\/\/franciscanos.org.br\/carisma\/saudacao-a-mae-de-deus.html#breadcrumb\",\"itemListElement\":[{\"@type\":\"ListItem\",\"position\":1,\"name\":\"Home\",\"item\":\"https:\/\/franciscanos.org.br\/carisma\"},{\"@type\":\"ListItem\",\"position\":2,\"name\":\"Sauda\u00e7\u00e3o a M\u00e3e de Deus\"}]},{\"@type\":\"Person\",\"@id\":\"https:\/\/franciscanos.org.br\/carisma\/#\/schema\/person\/bf14cae4d2151ab6b6e41d96660f93a2\",\"name\":\"moacir\",\"image\":{\"@type\":\"ImageObject\",\"inLanguage\":\"pt-BR\",\"@id\":\"https:\/\/franciscanos.org.br\/carisma\/#\/schema\/person\/image\/\",\"url\":\"https:\/\/secure.gravatar.com\/avatar\/d08aa2ce4c8dd416d4479aa8536fcf64?s=96&d=mm&r=g\",\"contentUrl\":\"https:\/\/secure.gravatar.com\/avatar\/d08aa2ce4c8dd416d4479aa8536fcf64?s=96&d=mm&r=g\",\"caption\":\"moacir\"},\"url\":\"https:\/\/franciscanos.org.br\/carisma\/author\/moacir\"}]}<\/script>\n<!-- \/ Yoast SEO plugin. -->","yoast_head_json":{"title":"Sauda\u00e7\u00e3o a M\u00e3e de Deus - Carisma - Franciscanos","robots":{"index":"index","follow":"follow","max-snippet":"max-snippet:-1","max-image-preview":"max-image-preview:large","max-video-preview":"max-video-preview:-1"},"canonical":"https:\/\/franciscanos.org.br\/carisma\/saudacao-a-mae-de-deus.html","og_locale":"pt_BR","og_type":"article","og_title":"Sauda\u00e7\u00e3o a M\u00e3e de Deus - Carisma - Franciscanos","og_description":"Salve, \u00f3 Senhora santa, Rainha sant\u00edssima, M\u00e3e de Deus, \u00f3 Maria, que sois Virgem feita igreja, eleita pelo sant\u00edssimo Pai celestial, que vos consagrou por seu sant\u00edssimo e dileto Filho e o Esp\u00edrito Santo Par\u00e1clito! Em v\u00f3s residiu e reside toda a plenitude da gra\u00e7a e todo o bem! Salve, \u00f3 pal\u00e1cio do Senhor! Salve, [&hellip;]","og_url":"https:\/\/franciscanos.org.br\/carisma\/saudacao-a-mae-de-deus.html","og_site_name":"Carisma - Franciscanos","article_published_time":"2018-10-25T17:04:08+00:00","og_image":[{"width":466,"height":496,"url":"https:\/\/franciscanos.org.br\/carisma\/wp-content\/uploads\/2018\/10\/maria_251018_2g.jpg","type":"image\/jpeg"}],"author":"moacir","twitter_card":"summary_large_image","twitter_misc":{"Escrito por":"moacir","Est. tempo de leitura":"1 minuto"},"schema":{"@context":"https:\/\/schema.org","@graph":[{"@type":"WebSite","@id":"https:\/\/franciscanos.org.br\/carisma\/#website","url":"https:\/\/franciscanos.org.br\/carisma\/","name":"Carisma - Franciscanos","description":"Prov\u00edncia Franciscana da Imaculada Concei\u00e7\u00e3o do Brasil - Ordem dos Frades Menores","potentialAction":[{"@type":"SearchAction","target":{"@type":"EntryPoint","urlTemplate":"https:\/\/franciscanos.org.br\/carisma\/?s={search_term_string}"},"query-input":"required name=search_term_string"}],"inLanguage":"pt-BR"},{"@type":"ImageObject","inLanguage":"pt-BR","@id":"https:\/\/franciscanos.org.br\/carisma\/saudacao-a-mae-de-deus.html#primaryimage","url":"https:\/\/franciscanos.org.br\/carisma\/wp-content\/uploads\/2018\/10\/maria_251018_2g.jpg","contentUrl":"https:\/\/franciscanos.org.br\/carisma\/wp-content\/uploads\/2018\/10\/maria_251018_2g.jpg","width":466,"height":496},{"@type":"WebPage","@id":"https:\/\/franciscanos.org.br\/carisma\/saudacao-a-mae-de-deus.html#webpage","url":"https:\/\/franciscanos.org.br\/carisma\/saudacao-a-mae-de-deus.html","name":"Sauda\u00e7\u00e3o a M\u00e3e de Deus - Carisma - Franciscanos","isPartOf":{"@id":"https:\/\/franciscanos.org.br\/carisma\/#website"},"primaryImageOfPage":{"@id":"https:\/\/franciscanos.org.br\/carisma\/saudacao-a-mae-de-deus.html#primaryimage"},"datePublished":"2018-10-25T17:04:08+00:00","dateModified":"2018-10-25T17:04:08+00:00","author":{"@id":"https:\/\/franciscanos.org.br\/carisma\/#\/schema\/person\/bf14cae4d2151ab6b6e41d96660f93a2"},"breadcrumb":{"@id":"https:\/\/franciscanos.org.br\/carisma\/saudacao-a-mae-de-deus.html#breadcrumb"},"inLanguage":"pt-BR","potentialAction":[{"@type":"ReadAction","target":["https:\/\/franciscanos.org.br\/carisma\/saudacao-a-mae-de-deus.html"]}]},{"@type":"BreadcrumbList","@id":"https:\/\/franciscanos.org.br\/carisma\/saudacao-a-mae-de-deus.html#breadcrumb","itemListElement":[{"@type":"ListItem","position":1,"name":"Home","item":"https:\/\/franciscanos.org.br\/carisma"},{"@type":"ListItem","position":2,"name":"Sauda\u00e7\u00e3o a M\u00e3e de Deus"}]},{"@type":"Person","@id":"https:\/\/franciscanos.org.br\/carisma\/#\/schema\/person\/bf14cae4d2151ab6b6e41d96660f93a2","name":"moacir","image":{"@type":"ImageObject","inLanguage":"pt-BR","@id":"https:\/\/franciscanos.org.br\/carisma\/#\/schema\/person\/image\/","url":"https:\/\/secure.gravatar.com\/avatar\/d08aa2ce4c8dd416d4479aa8536fcf64?s=96&d=mm&r=g","contentUrl":"https:\/\/secure.gravatar.com\/avatar\/d08aa2ce4c8dd416d4479aa8536fcf64?s=96&d=mm&r=g","caption":"moacir"},"url":"https:\/\/franciscanos.org.br\/carisma\/author\/moacir"}]}},"_links":{"self":[{"href":"https:\/\/franciscanos.org.br\/carisma\/wp-json\/wp\/v2\/posts\/174834"}],"collection":[{"href":"https:\/\/franciscanos.org.br\/carisma\/wp-json\/wp\/v2\/posts"}],"about":[{"href":"https:\/\/franciscanos.org.br\/carisma\/wp-json\/wp\/v2\/types\/post"}],"author":[{"embeddable":true,"href":"https:\/\/franciscanos.org.br\/carisma\/wp-json\/wp\/v2\/users\/3"}],"replies":[{"embeddable":true,"href":"https:\/\/franciscanos.org.br\/carisma\/wp-json\/wp\/v2\/comments?post=174834"}],"version-history":[{"count":0,"href":"https:\/\/franciscanos.org.br\/carisma\/wp-json\/wp\/v2\/posts\/174834\/revisions"}],"wp:featuredmedia":[{"embeddable":true,"href":"https:\/\/franciscanos.org.br\/carisma\/wp-json\/wp\/v2\/media\/174836"}],"wp:attachment":[{"href":"https:\/\/franciscanos.org.br\/carisma\/wp-json\/wp\/v2\/media?parent=174834"}],"wp:term":[{"taxonomy":"category","embeddable":true,"href":"https:\/\/franciscanos.org.br\/carisma\/wp-json\/wp\/v2\/categories?post=174834"},{"taxonomy":"post_tag","embeddable":true,"href":"https:\/\/franciscanos.org.br\/carisma\/wp-json\/wp\/v2\/tags?post=174834"}],"curies":[{"name":"wp","href":"https:\/\/api.w.org\/{rel}","templated":true}]}}