{"id":174821,"date":"2018-10-25T13:35:40","date_gmt":"2018-10-25T16:35:40","guid":{"rendered":"http:\/\/franciscanos.org.br\/carisma\/?p=174821"},"modified":"2018-10-25T13:35:40","modified_gmt":"2018-10-25T16:35:40","slug":"oracao-a-sao-francisco-das-chagas","status":"publish","type":"post","link":"https:\/\/franciscanos.org.br\/carisma\/oracao-a-sao-francisco-das-chagas.html","title":{"rendered":"Ora\u00e7\u00e3o a S\u00e3o Francisco das Chagas"},"content":{"rendered":"<p><em><img loading=\"lazy\" class=\"alignleft  wp-image-174822\" src=\"http:\/\/franciscanos.org.br\/carisma\/wp-content\/uploads\/2018\/10\/francisco_251018_stigmata.jpg\" alt=\"\" width=\"183\" height=\"539\" srcset=\"https:\/\/franciscanos.org.br\/carisma\/wp-content\/uploads\/2018\/10\/francisco_251018_stigmata.jpg 272w, https:\/\/franciscanos.org.br\/carisma\/wp-content\/uploads\/2018\/10\/francisco_251018_stigmata-153x450.jpg 153w, https:\/\/franciscanos.org.br\/carisma\/wp-content\/uploads\/2018\/10\/francisco_251018_stigmata-150x441.jpg 150w\" sizes=\"(max-width: 183px) 100vw, 183px\" \/>S\u00e3o Jo\u00e3o Paulo II<\/em><\/p>\n<p>\u00d3 S\u00e3o Francisco, estigmatizado do Monte Alverne,<br \/>\no mundo tem saudades de ti como imagem de Jesus Crucificado.<br \/>\nTem necessidade do teu cora\u00e7\u00e3o aberto para Deus e para o homem,<br \/>\ndos teus p\u00e9s descal\u00e7os e feridos,<br \/>\ndas tuas m\u00e3os trespassadas e implorantes.<br \/>\nTem saudades da tua voz fraca, mas forte pelo Evangelho.<br \/>\nAjuda, Francisco, os homens de hoje a reconhecerem<br \/>\no mal do pecado e a procurarem a purifica\u00e7\u00e3o da penit\u00eancia.<br \/>\nAjuda-os a libertarem-se das pr\u00f3prias estruturas de pecado,<br \/>\nque oprimem a sociedade hodierna.<\/p>\n<p>Reaviva na consci\u00eancia dos governantes a urg\u00eancia da paz<br \/>\nnas Na\u00e7\u00f5es e entre os povos.<br \/>\nInfunde nos jovens o teu vigor de vida, capaz de fazer frente<br \/>\n\u00e0s ins\u00eddias das m\u00faltiplas culturas da morte.<\/p>\n<p>Aos ofendidos por toda esp\u00e9cie de maldade,<br \/>\ncomunica, Francisco, a tua alegria de saber perdoar.<br \/>\nA todos os crucificados pelo sofrimento, pela fome e<br \/>\npela guerra, reabre as portas da esperan\u00e7a. Am\u00e9m.<\/p>\n<p><em>(Em 17.09.1983, na Capela dos Estigmas \u2013 Alverne)<\/em><\/p>\n","protected":false},"excerpt":{"rendered":"<p>S\u00e3o Jo\u00e3o Paulo II \u00d3 S\u00e3o Francisco, estigmatizado do Monte Alverne, o mundo tem saudades de ti como imagem de Jesus Crucificado. Tem necessidade do teu cora\u00e7\u00e3o aberto para Deus e para o homem, dos teus p\u00e9s descal\u00e7os e feridos, das tuas m\u00e3os trespassadas e implorantes. Tem saudades da tua voz fraca, mas forte pelo [&hellip;]<\/p>\n","protected":false},"author":3,"featured_media":174823,"comment_status":"open","ping_status":"open","sticky":false,"template":"","format":"standard","meta":[],"categories":[12],"tags":[],"yoast_head":"<!-- This site is optimized with the Yoast SEO plugin v19.2 - https:\/\/yoast.com\/wordpress\/plugins\/seo\/ -->\n<title>Ora\u00e7\u00e3o a S\u00e3o Francisco das Chagas - Carisma - Franciscanos<\/title>\n<meta name=\"robots\" content=\"index, follow, max-snippet:-1, max-image-preview:large, max-video-preview:-1\" \/>\n<link rel=\"canonical\" href=\"https:\/\/franciscanos.org.br\/carisma\/oracao-a-sao-francisco-das-chagas.html\" \/>\n<meta property=\"og:locale\" content=\"pt_BR\" \/>\n<meta property=\"og:type\" content=\"article\" \/>\n<meta property=\"og:title\" content=\"Ora\u00e7\u00e3o a S\u00e3o Francisco das Chagas - Carisma - Franciscanos\" \/>\n<meta property=\"og:description\" content=\"S\u00e3o Jo\u00e3o Paulo II \u00d3 S\u00e3o Francisco, estigmatizado do Monte Alverne, o mundo tem saudades de ti como imagem de Jesus Crucificado. Tem necessidade do teu cora\u00e7\u00e3o aberto para Deus e para o homem, dos teus p\u00e9s descal\u00e7os e feridos, das tuas m\u00e3os trespassadas e implorantes. Tem saudades da tua voz fraca, mas forte pelo [&hellip;]\" \/>\n<meta property=\"og:url\" content=\"https:\/\/franciscanos.org.br\/carisma\/oracao-a-sao-francisco-das-chagas.html\" \/>\n<meta property=\"og:site_name\" content=\"Carisma - Franciscanos\" \/>\n<meta property=\"article:published_time\" content=\"2018-10-25T16:35:40+00:00\" \/>\n<meta property=\"og:image\" content=\"https:\/\/franciscanos.org.br\/carisma\/wp-content\/uploads\/2018\/10\/stigmata_251018.jpg\" \/>\n\t<meta property=\"og:image:width\" content=\"487\" \/>\n\t<meta property=\"og:image:height\" content=\"502\" \/>\n\t<meta property=\"og:image:type\" content=\"image\/jpeg\" \/>\n<meta name=\"author\" content=\"moacir\" \/>\n<meta name=\"twitter:card\" content=\"summary_large_image\" \/>\n<meta name=\"twitter:label1\" content=\"Escrito por\" \/>\n\t<meta name=\"twitter:data1\" content=\"moacir\" \/>\n\t<meta name=\"twitter:label2\" content=\"Est. tempo de leitura\" \/>\n\t<meta name=\"twitter:data2\" content=\"1 minuto\" \/>\n<script type=\"application\/ld+json\" class=\"yoast-schema-graph\">{\"@context\":\"https:\/\/schema.org\",\"@graph\":[{\"@type\":\"WebSite\",\"@id\":\"https:\/\/franciscanos.org.br\/carisma\/#website\",\"url\":\"https:\/\/franciscanos.org.br\/carisma\/\",\"name\":\"Carisma - Franciscanos\",\"description\":\"Prov\u00edncia Franciscana da Imaculada Concei\u00e7\u00e3o do Brasil - Ordem dos Frades Menores\",\"potentialAction\":[{\"@type\":\"SearchAction\",\"target\":{\"@type\":\"EntryPoint\",\"urlTemplate\":\"https:\/\/franciscanos.org.br\/carisma\/?s={search_term_string}\"},\"query-input\":\"required name=search_term_string\"}],\"inLanguage\":\"pt-BR\"},{\"@type\":\"ImageObject\",\"inLanguage\":\"pt-BR\",\"@id\":\"https:\/\/franciscanos.org.br\/carisma\/oracao-a-sao-francisco-das-chagas.html#primaryimage\",\"url\":\"https:\/\/franciscanos.org.br\/carisma\/wp-content\/uploads\/2018\/10\/stigmata_251018.jpg\",\"contentUrl\":\"https:\/\/franciscanos.org.br\/carisma\/wp-content\/uploads\/2018\/10\/stigmata_251018.jpg\",\"width\":487,\"height\":502,\"caption\":\"Working Title\/Artist: Gerard David: Saint John the Baptist; Saint Francis Receiving the Stigmata Department: European Paintings Culture\/Period\/Location: HB\/TOA Date Code: Working Date: photography by mma 1998, transparency 5c 8x10 scanned and retouched by film and media (jnc) 6_5_09\"},{\"@type\":\"WebPage\",\"@id\":\"https:\/\/franciscanos.org.br\/carisma\/oracao-a-sao-francisco-das-chagas.html#webpage\",\"url\":\"https:\/\/franciscanos.org.br\/carisma\/oracao-a-sao-francisco-das-chagas.html\",\"name\":\"Ora\u00e7\u00e3o a S\u00e3o Francisco das Chagas - Carisma - Franciscanos\",\"isPartOf\":{\"@id\":\"https:\/\/franciscanos.org.br\/carisma\/#website\"},\"primaryImageOfPage\":{\"@id\":\"https:\/\/franciscanos.org.br\/carisma\/oracao-a-sao-francisco-das-chagas.html#primaryimage\"},\"datePublished\":\"2018-10-25T16:35:40+00:00\",\"dateModified\":\"2018-10-25T16:35:40+00:00\",\"author\":{\"@id\":\"https:\/\/franciscanos.org.br\/carisma\/#\/schema\/person\/bf14cae4d2151ab6b6e41d96660f93a2\"},\"breadcrumb\":{\"@id\":\"https:\/\/franciscanos.org.br\/carisma\/oracao-a-sao-francisco-das-chagas.html#breadcrumb\"},\"inLanguage\":\"pt-BR\",\"potentialAction\":[{\"@type\":\"ReadAction\",\"target\":[\"https:\/\/franciscanos.org.br\/carisma\/oracao-a-sao-francisco-das-chagas.html\"]}]},{\"@type\":\"BreadcrumbList\",\"@id\":\"https:\/\/franciscanos.org.br\/carisma\/oracao-a-sao-francisco-das-chagas.html#breadcrumb\",\"itemListElement\":[{\"@type\":\"ListItem\",\"position\":1,\"name\":\"Home\",\"item\":\"https:\/\/franciscanos.org.br\/carisma\"},{\"@type\":\"ListItem\",\"position\":2,\"name\":\"Ora\u00e7\u00e3o a S\u00e3o Francisco das Chagas\"}]},{\"@type\":\"Person\",\"@id\":\"https:\/\/franciscanos.org.br\/carisma\/#\/schema\/person\/bf14cae4d2151ab6b6e41d96660f93a2\",\"name\":\"moacir\",\"image\":{\"@type\":\"ImageObject\",\"inLanguage\":\"pt-BR\",\"@id\":\"https:\/\/franciscanos.org.br\/carisma\/#\/schema\/person\/image\/\",\"url\":\"https:\/\/secure.gravatar.com\/avatar\/d08aa2ce4c8dd416d4479aa8536fcf64?s=96&d=mm&r=g\",\"contentUrl\":\"https:\/\/secure.gravatar.com\/avatar\/d08aa2ce4c8dd416d4479aa8536fcf64?s=96&d=mm&r=g\",\"caption\":\"moacir\"},\"url\":\"https:\/\/franciscanos.org.br\/carisma\/author\/moacir\"}]}<\/script>\n<!-- \/ Yoast SEO plugin. -->","yoast_head_json":{"title":"Ora\u00e7\u00e3o a S\u00e3o Francisco das Chagas - Carisma - Franciscanos","robots":{"index":"index","follow":"follow","max-snippet":"max-snippet:-1","max-image-preview":"max-image-preview:large","max-video-preview":"max-video-preview:-1"},"canonical":"https:\/\/franciscanos.org.br\/carisma\/oracao-a-sao-francisco-das-chagas.html","og_locale":"pt_BR","og_type":"article","og_title":"Ora\u00e7\u00e3o a S\u00e3o Francisco das Chagas - Carisma - Franciscanos","og_description":"S\u00e3o Jo\u00e3o Paulo II \u00d3 S\u00e3o Francisco, estigmatizado do Monte Alverne, o mundo tem saudades de ti como imagem de Jesus Crucificado. Tem necessidade do teu cora\u00e7\u00e3o aberto para Deus e para o homem, dos teus p\u00e9s descal\u00e7os e feridos, das tuas m\u00e3os trespassadas e implorantes. Tem saudades da tua voz fraca, mas forte pelo [&hellip;]","og_url":"https:\/\/franciscanos.org.br\/carisma\/oracao-a-sao-francisco-das-chagas.html","og_site_name":"Carisma - Franciscanos","article_published_time":"2018-10-25T16:35:40+00:00","og_image":[{"width":487,"height":502,"url":"https:\/\/franciscanos.org.br\/carisma\/wp-content\/uploads\/2018\/10\/stigmata_251018.jpg","type":"image\/jpeg"}],"author":"moacir","twitter_card":"summary_large_image","twitter_misc":{"Escrito por":"moacir","Est. tempo de leitura":"1 minuto"},"schema":{"@context":"https:\/\/schema.org","@graph":[{"@type":"WebSite","@id":"https:\/\/franciscanos.org.br\/carisma\/#website","url":"https:\/\/franciscanos.org.br\/carisma\/","name":"Carisma - Franciscanos","description":"Prov\u00edncia Franciscana da Imaculada Concei\u00e7\u00e3o do Brasil - Ordem dos Frades Menores","potentialAction":[{"@type":"SearchAction","target":{"@type":"EntryPoint","urlTemplate":"https:\/\/franciscanos.org.br\/carisma\/?s={search_term_string}"},"query-input":"required name=search_term_string"}],"inLanguage":"pt-BR"},{"@type":"ImageObject","inLanguage":"pt-BR","@id":"https:\/\/franciscanos.org.br\/carisma\/oracao-a-sao-francisco-das-chagas.html#primaryimage","url":"https:\/\/franciscanos.org.br\/carisma\/wp-content\/uploads\/2018\/10\/stigmata_251018.jpg","contentUrl":"https:\/\/franciscanos.org.br\/carisma\/wp-content\/uploads\/2018\/10\/stigmata_251018.jpg","width":487,"height":502,"caption":"Working Title\/Artist: Gerard David: Saint John the Baptist; Saint Francis Receiving the Stigmata Department: European Paintings Culture\/Period\/Location: HB\/TOA Date Code: Working Date: photography by mma 1998, transparency 5c 8x10 scanned and retouched by film and media (jnc) 6_5_09"},{"@type":"WebPage","@id":"https:\/\/franciscanos.org.br\/carisma\/oracao-a-sao-francisco-das-chagas.html#webpage","url":"https:\/\/franciscanos.org.br\/carisma\/oracao-a-sao-francisco-das-chagas.html","name":"Ora\u00e7\u00e3o a S\u00e3o Francisco das Chagas - Carisma - Franciscanos","isPartOf":{"@id":"https:\/\/franciscanos.org.br\/carisma\/#website"},"primaryImageOfPage":{"@id":"https:\/\/franciscanos.org.br\/carisma\/oracao-a-sao-francisco-das-chagas.html#primaryimage"},"datePublished":"2018-10-25T16:35:40+00:00","dateModified":"2018-10-25T16:35:40+00:00","author":{"@id":"https:\/\/franciscanos.org.br\/carisma\/#\/schema\/person\/bf14cae4d2151ab6b6e41d96660f93a2"},"breadcrumb":{"@id":"https:\/\/franciscanos.org.br\/carisma\/oracao-a-sao-francisco-das-chagas.html#breadcrumb"},"inLanguage":"pt-BR","potentialAction":[{"@type":"ReadAction","target":["https:\/\/franciscanos.org.br\/carisma\/oracao-a-sao-francisco-das-chagas.html"]}]},{"@type":"BreadcrumbList","@id":"https:\/\/franciscanos.org.br\/carisma\/oracao-a-sao-francisco-das-chagas.html#breadcrumb","itemListElement":[{"@type":"ListItem","position":1,"name":"Home","item":"https:\/\/franciscanos.org.br\/carisma"},{"@type":"ListItem","position":2,"name":"Ora\u00e7\u00e3o a S\u00e3o Francisco das Chagas"}]},{"@type":"Person","@id":"https:\/\/franciscanos.org.br\/carisma\/#\/schema\/person\/bf14cae4d2151ab6b6e41d96660f93a2","name":"moacir","image":{"@type":"ImageObject","inLanguage":"pt-BR","@id":"https:\/\/franciscanos.org.br\/carisma\/#\/schema\/person\/image\/","url":"https:\/\/secure.gravatar.com\/avatar\/d08aa2ce4c8dd416d4479aa8536fcf64?s=96&d=mm&r=g","contentUrl":"https:\/\/secure.gravatar.com\/avatar\/d08aa2ce4c8dd416d4479aa8536fcf64?s=96&d=mm&r=g","caption":"moacir"},"url":"https:\/\/franciscanos.org.br\/carisma\/author\/moacir"}]}},"_links":{"self":[{"href":"https:\/\/franciscanos.org.br\/carisma\/wp-json\/wp\/v2\/posts\/174821"}],"collection":[{"href":"https:\/\/franciscanos.org.br\/carisma\/wp-json\/wp\/v2\/posts"}],"about":[{"href":"https:\/\/franciscanos.org.br\/carisma\/wp-json\/wp\/v2\/types\/post"}],"author":[{"embeddable":true,"href":"https:\/\/franciscanos.org.br\/carisma\/wp-json\/wp\/v2\/users\/3"}],"replies":[{"embeddable":true,"href":"https:\/\/franciscanos.org.br\/carisma\/wp-json\/wp\/v2\/comments?post=174821"}],"version-history":[{"count":0,"href":"https:\/\/franciscanos.org.br\/carisma\/wp-json\/wp\/v2\/posts\/174821\/revisions"}],"wp:featuredmedia":[{"embeddable":true,"href":"https:\/\/franciscanos.org.br\/carisma\/wp-json\/wp\/v2\/media\/174823"}],"wp:attachment":[{"href":"https:\/\/franciscanos.org.br\/carisma\/wp-json\/wp\/v2\/media?parent=174821"}],"wp:term":[{"taxonomy":"category","embeddable":true,"href":"https:\/\/franciscanos.org.br\/carisma\/wp-json\/wp\/v2\/categories?post=174821"},{"taxonomy":"post_tag","embeddable":true,"href":"https:\/\/franciscanos.org.br\/carisma\/wp-json\/wp\/v2\/tags?post=174821"}],"curies":[{"name":"wp","href":"https:\/\/api.w.org\/{rel}","templated":true}]}}