{"id":174810,"date":"2018-10-25T13:10:49","date_gmt":"2018-10-25T16:10:49","guid":{"rendered":"http:\/\/franciscanos.org.br\/carisma\/?p=174810"},"modified":"2018-10-25T13:11:55","modified_gmt":"2018-10-25T16:11:55","slug":"ladainha-de-sao-francisco-parafrase","status":"publish","type":"post","link":"https:\/\/franciscanos.org.br\/carisma\/ladainha-de-sao-francisco-parafrase.html","title":{"rendered":"Ladainha de S\u00e3o Francisco &#8211; Par\u00e1frase"},"content":{"rendered":"<p><em><img loading=\"lazy\" class=\"alignleft wp-image-174811\" src=\"http:\/\/franciscanos.org.br\/carisma\/wp-content\/uploads\/2018\/10\/francisco_251018_2.jpg\" alt=\"\" width=\"484\" height=\"1574\" srcset=\"https:\/\/franciscanos.org.br\/carisma\/wp-content\/uploads\/2018\/10\/francisco_251018_2.jpg 630w, https:\/\/franciscanos.org.br\/carisma\/wp-content\/uploads\/2018\/10\/francisco_251018_2-138x450.jpg 138w, https:\/\/franciscanos.org.br\/carisma\/wp-content\/uploads\/2018\/10\/francisco_251018_2-315x1024.jpg 315w, https:\/\/franciscanos.org.br\/carisma\/wp-content\/uploads\/2018\/10\/francisco_251018_2-150x488.jpg 150w\" sizes=\"(max-width: 484px) 100vw, 484px\" \/>Frei Walter Hugo de Almeida<\/em><\/p>\n<p>Santa Virgem Imaculada,<br \/>\nTemplo santo do Senhor,<br \/>\nDeus que fez em ti a gl\u00f3ria,<br \/>\nde Francisco fez louvor!<\/p>\n<p>S\u00e3o Francisco do Evangelho,<br \/>\nS\u00e3o Francisco da ora\u00e7\u00e3o,<br \/>\nS\u00e3o Francisco do trabalho,<br \/>\nS\u00e3o Francisco, nosso irm\u00e3o!<\/p>\n<p>S\u00e3o Francisco pobrezinho,<br \/>\nsanto e s\u00e1bio no viver,<br \/>\npai dos pobres deserdados,<br \/>\nvem teus filhos proteger.<\/p>\n<p>S\u00e3o Francisco dos leprosos,<br \/>\nda pobreza de Jesus,<br \/>\nda pobreza de Maria,<br \/>\nda paix\u00e3o da Santa Cruz!<\/p>\n<p>S\u00e3o Francisco apaixonado<br \/>\npelo Filho de Maria,<br \/>\nreverente ao sacerdote,<br \/>\npelo dom da eucaristia!<\/p>\n<p>S\u00e3o Francisco nos ensina,<br \/>\nPelo verbo, pelo exemplo,<br \/>\nQue ao andarmos pelo mundo,<br \/>\nNosso corpo \u00e9 nosso templo&#8221;!<\/p>\n<p>S\u00e3o Francisco ao Senhor Papa<br \/>\nquer servir filialmente,<br \/>\ndo Menor, norma na Igreja<br \/>\ncomo pobre obediente.<\/p>\n<p>S\u00e3o Francisco que a este mundo<br \/>\ndeste seu justo valor,<br \/>\nvem louvar a Deus conosco,<br \/>\npela cruz e pelo amor!<\/p>\n<p>S\u00e3o Francisco, nossa Escola,<br \/>\npara\u00edso matinal,<br \/>\npela gra\u00e7a transformado,<br \/>\nnovo Ad\u00e3o universal!<\/p>\n<p>Pobre humilde do Senhor,<br \/>\nDe Jesus crucificado,<br \/>\nE da Virgem M\u00e3e de Deus,<br \/>\nDe um Brasil agoniado.<\/p>\n<p>Defensor dos animais,<br \/>\nProtetor da ecologia,<br \/>\nPaz e Bem pelas estradas,<br \/>\nS\u00e3o Francisco da alegria!<\/p>\n<p>De Franciscos e de Claras,<br \/>\nhomem santo inspirador,<br \/>\nde poetas e profetas,<br \/>\ndo Evangelho do Senhor!<\/p>\n<p>Vem Francisco, vem depressa,<br \/>\neste mundo te deseja,<br \/>\nvem tamb\u00e9m, vem restaurar,<br \/>\nde novo esta santa Igreja!<\/p>\n<p>S\u00e3o Francisco do come\u00e7o<br \/>\ndo Brasil inda menino,<br \/>\nv\u00ea teu povo sofredor,<br \/>\nem tra\u00e7ar o seu destino!<\/p>\n","protected":false},"excerpt":{"rendered":"<p>Frei Walter Hugo de Almeida Santa Virgem Imaculada, Templo santo do Senhor, Deus que fez em ti a gl\u00f3ria, de Francisco fez louvor! S\u00e3o Francisco do Evangelho, S\u00e3o Francisco da ora\u00e7\u00e3o, S\u00e3o Francisco do trabalho, S\u00e3o Francisco, nosso irm\u00e3o! S\u00e3o Francisco pobrezinho, santo e s\u00e1bio no viver, pai dos pobres deserdados, vem teus filhos proteger. [&hellip;]<\/p>\n","protected":false},"author":3,"featured_media":174814,"comment_status":"open","ping_status":"open","sticky":false,"template":"","format":"standard","meta":[],"categories":[12],"tags":[],"yoast_head":"<!-- This site is optimized with the Yoast SEO plugin v19.2 - https:\/\/yoast.com\/wordpress\/plugins\/seo\/ -->\n<title>Ladainha de S\u00e3o Francisco - Par\u00e1frase - Carisma - Franciscanos<\/title>\n<meta name=\"robots\" content=\"index, follow, max-snippet:-1, max-image-preview:large, max-video-preview:-1\" \/>\n<link rel=\"canonical\" href=\"https:\/\/franciscanos.org.br\/carisma\/ladainha-de-sao-francisco-parafrase.html\" \/>\n<meta property=\"og:locale\" content=\"pt_BR\" \/>\n<meta property=\"og:type\" content=\"article\" \/>\n<meta property=\"og:title\" content=\"Ladainha de S\u00e3o Francisco - Par\u00e1frase - Carisma - Franciscanos\" \/>\n<meta property=\"og:description\" content=\"Frei Walter Hugo de Almeida Santa Virgem Imaculada, Templo santo do Senhor, Deus que fez em ti a gl\u00f3ria, de Francisco fez louvor! S\u00e3o Francisco do Evangelho, S\u00e3o Francisco da ora\u00e7\u00e3o, S\u00e3o Francisco do trabalho, S\u00e3o Francisco, nosso irm\u00e3o! S\u00e3o Francisco pobrezinho, santo e s\u00e1bio no viver, pai dos pobres deserdados, vem teus filhos proteger. [&hellip;]\" \/>\n<meta property=\"og:url\" content=\"https:\/\/franciscanos.org.br\/carisma\/ladainha-de-sao-francisco-parafrase.html\" \/>\n<meta property=\"og:site_name\" content=\"Carisma - Franciscanos\" \/>\n<meta property=\"article:published_time\" content=\"2018-10-25T16:10:49+00:00\" \/>\n<meta property=\"article:modified_time\" content=\"2018-10-25T16:11:55+00:00\" \/>\n<meta property=\"og:image\" content=\"https:\/\/franciscanos.org.br\/carisma\/wp-content\/uploads\/2018\/10\/francisco_251018_p.jpg\" \/>\n\t<meta property=\"og:image:width\" content=\"630\" \/>\n\t<meta property=\"og:image:height\" content=\"573\" \/>\n\t<meta property=\"og:image:type\" content=\"image\/jpeg\" \/>\n<meta name=\"author\" content=\"moacir\" \/>\n<meta name=\"twitter:card\" content=\"summary_large_image\" \/>\n<meta name=\"twitter:label1\" content=\"Escrito por\" \/>\n\t<meta name=\"twitter:data1\" content=\"moacir\" \/>\n\t<meta name=\"twitter:label2\" content=\"Est. tempo de leitura\" \/>\n\t<meta name=\"twitter:data2\" content=\"1 minuto\" \/>\n<script type=\"application\/ld+json\" class=\"yoast-schema-graph\">{\"@context\":\"https:\/\/schema.org\",\"@graph\":[{\"@type\":\"WebSite\",\"@id\":\"https:\/\/franciscanos.org.br\/carisma\/#website\",\"url\":\"https:\/\/franciscanos.org.br\/carisma\/\",\"name\":\"Carisma - Franciscanos\",\"description\":\"Prov\u00edncia Franciscana da Imaculada Concei\u00e7\u00e3o do Brasil - Ordem dos Frades Menores\",\"potentialAction\":[{\"@type\":\"SearchAction\",\"target\":{\"@type\":\"EntryPoint\",\"urlTemplate\":\"https:\/\/franciscanos.org.br\/carisma\/?s={search_term_string}\"},\"query-input\":\"required name=search_term_string\"}],\"inLanguage\":\"pt-BR\"},{\"@type\":\"ImageObject\",\"inLanguage\":\"pt-BR\",\"@id\":\"https:\/\/franciscanos.org.br\/carisma\/ladainha-de-sao-francisco-parafrase.html#primaryimage\",\"url\":\"https:\/\/franciscanos.org.br\/carisma\/wp-content\/uploads\/2018\/10\/francisco_251018_p.jpg\",\"contentUrl\":\"https:\/\/franciscanos.org.br\/carisma\/wp-content\/uploads\/2018\/10\/francisco_251018_p.jpg\",\"width\":630,\"height\":573},{\"@type\":\"WebPage\",\"@id\":\"https:\/\/franciscanos.org.br\/carisma\/ladainha-de-sao-francisco-parafrase.html#webpage\",\"url\":\"https:\/\/franciscanos.org.br\/carisma\/ladainha-de-sao-francisco-parafrase.html\",\"name\":\"Ladainha de S\u00e3o Francisco - Par\u00e1frase - Carisma - Franciscanos\",\"isPartOf\":{\"@id\":\"https:\/\/franciscanos.org.br\/carisma\/#website\"},\"primaryImageOfPage\":{\"@id\":\"https:\/\/franciscanos.org.br\/carisma\/ladainha-de-sao-francisco-parafrase.html#primaryimage\"},\"datePublished\":\"2018-10-25T16:10:49+00:00\",\"dateModified\":\"2018-10-25T16:11:55+00:00\",\"author\":{\"@id\":\"https:\/\/franciscanos.org.br\/carisma\/#\/schema\/person\/bf14cae4d2151ab6b6e41d96660f93a2\"},\"breadcrumb\":{\"@id\":\"https:\/\/franciscanos.org.br\/carisma\/ladainha-de-sao-francisco-parafrase.html#breadcrumb\"},\"inLanguage\":\"pt-BR\",\"potentialAction\":[{\"@type\":\"ReadAction\",\"target\":[\"https:\/\/franciscanos.org.br\/carisma\/ladainha-de-sao-francisco-parafrase.html\"]}]},{\"@type\":\"BreadcrumbList\",\"@id\":\"https:\/\/franciscanos.org.br\/carisma\/ladainha-de-sao-francisco-parafrase.html#breadcrumb\",\"itemListElement\":[{\"@type\":\"ListItem\",\"position\":1,\"name\":\"Home\",\"item\":\"https:\/\/franciscanos.org.br\/carisma\"},{\"@type\":\"ListItem\",\"position\":2,\"name\":\"Ladainha de S\u00e3o Francisco &#8211; Par\u00e1frase\"}]},{\"@type\":\"Person\",\"@id\":\"https:\/\/franciscanos.org.br\/carisma\/#\/schema\/person\/bf14cae4d2151ab6b6e41d96660f93a2\",\"name\":\"moacir\",\"image\":{\"@type\":\"ImageObject\",\"inLanguage\":\"pt-BR\",\"@id\":\"https:\/\/franciscanos.org.br\/carisma\/#\/schema\/person\/image\/\",\"url\":\"https:\/\/secure.gravatar.com\/avatar\/d08aa2ce4c8dd416d4479aa8536fcf64?s=96&d=mm&r=g\",\"contentUrl\":\"https:\/\/secure.gravatar.com\/avatar\/d08aa2ce4c8dd416d4479aa8536fcf64?s=96&d=mm&r=g\",\"caption\":\"moacir\"},\"url\":\"https:\/\/franciscanos.org.br\/carisma\/author\/moacir\"}]}<\/script>\n<!-- \/ Yoast SEO plugin. -->","yoast_head_json":{"title":"Ladainha de S\u00e3o Francisco - Par\u00e1frase - Carisma - Franciscanos","robots":{"index":"index","follow":"follow","max-snippet":"max-snippet:-1","max-image-preview":"max-image-preview:large","max-video-preview":"max-video-preview:-1"},"canonical":"https:\/\/franciscanos.org.br\/carisma\/ladainha-de-sao-francisco-parafrase.html","og_locale":"pt_BR","og_type":"article","og_title":"Ladainha de S\u00e3o Francisco - Par\u00e1frase - Carisma - Franciscanos","og_description":"Frei Walter Hugo de Almeida Santa Virgem Imaculada, Templo santo do Senhor, Deus que fez em ti a gl\u00f3ria, de Francisco fez louvor! S\u00e3o Francisco do Evangelho, S\u00e3o Francisco da ora\u00e7\u00e3o, S\u00e3o Francisco do trabalho, S\u00e3o Francisco, nosso irm\u00e3o! S\u00e3o Francisco pobrezinho, santo e s\u00e1bio no viver, pai dos pobres deserdados, vem teus filhos proteger. [&hellip;]","og_url":"https:\/\/franciscanos.org.br\/carisma\/ladainha-de-sao-francisco-parafrase.html","og_site_name":"Carisma - Franciscanos","article_published_time":"2018-10-25T16:10:49+00:00","article_modified_time":"2018-10-25T16:11:55+00:00","og_image":[{"width":630,"height":573,"url":"https:\/\/franciscanos.org.br\/carisma\/wp-content\/uploads\/2018\/10\/francisco_251018_p.jpg","type":"image\/jpeg"}],"author":"moacir","twitter_card":"summary_large_image","twitter_misc":{"Escrito por":"moacir","Est. tempo de leitura":"1 minuto"},"schema":{"@context":"https:\/\/schema.org","@graph":[{"@type":"WebSite","@id":"https:\/\/franciscanos.org.br\/carisma\/#website","url":"https:\/\/franciscanos.org.br\/carisma\/","name":"Carisma - Franciscanos","description":"Prov\u00edncia Franciscana da Imaculada Concei\u00e7\u00e3o do Brasil - Ordem dos Frades Menores","potentialAction":[{"@type":"SearchAction","target":{"@type":"EntryPoint","urlTemplate":"https:\/\/franciscanos.org.br\/carisma\/?s={search_term_string}"},"query-input":"required name=search_term_string"}],"inLanguage":"pt-BR"},{"@type":"ImageObject","inLanguage":"pt-BR","@id":"https:\/\/franciscanos.org.br\/carisma\/ladainha-de-sao-francisco-parafrase.html#primaryimage","url":"https:\/\/franciscanos.org.br\/carisma\/wp-content\/uploads\/2018\/10\/francisco_251018_p.jpg","contentUrl":"https:\/\/franciscanos.org.br\/carisma\/wp-content\/uploads\/2018\/10\/francisco_251018_p.jpg","width":630,"height":573},{"@type":"WebPage","@id":"https:\/\/franciscanos.org.br\/carisma\/ladainha-de-sao-francisco-parafrase.html#webpage","url":"https:\/\/franciscanos.org.br\/carisma\/ladainha-de-sao-francisco-parafrase.html","name":"Ladainha de S\u00e3o Francisco - Par\u00e1frase - Carisma - Franciscanos","isPartOf":{"@id":"https:\/\/franciscanos.org.br\/carisma\/#website"},"primaryImageOfPage":{"@id":"https:\/\/franciscanos.org.br\/carisma\/ladainha-de-sao-francisco-parafrase.html#primaryimage"},"datePublished":"2018-10-25T16:10:49+00:00","dateModified":"2018-10-25T16:11:55+00:00","author":{"@id":"https:\/\/franciscanos.org.br\/carisma\/#\/schema\/person\/bf14cae4d2151ab6b6e41d96660f93a2"},"breadcrumb":{"@id":"https:\/\/franciscanos.org.br\/carisma\/ladainha-de-sao-francisco-parafrase.html#breadcrumb"},"inLanguage":"pt-BR","potentialAction":[{"@type":"ReadAction","target":["https:\/\/franciscanos.org.br\/carisma\/ladainha-de-sao-francisco-parafrase.html"]}]},{"@type":"BreadcrumbList","@id":"https:\/\/franciscanos.org.br\/carisma\/ladainha-de-sao-francisco-parafrase.html#breadcrumb","itemListElement":[{"@type":"ListItem","position":1,"name":"Home","item":"https:\/\/franciscanos.org.br\/carisma"},{"@type":"ListItem","position":2,"name":"Ladainha de S\u00e3o Francisco &#8211; Par\u00e1frase"}]},{"@type":"Person","@id":"https:\/\/franciscanos.org.br\/carisma\/#\/schema\/person\/bf14cae4d2151ab6b6e41d96660f93a2","name":"moacir","image":{"@type":"ImageObject","inLanguage":"pt-BR","@id":"https:\/\/franciscanos.org.br\/carisma\/#\/schema\/person\/image\/","url":"https:\/\/secure.gravatar.com\/avatar\/d08aa2ce4c8dd416d4479aa8536fcf64?s=96&d=mm&r=g","contentUrl":"https:\/\/secure.gravatar.com\/avatar\/d08aa2ce4c8dd416d4479aa8536fcf64?s=96&d=mm&r=g","caption":"moacir"},"url":"https:\/\/franciscanos.org.br\/carisma\/author\/moacir"}]}},"_links":{"self":[{"href":"https:\/\/franciscanos.org.br\/carisma\/wp-json\/wp\/v2\/posts\/174810"}],"collection":[{"href":"https:\/\/franciscanos.org.br\/carisma\/wp-json\/wp\/v2\/posts"}],"about":[{"href":"https:\/\/franciscanos.org.br\/carisma\/wp-json\/wp\/v2\/types\/post"}],"author":[{"embeddable":true,"href":"https:\/\/franciscanos.org.br\/carisma\/wp-json\/wp\/v2\/users\/3"}],"replies":[{"embeddable":true,"href":"https:\/\/franciscanos.org.br\/carisma\/wp-json\/wp\/v2\/comments?post=174810"}],"version-history":[{"count":0,"href":"https:\/\/franciscanos.org.br\/carisma\/wp-json\/wp\/v2\/posts\/174810\/revisions"}],"wp:featuredmedia":[{"embeddable":true,"href":"https:\/\/franciscanos.org.br\/carisma\/wp-json\/wp\/v2\/media\/174814"}],"wp:attachment":[{"href":"https:\/\/franciscanos.org.br\/carisma\/wp-json\/wp\/v2\/media?parent=174810"}],"wp:term":[{"taxonomy":"category","embeddable":true,"href":"https:\/\/franciscanos.org.br\/carisma\/wp-json\/wp\/v2\/categories?post=174810"},{"taxonomy":"post_tag","embeddable":true,"href":"https:\/\/franciscanos.org.br\/carisma\/wp-json\/wp\/v2\/tags?post=174810"}],"curies":[{"name":"wp","href":"https:\/\/api.w.org\/{rel}","templated":true}]}}