{"id":174801,"date":"2018-10-25T12:54:00","date_gmt":"2018-10-25T15:54:00","guid":{"rendered":"http:\/\/franciscanos.org.br\/carisma\/?p=174801"},"modified":"2018-10-25T12:54:51","modified_gmt":"2018-10-25T15:54:51","slug":"oracao-diante-do-presepio","status":"publish","type":"post","link":"https:\/\/franciscanos.org.br\/carisma\/oracao-diante-do-presepio.html","title":{"rendered":"Ora\u00e7\u00e3o diante do pres\u00e9pio"},"content":{"rendered":"<p><img loading=\"lazy\" class=\"alignleft size-full wp-image-174802\" src=\"http:\/\/franciscanos.org.br\/carisma\/wp-content\/uploads\/2018\/10\/francisco_251018.jpg\" alt=\"\" width=\"220\" height=\"717\" srcset=\"https:\/\/franciscanos.org.br\/carisma\/wp-content\/uploads\/2018\/10\/francisco_251018.jpg 220w, https:\/\/franciscanos.org.br\/carisma\/wp-content\/uploads\/2018\/10\/francisco_251018-138x450.jpg 138w, https:\/\/franciscanos.org.br\/carisma\/wp-content\/uploads\/2018\/10\/francisco_251018-150x489.jpg 150w\" sizes=\"(max-width: 220px) 100vw, 220px\" \/>Menino das palhas, Menino Jesus,<br \/>\nMenino de Maria, aqui estou diante de ti.<br \/>\nTu vieste de mansinho, na calada da noite,<br \/>\nno sil\u00eancio das coisas que n\u00e3o fazem ru\u00eddo.<br \/>\nTu \u00e9 o Menino am\u00e1vel e sant\u00edssimo,<br \/>\ndeitado nas palhas porque n\u00e3o havia lugar<br \/>\npara ti nas casas dos homens<br \/>\nt\u00e3o ocupados e t\u00e3o cheios de si.<\/p>\n<p>D\u00e1 a meus l\u00e1bios a do\u00e7ura do mel<br \/>\ne \u00e0 minha voz o brilho do cantar da cotovia,<br \/>\npara dizer que vieste encher de sentido<br \/>\nos dias de minha vida.<\/p>\n<p>N\u00e3o estou mais s\u00f3: tu \u00e9s o nosso companheiro<br \/>\nde minha vida. Tu choras as minhas l\u00e1grimas<br \/>\ne tu te alegras com minhas alegrias<br \/>\nporque tu \u00e9s meu irm\u00e3o.<\/p>\n<p>Tu vieste te instalar feito um posseiro<br \/>\ndentro de mim e n\u00e3o quero que teu lugar<br \/>\nseja ocupado pelo ego\u00edsmo que me mata<br \/>\ne me aniquila, pelo orgulho que sobe \u00e0 cabe\u00e7a,<br \/>\npelo desespero.<\/p>\n<p>Sei, Menino de Maria, que a partir de agora,<br \/>\nn\u00e3o h\u00e1 mais raz\u00e3o para desesperar<br \/>\nporque Deus grande, belo,<br \/>\nDeus magn\u00edfico e alt\u00edssimo<br \/>\nse tornou meu irm\u00e3o.<\/p>\n<p>Santa Maria, M\u00e3e do Senhor e Pal\u00e1cio de Deus,<br \/>\ntu est\u00e1s perto do Menino que envolves<br \/>\nem paninhos quentes.<\/p>\n<p>Jos\u00e9, bom Jos\u00e9, carpinteiro de m\u00e3os duras,<br \/>\ne guarda de meu Menino das Palhas,<br \/>\nprotege esse Deus que se tornou<br \/>\nmendigo de nosso amor.<\/p>\n<p>Menino Jesus,<br \/>\nHoje \u00e9 festa de claridade e dia de luz.<br \/>\nTu nasceste para os homens na terra de Bel\u00e9m.<\/p>\n","protected":false},"excerpt":{"rendered":"<p>Menino das palhas, Menino Jesus, Menino de Maria, aqui estou diante de ti. Tu vieste de mansinho, na calada da noite, no sil\u00eancio das coisas que n\u00e3o fazem ru\u00eddo. Tu \u00e9 o Menino am\u00e1vel e sant\u00edssimo, deitado nas palhas porque n\u00e3o havia lugar para ti nas casas dos homens t\u00e3o ocupados e t\u00e3o cheios de [&hellip;]<\/p>\n","protected":false},"author":3,"featured_media":174804,"comment_status":"open","ping_status":"open","sticky":false,"template":"","format":"standard","meta":[],"categories":[12],"tags":[],"yoast_head":"<!-- This site is optimized with the Yoast SEO plugin v19.2 - https:\/\/yoast.com\/wordpress\/plugins\/seo\/ -->\n<title>Ora\u00e7\u00e3o diante do pres\u00e9pio - Carisma - Franciscanos<\/title>\n<meta name=\"robots\" content=\"index, follow, max-snippet:-1, max-image-preview:large, max-video-preview:-1\" \/>\n<link rel=\"canonical\" href=\"https:\/\/franciscanos.org.br\/carisma\/oracao-diante-do-presepio.html\" \/>\n<meta property=\"og:locale\" content=\"pt_BR\" \/>\n<meta property=\"og:type\" content=\"article\" \/>\n<meta property=\"og:title\" content=\"Ora\u00e7\u00e3o diante do pres\u00e9pio - Carisma - Franciscanos\" \/>\n<meta property=\"og:description\" content=\"Menino das palhas, Menino Jesus, Menino de Maria, aqui estou diante de ti. Tu vieste de mansinho, na calada da noite, no sil\u00eancio das coisas que n\u00e3o fazem ru\u00eddo. Tu \u00e9 o Menino am\u00e1vel e sant\u00edssimo, deitado nas palhas porque n\u00e3o havia lugar para ti nas casas dos homens t\u00e3o ocupados e t\u00e3o cheios de [&hellip;]\" \/>\n<meta property=\"og:url\" content=\"https:\/\/franciscanos.org.br\/carisma\/oracao-diante-do-presepio.html\" \/>\n<meta property=\"og:site_name\" content=\"Carisma - Franciscanos\" \/>\n<meta property=\"article:published_time\" content=\"2018-10-25T15:54:00+00:00\" \/>\n<meta property=\"article:modified_time\" content=\"2018-10-25T15:54:51+00:00\" \/>\n<meta property=\"og:image\" content=\"https:\/\/franciscanos.org.br\/carisma\/wp-content\/uploads\/2018\/10\/francisco_251018p.jpg\" \/>\n\t<meta property=\"og:image:width\" content=\"220\" \/>\n\t<meta property=\"og:image:height\" content=\"187\" \/>\n\t<meta property=\"og:image:type\" content=\"image\/jpeg\" \/>\n<meta name=\"author\" content=\"moacir\" \/>\n<meta name=\"twitter:card\" content=\"summary_large_image\" \/>\n<meta name=\"twitter:label1\" content=\"Escrito por\" \/>\n\t<meta name=\"twitter:data1\" content=\"moacir\" \/>\n\t<meta name=\"twitter:label2\" content=\"Est. tempo de leitura\" \/>\n\t<meta name=\"twitter:data2\" content=\"1 minuto\" \/>\n<script type=\"application\/ld+json\" class=\"yoast-schema-graph\">{\"@context\":\"https:\/\/schema.org\",\"@graph\":[{\"@type\":\"WebSite\",\"@id\":\"https:\/\/franciscanos.org.br\/carisma\/#website\",\"url\":\"https:\/\/franciscanos.org.br\/carisma\/\",\"name\":\"Carisma - Franciscanos\",\"description\":\"Prov\u00edncia Franciscana da Imaculada Concei\u00e7\u00e3o do Brasil - Ordem dos Frades Menores\",\"potentialAction\":[{\"@type\":\"SearchAction\",\"target\":{\"@type\":\"EntryPoint\",\"urlTemplate\":\"https:\/\/franciscanos.org.br\/carisma\/?s={search_term_string}\"},\"query-input\":\"required name=search_term_string\"}],\"inLanguage\":\"pt-BR\"},{\"@type\":\"ImageObject\",\"inLanguage\":\"pt-BR\",\"@id\":\"https:\/\/franciscanos.org.br\/carisma\/oracao-diante-do-presepio.html#primaryimage\",\"url\":\"https:\/\/franciscanos.org.br\/carisma\/wp-content\/uploads\/2018\/10\/francisco_251018p.jpg\",\"contentUrl\":\"https:\/\/franciscanos.org.br\/carisma\/wp-content\/uploads\/2018\/10\/francisco_251018p.jpg\",\"width\":220,\"height\":187},{\"@type\":\"WebPage\",\"@id\":\"https:\/\/franciscanos.org.br\/carisma\/oracao-diante-do-presepio.html#webpage\",\"url\":\"https:\/\/franciscanos.org.br\/carisma\/oracao-diante-do-presepio.html\",\"name\":\"Ora\u00e7\u00e3o diante do pres\u00e9pio - Carisma - Franciscanos\",\"isPartOf\":{\"@id\":\"https:\/\/franciscanos.org.br\/carisma\/#website\"},\"primaryImageOfPage\":{\"@id\":\"https:\/\/franciscanos.org.br\/carisma\/oracao-diante-do-presepio.html#primaryimage\"},\"datePublished\":\"2018-10-25T15:54:00+00:00\",\"dateModified\":\"2018-10-25T15:54:51+00:00\",\"author\":{\"@id\":\"https:\/\/franciscanos.org.br\/carisma\/#\/schema\/person\/bf14cae4d2151ab6b6e41d96660f93a2\"},\"breadcrumb\":{\"@id\":\"https:\/\/franciscanos.org.br\/carisma\/oracao-diante-do-presepio.html#breadcrumb\"},\"inLanguage\":\"pt-BR\",\"potentialAction\":[{\"@type\":\"ReadAction\",\"target\":[\"https:\/\/franciscanos.org.br\/carisma\/oracao-diante-do-presepio.html\"]}]},{\"@type\":\"BreadcrumbList\",\"@id\":\"https:\/\/franciscanos.org.br\/carisma\/oracao-diante-do-presepio.html#breadcrumb\",\"itemListElement\":[{\"@type\":\"ListItem\",\"position\":1,\"name\":\"Home\",\"item\":\"https:\/\/franciscanos.org.br\/carisma\"},{\"@type\":\"ListItem\",\"position\":2,\"name\":\"Ora\u00e7\u00e3o diante do pres\u00e9pio\"}]},{\"@type\":\"Person\",\"@id\":\"https:\/\/franciscanos.org.br\/carisma\/#\/schema\/person\/bf14cae4d2151ab6b6e41d96660f93a2\",\"name\":\"moacir\",\"image\":{\"@type\":\"ImageObject\",\"inLanguage\":\"pt-BR\",\"@id\":\"https:\/\/franciscanos.org.br\/carisma\/#\/schema\/person\/image\/\",\"url\":\"https:\/\/secure.gravatar.com\/avatar\/d08aa2ce4c8dd416d4479aa8536fcf64?s=96&d=mm&r=g\",\"contentUrl\":\"https:\/\/secure.gravatar.com\/avatar\/d08aa2ce4c8dd416d4479aa8536fcf64?s=96&d=mm&r=g\",\"caption\":\"moacir\"},\"url\":\"https:\/\/franciscanos.org.br\/carisma\/author\/moacir\"}]}<\/script>\n<!-- \/ Yoast SEO plugin. -->","yoast_head_json":{"title":"Ora\u00e7\u00e3o diante do pres\u00e9pio - Carisma - Franciscanos","robots":{"index":"index","follow":"follow","max-snippet":"max-snippet:-1","max-image-preview":"max-image-preview:large","max-video-preview":"max-video-preview:-1"},"canonical":"https:\/\/franciscanos.org.br\/carisma\/oracao-diante-do-presepio.html","og_locale":"pt_BR","og_type":"article","og_title":"Ora\u00e7\u00e3o diante do pres\u00e9pio - Carisma - Franciscanos","og_description":"Menino das palhas, Menino Jesus, Menino de Maria, aqui estou diante de ti. Tu vieste de mansinho, na calada da noite, no sil\u00eancio das coisas que n\u00e3o fazem ru\u00eddo. Tu \u00e9 o Menino am\u00e1vel e sant\u00edssimo, deitado nas palhas porque n\u00e3o havia lugar para ti nas casas dos homens t\u00e3o ocupados e t\u00e3o cheios de [&hellip;]","og_url":"https:\/\/franciscanos.org.br\/carisma\/oracao-diante-do-presepio.html","og_site_name":"Carisma - Franciscanos","article_published_time":"2018-10-25T15:54:00+00:00","article_modified_time":"2018-10-25T15:54:51+00:00","og_image":[{"width":220,"height":187,"url":"https:\/\/franciscanos.org.br\/carisma\/wp-content\/uploads\/2018\/10\/francisco_251018p.jpg","type":"image\/jpeg"}],"author":"moacir","twitter_card":"summary_large_image","twitter_misc":{"Escrito por":"moacir","Est. tempo de leitura":"1 minuto"},"schema":{"@context":"https:\/\/schema.org","@graph":[{"@type":"WebSite","@id":"https:\/\/franciscanos.org.br\/carisma\/#website","url":"https:\/\/franciscanos.org.br\/carisma\/","name":"Carisma - Franciscanos","description":"Prov\u00edncia Franciscana da Imaculada Concei\u00e7\u00e3o do Brasil - Ordem dos Frades Menores","potentialAction":[{"@type":"SearchAction","target":{"@type":"EntryPoint","urlTemplate":"https:\/\/franciscanos.org.br\/carisma\/?s={search_term_string}"},"query-input":"required name=search_term_string"}],"inLanguage":"pt-BR"},{"@type":"ImageObject","inLanguage":"pt-BR","@id":"https:\/\/franciscanos.org.br\/carisma\/oracao-diante-do-presepio.html#primaryimage","url":"https:\/\/franciscanos.org.br\/carisma\/wp-content\/uploads\/2018\/10\/francisco_251018p.jpg","contentUrl":"https:\/\/franciscanos.org.br\/carisma\/wp-content\/uploads\/2018\/10\/francisco_251018p.jpg","width":220,"height":187},{"@type":"WebPage","@id":"https:\/\/franciscanos.org.br\/carisma\/oracao-diante-do-presepio.html#webpage","url":"https:\/\/franciscanos.org.br\/carisma\/oracao-diante-do-presepio.html","name":"Ora\u00e7\u00e3o diante do pres\u00e9pio - Carisma - Franciscanos","isPartOf":{"@id":"https:\/\/franciscanos.org.br\/carisma\/#website"},"primaryImageOfPage":{"@id":"https:\/\/franciscanos.org.br\/carisma\/oracao-diante-do-presepio.html#primaryimage"},"datePublished":"2018-10-25T15:54:00+00:00","dateModified":"2018-10-25T15:54:51+00:00","author":{"@id":"https:\/\/franciscanos.org.br\/carisma\/#\/schema\/person\/bf14cae4d2151ab6b6e41d96660f93a2"},"breadcrumb":{"@id":"https:\/\/franciscanos.org.br\/carisma\/oracao-diante-do-presepio.html#breadcrumb"},"inLanguage":"pt-BR","potentialAction":[{"@type":"ReadAction","target":["https:\/\/franciscanos.org.br\/carisma\/oracao-diante-do-presepio.html"]}]},{"@type":"BreadcrumbList","@id":"https:\/\/franciscanos.org.br\/carisma\/oracao-diante-do-presepio.html#breadcrumb","itemListElement":[{"@type":"ListItem","position":1,"name":"Home","item":"https:\/\/franciscanos.org.br\/carisma"},{"@type":"ListItem","position":2,"name":"Ora\u00e7\u00e3o diante do pres\u00e9pio"}]},{"@type":"Person","@id":"https:\/\/franciscanos.org.br\/carisma\/#\/schema\/person\/bf14cae4d2151ab6b6e41d96660f93a2","name":"moacir","image":{"@type":"ImageObject","inLanguage":"pt-BR","@id":"https:\/\/franciscanos.org.br\/carisma\/#\/schema\/person\/image\/","url":"https:\/\/secure.gravatar.com\/avatar\/d08aa2ce4c8dd416d4479aa8536fcf64?s=96&d=mm&r=g","contentUrl":"https:\/\/secure.gravatar.com\/avatar\/d08aa2ce4c8dd416d4479aa8536fcf64?s=96&d=mm&r=g","caption":"moacir"},"url":"https:\/\/franciscanos.org.br\/carisma\/author\/moacir"}]}},"_links":{"self":[{"href":"https:\/\/franciscanos.org.br\/carisma\/wp-json\/wp\/v2\/posts\/174801"}],"collection":[{"href":"https:\/\/franciscanos.org.br\/carisma\/wp-json\/wp\/v2\/posts"}],"about":[{"href":"https:\/\/franciscanos.org.br\/carisma\/wp-json\/wp\/v2\/types\/post"}],"author":[{"embeddable":true,"href":"https:\/\/franciscanos.org.br\/carisma\/wp-json\/wp\/v2\/users\/3"}],"replies":[{"embeddable":true,"href":"https:\/\/franciscanos.org.br\/carisma\/wp-json\/wp\/v2\/comments?post=174801"}],"version-history":[{"count":0,"href":"https:\/\/franciscanos.org.br\/carisma\/wp-json\/wp\/v2\/posts\/174801\/revisions"}],"wp:featuredmedia":[{"embeddable":true,"href":"https:\/\/franciscanos.org.br\/carisma\/wp-json\/wp\/v2\/media\/174804"}],"wp:attachment":[{"href":"https:\/\/franciscanos.org.br\/carisma\/wp-json\/wp\/v2\/media?parent=174801"}],"wp:term":[{"taxonomy":"category","embeddable":true,"href":"https:\/\/franciscanos.org.br\/carisma\/wp-json\/wp\/v2\/categories?post=174801"},{"taxonomy":"post_tag","embeddable":true,"href":"https:\/\/franciscanos.org.br\/carisma\/wp-json\/wp\/v2\/tags?post=174801"}],"curies":[{"name":"wp","href":"https:\/\/api.w.org\/{rel}","templated":true}]}}