{"id":174795,"date":"2018-10-25T12:46:21","date_gmt":"2018-10-25T15:46:21","guid":{"rendered":"http:\/\/franciscanos.org.br\/carisma\/?p=174795"},"modified":"2018-10-25T13:04:18","modified_gmt":"2018-10-25T16:04:18","slug":"somos-teu-osso-e-tua-carne","status":"publish","type":"post","link":"https:\/\/franciscanos.org.br\/carisma\/somos-teu-osso-e-tua-carne.html","title":{"rendered":"Somos teu osso e tua carne"},"content":{"rendered":"<p><em><img loading=\"lazy\" class=\"wp-image-174796 alignleft\" src=\"http:\/\/franciscanos.org.br\/carisma\/wp-content\/uploads\/2018\/10\/antonio.jpg\" alt=\"\" width=\"318\" height=\"572\" srcset=\"https:\/\/franciscanos.org.br\/carisma\/wp-content\/uploads\/2018\/10\/antonio.jpg 876w, https:\/\/franciscanos.org.br\/carisma\/wp-content\/uploads\/2018\/10\/antonio-250x450.jpg 250w, https:\/\/franciscanos.org.br\/carisma\/wp-content\/uploads\/2018\/10\/antonio-768x1380.jpg 768w, https:\/\/franciscanos.org.br\/carisma\/wp-content\/uploads\/2018\/10\/antonio-570x1024.jpg 570w, https:\/\/franciscanos.org.br\/carisma\/wp-content\/uploads\/2018\/10\/antonio-150x270.jpg 150w\" sizes=\"(max-width: 318px) 100vw, 318px\" \/>Santo Ant\u00f4nio<\/em><\/p>\n<p>Para n\u00f3s homens Te tornaste homem a fim de nos salvar.<br \/>\nPorque sofreste, aprendeste a miseric\u00f3rdia.<br \/>\nA nenhum anjo podemos dizer:<br \/>\nEis que \u00e9s nosso osso e nossa carne.<br \/>\nMas a Ti, filho de Deus, na verdade podemos dizer:<\/p>\n<p>\u00c9s nosso osso e nossa carne.<br \/>\nPois assumiste n\u00e3o a mat\u00e9ria dos anjos,<br \/>\nmas a natureza dos descendentes de Abra\u00e3o.<br \/>\nTem, pois, piedade de n\u00f3s,<br \/>\nque somos teu osso e tua carne.<\/p>\n<p>Tu \u00e9s nosso irm\u00e3o e nossa carne,<br \/>\npor isso deves ter miseric\u00f3rdia e<br \/>\ncompaix\u00e3o com teus pobres irm\u00e3os,<br \/>\npois temos um s\u00f3 Pai, Tu e n\u00f3s.<br \/>\nTu pela natureza e n\u00f3s pela gra\u00e7a.<\/p>\n<p>Tens poder na casa de teu Pai,<br \/>\nn\u00e3o nos expulse daquela heran\u00e7a,<br \/>\numa vez que somos na verdade<br \/>\nteu osso e tua carne\u201d.<\/p>\n<p>&nbsp;<\/p>\n","protected":false},"excerpt":{"rendered":"<p>Santo Ant\u00f4nio Para n\u00f3s homens Te tornaste homem a fim de nos salvar. Porque sofreste, aprendeste a miseric\u00f3rdia. A nenhum anjo podemos dizer: Eis que \u00e9s nosso osso e nossa carne. Mas a Ti, filho de Deus, na verdade podemos dizer: \u00c9s nosso osso e nossa carne. Pois assumiste n\u00e3o a mat\u00e9ria dos anjos, mas [&hellip;]<\/p>\n","protected":false},"author":3,"featured_media":174809,"comment_status":"open","ping_status":"open","sticky":false,"template":"","format":"standard","meta":[],"categories":[12],"tags":[],"yoast_head":"<!-- This site is optimized with the Yoast SEO plugin v19.2 - https:\/\/yoast.com\/wordpress\/plugins\/seo\/ -->\n<title>Somos teu osso e tua carne - Carisma - Franciscanos<\/title>\n<meta name=\"robots\" content=\"index, follow, max-snippet:-1, max-image-preview:large, max-video-preview:-1\" \/>\n<link rel=\"canonical\" href=\"https:\/\/franciscanos.org.br\/carisma\/somos-teu-osso-e-tua-carne.html\" \/>\n<meta property=\"og:locale\" content=\"pt_BR\" \/>\n<meta property=\"og:type\" content=\"article\" \/>\n<meta property=\"og:title\" content=\"Somos teu osso e tua carne - Carisma - Franciscanos\" \/>\n<meta property=\"og:description\" content=\"Santo Ant\u00f4nio Para n\u00f3s homens Te tornaste homem a fim de nos salvar. Porque sofreste, aprendeste a miseric\u00f3rdia. A nenhum anjo podemos dizer: Eis que \u00e9s nosso osso e nossa carne. Mas a Ti, filho de Deus, na verdade podemos dizer: \u00c9s nosso osso e nossa carne. Pois assumiste n\u00e3o a mat\u00e9ria dos anjos, mas [&hellip;]\" \/>\n<meta property=\"og:url\" content=\"https:\/\/franciscanos.org.br\/carisma\/somos-teu-osso-e-tua-carne.html\" \/>\n<meta property=\"og:site_name\" content=\"Carisma - Franciscanos\" \/>\n<meta property=\"article:published_time\" content=\"2018-10-25T15:46:21+00:00\" \/>\n<meta property=\"article:modified_time\" content=\"2018-10-25T16:04:18+00:00\" \/>\n<meta property=\"og:image\" content=\"https:\/\/franciscanos.org.br\/carisma\/wp-content\/uploads\/2018\/10\/antonio_2510p.jpg\" \/>\n\t<meta property=\"og:image:width\" content=\"744\" \/>\n\t<meta property=\"og:image:height\" content=\"830\" \/>\n\t<meta property=\"og:image:type\" content=\"image\/jpeg\" \/>\n<meta name=\"author\" content=\"moacir\" \/>\n<meta name=\"twitter:card\" content=\"summary_large_image\" \/>\n<meta name=\"twitter:label1\" content=\"Escrito por\" \/>\n\t<meta name=\"twitter:data1\" content=\"moacir\" \/>\n\t<meta name=\"twitter:label2\" content=\"Est. tempo de leitura\" \/>\n\t<meta name=\"twitter:data2\" content=\"1 minuto\" \/>\n<script type=\"application\/ld+json\" class=\"yoast-schema-graph\">{\"@context\":\"https:\/\/schema.org\",\"@graph\":[{\"@type\":\"WebSite\",\"@id\":\"https:\/\/franciscanos.org.br\/carisma\/#website\",\"url\":\"https:\/\/franciscanos.org.br\/carisma\/\",\"name\":\"Carisma - Franciscanos\",\"description\":\"Prov\u00edncia Franciscana da Imaculada Concei\u00e7\u00e3o do Brasil - Ordem dos Frades Menores\",\"potentialAction\":[{\"@type\":\"SearchAction\",\"target\":{\"@type\":\"EntryPoint\",\"urlTemplate\":\"https:\/\/franciscanos.org.br\/carisma\/?s={search_term_string}\"},\"query-input\":\"required name=search_term_string\"}],\"inLanguage\":\"pt-BR\"},{\"@type\":\"ImageObject\",\"inLanguage\":\"pt-BR\",\"@id\":\"https:\/\/franciscanos.org.br\/carisma\/somos-teu-osso-e-tua-carne.html#primaryimage\",\"url\":\"https:\/\/franciscanos.org.br\/carisma\/wp-content\/uploads\/2018\/10\/antonio_2510p.jpg\",\"contentUrl\":\"https:\/\/franciscanos.org.br\/carisma\/wp-content\/uploads\/2018\/10\/antonio_2510p.jpg\",\"width\":744,\"height\":830},{\"@type\":\"WebPage\",\"@id\":\"https:\/\/franciscanos.org.br\/carisma\/somos-teu-osso-e-tua-carne.html#webpage\",\"url\":\"https:\/\/franciscanos.org.br\/carisma\/somos-teu-osso-e-tua-carne.html\",\"name\":\"Somos teu osso e tua carne - Carisma - Franciscanos\",\"isPartOf\":{\"@id\":\"https:\/\/franciscanos.org.br\/carisma\/#website\"},\"primaryImageOfPage\":{\"@id\":\"https:\/\/franciscanos.org.br\/carisma\/somos-teu-osso-e-tua-carne.html#primaryimage\"},\"datePublished\":\"2018-10-25T15:46:21+00:00\",\"dateModified\":\"2018-10-25T16:04:18+00:00\",\"author\":{\"@id\":\"https:\/\/franciscanos.org.br\/carisma\/#\/schema\/person\/bf14cae4d2151ab6b6e41d96660f93a2\"},\"breadcrumb\":{\"@id\":\"https:\/\/franciscanos.org.br\/carisma\/somos-teu-osso-e-tua-carne.html#breadcrumb\"},\"inLanguage\":\"pt-BR\",\"potentialAction\":[{\"@type\":\"ReadAction\",\"target\":[\"https:\/\/franciscanos.org.br\/carisma\/somos-teu-osso-e-tua-carne.html\"]}]},{\"@type\":\"BreadcrumbList\",\"@id\":\"https:\/\/franciscanos.org.br\/carisma\/somos-teu-osso-e-tua-carne.html#breadcrumb\",\"itemListElement\":[{\"@type\":\"ListItem\",\"position\":1,\"name\":\"Home\",\"item\":\"https:\/\/franciscanos.org.br\/carisma\"},{\"@type\":\"ListItem\",\"position\":2,\"name\":\"Somos teu osso e tua carne\"}]},{\"@type\":\"Person\",\"@id\":\"https:\/\/franciscanos.org.br\/carisma\/#\/schema\/person\/bf14cae4d2151ab6b6e41d96660f93a2\",\"name\":\"moacir\",\"image\":{\"@type\":\"ImageObject\",\"inLanguage\":\"pt-BR\",\"@id\":\"https:\/\/franciscanos.org.br\/carisma\/#\/schema\/person\/image\/\",\"url\":\"https:\/\/secure.gravatar.com\/avatar\/d08aa2ce4c8dd416d4479aa8536fcf64?s=96&d=mm&r=g\",\"contentUrl\":\"https:\/\/secure.gravatar.com\/avatar\/d08aa2ce4c8dd416d4479aa8536fcf64?s=96&d=mm&r=g\",\"caption\":\"moacir\"},\"url\":\"https:\/\/franciscanos.org.br\/carisma\/author\/moacir\"}]}<\/script>\n<!-- \/ Yoast SEO plugin. -->","yoast_head_json":{"title":"Somos teu osso e tua carne - Carisma - Franciscanos","robots":{"index":"index","follow":"follow","max-snippet":"max-snippet:-1","max-image-preview":"max-image-preview:large","max-video-preview":"max-video-preview:-1"},"canonical":"https:\/\/franciscanos.org.br\/carisma\/somos-teu-osso-e-tua-carne.html","og_locale":"pt_BR","og_type":"article","og_title":"Somos teu osso e tua carne - Carisma - Franciscanos","og_description":"Santo Ant\u00f4nio Para n\u00f3s homens Te tornaste homem a fim de nos salvar. Porque sofreste, aprendeste a miseric\u00f3rdia. A nenhum anjo podemos dizer: Eis que \u00e9s nosso osso e nossa carne. Mas a Ti, filho de Deus, na verdade podemos dizer: \u00c9s nosso osso e nossa carne. Pois assumiste n\u00e3o a mat\u00e9ria dos anjos, mas [&hellip;]","og_url":"https:\/\/franciscanos.org.br\/carisma\/somos-teu-osso-e-tua-carne.html","og_site_name":"Carisma - Franciscanos","article_published_time":"2018-10-25T15:46:21+00:00","article_modified_time":"2018-10-25T16:04:18+00:00","og_image":[{"width":744,"height":830,"url":"https:\/\/franciscanos.org.br\/carisma\/wp-content\/uploads\/2018\/10\/antonio_2510p.jpg","type":"image\/jpeg"}],"author":"moacir","twitter_card":"summary_large_image","twitter_misc":{"Escrito por":"moacir","Est. tempo de leitura":"1 minuto"},"schema":{"@context":"https:\/\/schema.org","@graph":[{"@type":"WebSite","@id":"https:\/\/franciscanos.org.br\/carisma\/#website","url":"https:\/\/franciscanos.org.br\/carisma\/","name":"Carisma - Franciscanos","description":"Prov\u00edncia Franciscana da Imaculada Concei\u00e7\u00e3o do Brasil - Ordem dos Frades Menores","potentialAction":[{"@type":"SearchAction","target":{"@type":"EntryPoint","urlTemplate":"https:\/\/franciscanos.org.br\/carisma\/?s={search_term_string}"},"query-input":"required name=search_term_string"}],"inLanguage":"pt-BR"},{"@type":"ImageObject","inLanguage":"pt-BR","@id":"https:\/\/franciscanos.org.br\/carisma\/somos-teu-osso-e-tua-carne.html#primaryimage","url":"https:\/\/franciscanos.org.br\/carisma\/wp-content\/uploads\/2018\/10\/antonio_2510p.jpg","contentUrl":"https:\/\/franciscanos.org.br\/carisma\/wp-content\/uploads\/2018\/10\/antonio_2510p.jpg","width":744,"height":830},{"@type":"WebPage","@id":"https:\/\/franciscanos.org.br\/carisma\/somos-teu-osso-e-tua-carne.html#webpage","url":"https:\/\/franciscanos.org.br\/carisma\/somos-teu-osso-e-tua-carne.html","name":"Somos teu osso e tua carne - Carisma - Franciscanos","isPartOf":{"@id":"https:\/\/franciscanos.org.br\/carisma\/#website"},"primaryImageOfPage":{"@id":"https:\/\/franciscanos.org.br\/carisma\/somos-teu-osso-e-tua-carne.html#primaryimage"},"datePublished":"2018-10-25T15:46:21+00:00","dateModified":"2018-10-25T16:04:18+00:00","author":{"@id":"https:\/\/franciscanos.org.br\/carisma\/#\/schema\/person\/bf14cae4d2151ab6b6e41d96660f93a2"},"breadcrumb":{"@id":"https:\/\/franciscanos.org.br\/carisma\/somos-teu-osso-e-tua-carne.html#breadcrumb"},"inLanguage":"pt-BR","potentialAction":[{"@type":"ReadAction","target":["https:\/\/franciscanos.org.br\/carisma\/somos-teu-osso-e-tua-carne.html"]}]},{"@type":"BreadcrumbList","@id":"https:\/\/franciscanos.org.br\/carisma\/somos-teu-osso-e-tua-carne.html#breadcrumb","itemListElement":[{"@type":"ListItem","position":1,"name":"Home","item":"https:\/\/franciscanos.org.br\/carisma"},{"@type":"ListItem","position":2,"name":"Somos teu osso e tua carne"}]},{"@type":"Person","@id":"https:\/\/franciscanos.org.br\/carisma\/#\/schema\/person\/bf14cae4d2151ab6b6e41d96660f93a2","name":"moacir","image":{"@type":"ImageObject","inLanguage":"pt-BR","@id":"https:\/\/franciscanos.org.br\/carisma\/#\/schema\/person\/image\/","url":"https:\/\/secure.gravatar.com\/avatar\/d08aa2ce4c8dd416d4479aa8536fcf64?s=96&d=mm&r=g","contentUrl":"https:\/\/secure.gravatar.com\/avatar\/d08aa2ce4c8dd416d4479aa8536fcf64?s=96&d=mm&r=g","caption":"moacir"},"url":"https:\/\/franciscanos.org.br\/carisma\/author\/moacir"}]}},"_links":{"self":[{"href":"https:\/\/franciscanos.org.br\/carisma\/wp-json\/wp\/v2\/posts\/174795"}],"collection":[{"href":"https:\/\/franciscanos.org.br\/carisma\/wp-json\/wp\/v2\/posts"}],"about":[{"href":"https:\/\/franciscanos.org.br\/carisma\/wp-json\/wp\/v2\/types\/post"}],"author":[{"embeddable":true,"href":"https:\/\/franciscanos.org.br\/carisma\/wp-json\/wp\/v2\/users\/3"}],"replies":[{"embeddable":true,"href":"https:\/\/franciscanos.org.br\/carisma\/wp-json\/wp\/v2\/comments?post=174795"}],"version-history":[{"count":0,"href":"https:\/\/franciscanos.org.br\/carisma\/wp-json\/wp\/v2\/posts\/174795\/revisions"}],"wp:featuredmedia":[{"embeddable":true,"href":"https:\/\/franciscanos.org.br\/carisma\/wp-json\/wp\/v2\/media\/174809"}],"wp:attachment":[{"href":"https:\/\/franciscanos.org.br\/carisma\/wp-json\/wp\/v2\/media?parent=174795"}],"wp:term":[{"taxonomy":"category","embeddable":true,"href":"https:\/\/franciscanos.org.br\/carisma\/wp-json\/wp\/v2\/categories?post=174795"},{"taxonomy":"post_tag","embeddable":true,"href":"https:\/\/franciscanos.org.br\/carisma\/wp-json\/wp\/v2\/tags?post=174795"}],"curies":[{"name":"wp","href":"https:\/\/api.w.org\/{rel}","templated":true}]}}