{"id":174792,"date":"2018-10-25T12:42:29","date_gmt":"2018-10-25T15:42:29","guid":{"rendered":"http:\/\/franciscanos.org.br\/carisma\/?p=174792"},"modified":"2018-10-25T12:42:29","modified_gmt":"2018-10-25T15:42:29","slug":"o-caminho-da-oracao-carmelita","status":"publish","type":"post","link":"https:\/\/franciscanos.org.br\/carisma\/o-caminho-da-oracao-carmelita.html","title":{"rendered":"O caminho da Ora\u00e7\u00e3o Carmelita"},"content":{"rendered":"<p><img loading=\"lazy\" class=\"alignnone wp-image-174793 size-full\" src=\"http:\/\/franciscanos.org.br\/carisma\/wp-content\/uploads\/2018\/10\/teresa.jpg\" alt=\"\" width=\"1600\" height=\"1200\" srcset=\"https:\/\/franciscanos.org.br\/carisma\/wp-content\/uploads\/2018\/10\/teresa.jpg 1600w, https:\/\/franciscanos.org.br\/carisma\/wp-content\/uploads\/2018\/10\/teresa-450x338.jpg 450w, https:\/\/franciscanos.org.br\/carisma\/wp-content\/uploads\/2018\/10\/teresa-768x576.jpg 768w, https:\/\/franciscanos.org.br\/carisma\/wp-content\/uploads\/2018\/10\/teresa-1024x768.jpg 1024w, https:\/\/franciscanos.org.br\/carisma\/wp-content\/uploads\/2018\/10\/teresa-150x113.jpg 150w\" sizes=\"(max-width: 1600px) 100vw, 1600px\" \/><\/p>\n<p><em><strong>Frei Patr\u00edcio Sciadini, ocd<\/strong><\/em><\/p>\n<p>O caminho do m\u00e9todo da ora\u00e7\u00e3o carmelitana \u00e9 o mais simples de todos. \u201cQuando o cora\u00e7\u00e3o reza sempre responde: \u201cA ora\u00e7\u00e3o \u00e9 um \u00edntimo di\u00e1logo de amor com Aquele que sabemos que nos ama\u201d (Santa Teresa). Ou \u201cum olhar lan\u00e7ado para o c\u00e9u, um desabafo do cora\u00e7\u00e3o\u201d (Santa Teresinha). \u201cProcurai lenda e encontrareis meditando; batei orando e abrir-se-vos-\u00e3o contemplando\u201d (S\u00e3o Jo\u00e3o da Cruz).<\/p>\n<p><strong>DEZ PASSOS DA ORA\u00c7\u00c3O CARMELITANA<br \/>\n<\/strong><br \/>\n<strong>1-<\/strong>\u00a0Uma determinada determina\u00e7\u00e3o de rezar. Decidir-se a rezar todos os dias, em todos os momentos, determinar um tempo para a ora\u00e7\u00e3o di\u00e1ria, para \u201cestar a s\u00f3s com aquele que sabemos que nos ama\u201d. N\u00e3o desistir.<\/p>\n<p><strong>2 &#8211;<\/strong>\u00a0Prepara\u00e7\u00e3o remota: criar um ambiente externo de \u201csil\u00eancio e recolhimento\u201d e um ambiente interior: \u201cpresen\u00e7a de Deus, aten\u00e7\u00e3o aos sinais dos tempos e dos lugares que nos falem de Deus\u201d, para saber reconhecer Deus que nos visita.<\/p>\n<p><strong>3 &#8211;<\/strong>\u00a0Prepara\u00e7\u00e3o pr\u00f3xima: um pouco antes da ora\u00e7\u00e3o desligar-nos de tudo o que pode nos perturbar, preocupar. Todo encontro que \u00e9 amor se prepara com anteced\u00eancia e se deixa tudo por ele. Saber dar espa\u00e7o para que Deus bata \u00e0 nossa porta. Ele quer entrar e estar conosco no nosso \u201ccastelo interior\u201d.<\/p>\n<p><strong>4 &#8211;<\/strong>\u00a0Presen\u00e7a de Deus: \u00e9 o momento importante quando, invocando o Esp\u00edrito Santo, nos dispomos a rezar. Reza-se, rezando. \u00c9 o Esp\u00edrito Santo o mestre da nossa ora\u00e7\u00e3o, deixe que ele reze em voc\u00ea. Invocar o Senhor.<\/p>\n<p><strong>5 &#8211;<\/strong>\u00a0Leitura meditativa: \u00e9 sempre bom se ajudar, quando o cora\u00e7\u00e3o est\u00e1 \u00e1rido, com uma leitura, preferencialmente a B\u00edblia, ou outro livro. Santa Teresa sempre levava um livro na sua ora\u00e7\u00e3o. Ler lenta-atenta-amorosamente para saborear a palavra de Deus.<\/p>\n<p><strong>6 &#8211;<\/strong>\u00a0Medita\u00e7\u00e3o: refletir e aplicar \u00e0 nossa vida a palavra lida. Um trabalho da mente muito importante. Deus nos fala e quer que n\u00f3s compreendamos a sua palavra de amor. \u00c9 sempre importante escolher um tema para meditar. A improvisa\u00e7\u00e3o em nenhuma coisa \u00e9 boa, tamb\u00e9m na ora\u00e7\u00e3o n\u00e3o ajuda.<\/p>\n<p><strong>7 &#8211;<\/strong>\u00a0Di\u00e1logo afetivo ou amoroso \u2013 \u201ccora\u00e7\u00e3o da medita\u00e7\u00e3o carmelitana\u201d: deixar expandir o cora\u00e7\u00e3o, falar com Deus a partir da vida, do cotidiano, n\u00e3o ter pressa, n\u00e3o ter medo, dizer ao Senhor que nos ama tudo o que se passa em nosso cora\u00e7\u00e3o.\u00a0 \u00c9 o face a face. \u00c9 o deixar-se mar por Ele.<\/p>\n<p><strong>8 &#8211;<\/strong>\u00a0Compromisso: todo encontro oracional deve ser confirmado, consagrado num compromisso concreto, vi\u00e1vel, que fecunde a nossa vida e nos torne sinais verdadeiros da presen\u00e7a de Deus. Evitar compromisso te\u00f3rico e barato. O que hoje quero fazer a partir da minha medita\u00e7\u00e3o?<\/p>\n<p><strong>9 &#8211;<\/strong>\u00a0Agradecer: depois de todo encontro de amor, de amizade, sentimos a necessidade de agradecer. Pode agradecer com o seu cora\u00e7\u00e3o, com suas palavras ou com textos que lhe fazem bem: \u201cMagnificat, Pai-nosso&#8230;\u201d.<\/p>\n<p><strong>10 &#8211;<\/strong>\u00a0Voltar ao trabalho: com o cora\u00e7\u00e3o novo, com empenho e compromisso. Depois da ora\u00e7\u00e3o n\u00e3o estamos mais sozinhos. Deus vai conosco, as tr\u00eas pessoas da Trindade trabalham conosco. \u00c9 vida nova, \u00e9 paz, compromisso, amor concreto.<\/p>\n<p>Se todos os dias formos fi\u00e9is a este caminho de ora\u00e7\u00e3o,<br \/>\nem pouco tempo a nossa vida ser\u00e1 transformada, comprometida.<\/p>\n<p>\u201cNa realidade, a ora\u00e7\u00e3o \u00e9 um descanso, um repouso. \u00c9 aproximar-se com toda a simplicidade daquele que se ama. \u00c9 permanecer junto a ele como um filhinho nos bra\u00e7os de sua m\u00e3e, num abandono do cora\u00e7\u00e3o\u201d<br \/>\n<em>(Beata Elizabete da Trindade).<\/em><\/p>\n<p>Centro Teresiano de Espiritualidade<br \/>\nS\u00e3o Roque \u2013 SP<br \/>\n<a href=\"mailto:centroteresiano@yahoo.com.br\">centroteresiano@yahoo.com.br<\/a><\/p>\n<p>&nbsp;<\/p>\n","protected":false},"excerpt":{"rendered":"<p>Frei Patr\u00edcio Sciadini, ocd O caminho do m\u00e9todo da ora\u00e7\u00e3o carmelitana \u00e9 o mais simples de todos. \u201cQuando o cora\u00e7\u00e3o reza sempre responde: \u201cA ora\u00e7\u00e3o \u00e9 um \u00edntimo di\u00e1logo de amor com Aquele que sabemos que nos ama\u201d (Santa Teresa). Ou \u201cum olhar lan\u00e7ado para o c\u00e9u, um desabafo do cora\u00e7\u00e3o\u201d (Santa Teresinha). \u201cProcurai lenda [&hellip;]<\/p>\n","protected":false},"author":3,"featured_media":174793,"comment_status":"open","ping_status":"open","sticky":false,"template":"","format":"standard","meta":[],"categories":[12],"tags":[],"yoast_head":"<!-- This site is optimized with the Yoast SEO plugin v19.2 - https:\/\/yoast.com\/wordpress\/plugins\/seo\/ -->\n<title>O caminho da Ora\u00e7\u00e3o Carmelita - Carisma - Franciscanos<\/title>\n<meta name=\"robots\" content=\"index, follow, max-snippet:-1, max-image-preview:large, max-video-preview:-1\" \/>\n<link rel=\"canonical\" href=\"https:\/\/franciscanos.org.br\/carisma\/o-caminho-da-oracao-carmelita.html\" \/>\n<meta property=\"og:locale\" content=\"pt_BR\" \/>\n<meta property=\"og:type\" content=\"article\" \/>\n<meta property=\"og:title\" content=\"O caminho da Ora\u00e7\u00e3o Carmelita - Carisma - Franciscanos\" \/>\n<meta property=\"og:description\" content=\"Frei Patr\u00edcio Sciadini, ocd O caminho do m\u00e9todo da ora\u00e7\u00e3o carmelitana \u00e9 o mais simples de todos. \u201cQuando o cora\u00e7\u00e3o reza sempre responde: \u201cA ora\u00e7\u00e3o \u00e9 um \u00edntimo di\u00e1logo de amor com Aquele que sabemos que nos ama\u201d (Santa Teresa). Ou \u201cum olhar lan\u00e7ado para o c\u00e9u, um desabafo do cora\u00e7\u00e3o\u201d (Santa Teresinha). \u201cProcurai lenda [&hellip;]\" \/>\n<meta property=\"og:url\" content=\"https:\/\/franciscanos.org.br\/carisma\/o-caminho-da-oracao-carmelita.html\" \/>\n<meta property=\"og:site_name\" content=\"Carisma - Franciscanos\" \/>\n<meta property=\"article:published_time\" content=\"2018-10-25T15:42:29+00:00\" \/>\n<meta property=\"og:image\" content=\"https:\/\/franciscanos.org.br\/carisma\/wp-content\/uploads\/2018\/10\/teresa.jpg\" \/>\n\t<meta property=\"og:image:width\" content=\"1600\" \/>\n\t<meta property=\"og:image:height\" content=\"1200\" \/>\n\t<meta property=\"og:image:type\" content=\"image\/jpeg\" \/>\n<meta name=\"author\" content=\"moacir\" \/>\n<meta name=\"twitter:card\" content=\"summary_large_image\" \/>\n<meta name=\"twitter:label1\" content=\"Escrito por\" \/>\n\t<meta name=\"twitter:data1\" content=\"moacir\" \/>\n\t<meta name=\"twitter:label2\" content=\"Est. tempo de leitura\" \/>\n\t<meta name=\"twitter:data2\" content=\"3 minutos\" \/>\n<script type=\"application\/ld+json\" class=\"yoast-schema-graph\">{\"@context\":\"https:\/\/schema.org\",\"@graph\":[{\"@type\":\"WebSite\",\"@id\":\"https:\/\/franciscanos.org.br\/carisma\/#website\",\"url\":\"https:\/\/franciscanos.org.br\/carisma\/\",\"name\":\"Carisma - Franciscanos\",\"description\":\"Prov\u00edncia Franciscana da Imaculada Concei\u00e7\u00e3o do Brasil - Ordem dos Frades Menores\",\"potentialAction\":[{\"@type\":\"SearchAction\",\"target\":{\"@type\":\"EntryPoint\",\"urlTemplate\":\"https:\/\/franciscanos.org.br\/carisma\/?s={search_term_string}\"},\"query-input\":\"required name=search_term_string\"}],\"inLanguage\":\"pt-BR\"},{\"@type\":\"ImageObject\",\"inLanguage\":\"pt-BR\",\"@id\":\"https:\/\/franciscanos.org.br\/carisma\/o-caminho-da-oracao-carmelita.html#primaryimage\",\"url\":\"https:\/\/franciscanos.org.br\/carisma\/wp-content\/uploads\/2018\/10\/teresa.jpg\",\"contentUrl\":\"https:\/\/franciscanos.org.br\/carisma\/wp-content\/uploads\/2018\/10\/teresa.jpg\",\"width\":1600,\"height\":1200},{\"@type\":\"WebPage\",\"@id\":\"https:\/\/franciscanos.org.br\/carisma\/o-caminho-da-oracao-carmelita.html#webpage\",\"url\":\"https:\/\/franciscanos.org.br\/carisma\/o-caminho-da-oracao-carmelita.html\",\"name\":\"O caminho da Ora\u00e7\u00e3o Carmelita - Carisma - Franciscanos\",\"isPartOf\":{\"@id\":\"https:\/\/franciscanos.org.br\/carisma\/#website\"},\"primaryImageOfPage\":{\"@id\":\"https:\/\/franciscanos.org.br\/carisma\/o-caminho-da-oracao-carmelita.html#primaryimage\"},\"datePublished\":\"2018-10-25T15:42:29+00:00\",\"dateModified\":\"2018-10-25T15:42:29+00:00\",\"author\":{\"@id\":\"https:\/\/franciscanos.org.br\/carisma\/#\/schema\/person\/bf14cae4d2151ab6b6e41d96660f93a2\"},\"breadcrumb\":{\"@id\":\"https:\/\/franciscanos.org.br\/carisma\/o-caminho-da-oracao-carmelita.html#breadcrumb\"},\"inLanguage\":\"pt-BR\",\"potentialAction\":[{\"@type\":\"ReadAction\",\"target\":[\"https:\/\/franciscanos.org.br\/carisma\/o-caminho-da-oracao-carmelita.html\"]}]},{\"@type\":\"BreadcrumbList\",\"@id\":\"https:\/\/franciscanos.org.br\/carisma\/o-caminho-da-oracao-carmelita.html#breadcrumb\",\"itemListElement\":[{\"@type\":\"ListItem\",\"position\":1,\"name\":\"Home\",\"item\":\"https:\/\/franciscanos.org.br\/carisma\"},{\"@type\":\"ListItem\",\"position\":2,\"name\":\"O caminho da Ora\u00e7\u00e3o Carmelita\"}]},{\"@type\":\"Person\",\"@id\":\"https:\/\/franciscanos.org.br\/carisma\/#\/schema\/person\/bf14cae4d2151ab6b6e41d96660f93a2\",\"name\":\"moacir\",\"image\":{\"@type\":\"ImageObject\",\"inLanguage\":\"pt-BR\",\"@id\":\"https:\/\/franciscanos.org.br\/carisma\/#\/schema\/person\/image\/\",\"url\":\"https:\/\/secure.gravatar.com\/avatar\/d08aa2ce4c8dd416d4479aa8536fcf64?s=96&d=mm&r=g\",\"contentUrl\":\"https:\/\/secure.gravatar.com\/avatar\/d08aa2ce4c8dd416d4479aa8536fcf64?s=96&d=mm&r=g\",\"caption\":\"moacir\"},\"url\":\"https:\/\/franciscanos.org.br\/carisma\/author\/moacir\"}]}<\/script>\n<!-- \/ Yoast SEO plugin. -->","yoast_head_json":{"title":"O caminho da Ora\u00e7\u00e3o Carmelita - Carisma - Franciscanos","robots":{"index":"index","follow":"follow","max-snippet":"max-snippet:-1","max-image-preview":"max-image-preview:large","max-video-preview":"max-video-preview:-1"},"canonical":"https:\/\/franciscanos.org.br\/carisma\/o-caminho-da-oracao-carmelita.html","og_locale":"pt_BR","og_type":"article","og_title":"O caminho da Ora\u00e7\u00e3o Carmelita - Carisma - Franciscanos","og_description":"Frei Patr\u00edcio Sciadini, ocd O caminho do m\u00e9todo da ora\u00e7\u00e3o carmelitana \u00e9 o mais simples de todos. \u201cQuando o cora\u00e7\u00e3o reza sempre responde: \u201cA ora\u00e7\u00e3o \u00e9 um \u00edntimo di\u00e1logo de amor com Aquele que sabemos que nos ama\u201d (Santa Teresa). Ou \u201cum olhar lan\u00e7ado para o c\u00e9u, um desabafo do cora\u00e7\u00e3o\u201d (Santa Teresinha). \u201cProcurai lenda [&hellip;]","og_url":"https:\/\/franciscanos.org.br\/carisma\/o-caminho-da-oracao-carmelita.html","og_site_name":"Carisma - Franciscanos","article_published_time":"2018-10-25T15:42:29+00:00","og_image":[{"width":1600,"height":1200,"url":"https:\/\/franciscanos.org.br\/carisma\/wp-content\/uploads\/2018\/10\/teresa.jpg","type":"image\/jpeg"}],"author":"moacir","twitter_card":"summary_large_image","twitter_misc":{"Escrito por":"moacir","Est. tempo de leitura":"3 minutos"},"schema":{"@context":"https:\/\/schema.org","@graph":[{"@type":"WebSite","@id":"https:\/\/franciscanos.org.br\/carisma\/#website","url":"https:\/\/franciscanos.org.br\/carisma\/","name":"Carisma - Franciscanos","description":"Prov\u00edncia Franciscana da Imaculada Concei\u00e7\u00e3o do Brasil - Ordem dos Frades Menores","potentialAction":[{"@type":"SearchAction","target":{"@type":"EntryPoint","urlTemplate":"https:\/\/franciscanos.org.br\/carisma\/?s={search_term_string}"},"query-input":"required name=search_term_string"}],"inLanguage":"pt-BR"},{"@type":"ImageObject","inLanguage":"pt-BR","@id":"https:\/\/franciscanos.org.br\/carisma\/o-caminho-da-oracao-carmelita.html#primaryimage","url":"https:\/\/franciscanos.org.br\/carisma\/wp-content\/uploads\/2018\/10\/teresa.jpg","contentUrl":"https:\/\/franciscanos.org.br\/carisma\/wp-content\/uploads\/2018\/10\/teresa.jpg","width":1600,"height":1200},{"@type":"WebPage","@id":"https:\/\/franciscanos.org.br\/carisma\/o-caminho-da-oracao-carmelita.html#webpage","url":"https:\/\/franciscanos.org.br\/carisma\/o-caminho-da-oracao-carmelita.html","name":"O caminho da Ora\u00e7\u00e3o Carmelita - Carisma - Franciscanos","isPartOf":{"@id":"https:\/\/franciscanos.org.br\/carisma\/#website"},"primaryImageOfPage":{"@id":"https:\/\/franciscanos.org.br\/carisma\/o-caminho-da-oracao-carmelita.html#primaryimage"},"datePublished":"2018-10-25T15:42:29+00:00","dateModified":"2018-10-25T15:42:29+00:00","author":{"@id":"https:\/\/franciscanos.org.br\/carisma\/#\/schema\/person\/bf14cae4d2151ab6b6e41d96660f93a2"},"breadcrumb":{"@id":"https:\/\/franciscanos.org.br\/carisma\/o-caminho-da-oracao-carmelita.html#breadcrumb"},"inLanguage":"pt-BR","potentialAction":[{"@type":"ReadAction","target":["https:\/\/franciscanos.org.br\/carisma\/o-caminho-da-oracao-carmelita.html"]}]},{"@type":"BreadcrumbList","@id":"https:\/\/franciscanos.org.br\/carisma\/o-caminho-da-oracao-carmelita.html#breadcrumb","itemListElement":[{"@type":"ListItem","position":1,"name":"Home","item":"https:\/\/franciscanos.org.br\/carisma"},{"@type":"ListItem","position":2,"name":"O caminho da Ora\u00e7\u00e3o Carmelita"}]},{"@type":"Person","@id":"https:\/\/franciscanos.org.br\/carisma\/#\/schema\/person\/bf14cae4d2151ab6b6e41d96660f93a2","name":"moacir","image":{"@type":"ImageObject","inLanguage":"pt-BR","@id":"https:\/\/franciscanos.org.br\/carisma\/#\/schema\/person\/image\/","url":"https:\/\/secure.gravatar.com\/avatar\/d08aa2ce4c8dd416d4479aa8536fcf64?s=96&d=mm&r=g","contentUrl":"https:\/\/secure.gravatar.com\/avatar\/d08aa2ce4c8dd416d4479aa8536fcf64?s=96&d=mm&r=g","caption":"moacir"},"url":"https:\/\/franciscanos.org.br\/carisma\/author\/moacir"}]}},"_links":{"self":[{"href":"https:\/\/franciscanos.org.br\/carisma\/wp-json\/wp\/v2\/posts\/174792"}],"collection":[{"href":"https:\/\/franciscanos.org.br\/carisma\/wp-json\/wp\/v2\/posts"}],"about":[{"href":"https:\/\/franciscanos.org.br\/carisma\/wp-json\/wp\/v2\/types\/post"}],"author":[{"embeddable":true,"href":"https:\/\/franciscanos.org.br\/carisma\/wp-json\/wp\/v2\/users\/3"}],"replies":[{"embeddable":true,"href":"https:\/\/franciscanos.org.br\/carisma\/wp-json\/wp\/v2\/comments?post=174792"}],"version-history":[{"count":0,"href":"https:\/\/franciscanos.org.br\/carisma\/wp-json\/wp\/v2\/posts\/174792\/revisions"}],"wp:featuredmedia":[{"embeddable":true,"href":"https:\/\/franciscanos.org.br\/carisma\/wp-json\/wp\/v2\/media\/174793"}],"wp:attachment":[{"href":"https:\/\/franciscanos.org.br\/carisma\/wp-json\/wp\/v2\/media?parent=174792"}],"wp:term":[{"taxonomy":"category","embeddable":true,"href":"https:\/\/franciscanos.org.br\/carisma\/wp-json\/wp\/v2\/categories?post=174792"},{"taxonomy":"post_tag","embeddable":true,"href":"https:\/\/franciscanos.org.br\/carisma\/wp-json\/wp\/v2\/tags?post=174792"}],"curies":[{"name":"wp","href":"https:\/\/api.w.org\/{rel}","templated":true}]}}