{"id":172061,"date":"2018-09-21T08:27:52","date_gmt":"2018-09-21T11:27:52","guid":{"rendered":"http:\/\/franciscanos.org.br\/?p=172061"},"modified":"2019-05-21T08:41:38","modified_gmt":"2019-05-21T11:41:38","slug":"o-que-dizem-a-respeito-de-francisco-de-assis","status":"publish","type":"post","link":"https:\/\/franciscanos.org.br\/carisma\/o-que-dizem-a-respeito-de-francisco-de-assis.html","title":{"rendered":"O que dizem a respeito de Francisco de Assis"},"content":{"rendered":"<p><img loading=\"lazy\" src=\"http:\/\/franciscanos.org.br\/wp-content\/uploads\/2018\/09\/francisco_210918_lobo.jpg\" alt=\"francisco_210918_lobo\" width=\"820\" height=\"571\" \/><\/p>\n<blockquote><p>&nbsp;<\/p>\n<p>Esta s\u00e9rie de cita\u00e7\u00f5es falam de Francisco, esse ser simples que recebeu as confid\u00eancias do Senhor e esse homem novo que nos ajuda a buscar a novidade de vida respondendo ao convite do Papa Francisco. N\u00e3o podemos trilhar caminhos batidos. Francisco, simples e serenamente humilde, Francisco \u00e9 aquele que cria o novo em sua vida, que n\u00e3o caminha por trilhas batidas, o homem de um novo s\u00e9culo. Atr\u00e1s dos \u201chomens novos\u201d dos tempo atuais segue o lobo domesticado pela vida de homens parecidos com Francisco de Assis.<\/p><\/blockquote>\n<h3>Francisco, se abre \u00e0 do\u00e7ura de Deus<\/h3>\n<p>\u201cFrancisco n\u00e3o foi de in\u00edcio um modelo de do\u00e7ura. Suas ambi\u00e7\u00f5es o havia atirado \u00e0 guerra: \u00e0 guerra volunt\u00e1ria como caminho para a gl\u00f3ria. Mas ele encontrou Cristo e, finalmente, se o universo se transfigurou aos seus olhos foi porque o seu cora\u00e7\u00e3o se abriu \u00e0 grande do\u00e7ura de Deus. Francisco soube domesticar sua pr\u00f3pria agressividade. Converteu o lobo, aquele lobo que n\u00e3o vive apenas nas florestas, mas que se oculta em cada um de n\u00f3s&#8230; E o lobo feroz se tornou fraternal. Aquela for\u00e7a de combate e de crueldade metamorfoseou-se numa energia de amor, numa for\u00e7a criadora de comunh\u00e3o entre os seres\u201d <em>(E.Leclerc, O sol nasce em Assis, Vozes, p. 95).<\/em><\/p>\n<h3>Francisco, homem do s\u00e9culo futuro &#8211; Celano<\/h3>\n<p>\u201cNingu\u00e9m \u00e9 capaz de compreender quanto se comovia quando pronunciava vosso nome, Senhor santo. Parecia um outro homem, um homem do outro mundo, todo cheio de j\u00fabilo e do mais puro prazer\u201d (1Celano 82). O Dicion\u00e1rio Franciscano insiste no novo em Francisco: \u201cFrancisco parecia aos seus contempor\u00e2neos um homem que, de certa maneira, voltou \u00e0s suas origens e \u00e9 tamb\u00e9m o homem dos \u00faltimos tempos. Sua presen\u00e7a era como de uma nova luz enviada do c\u00e9u para dissipar as trevas do mal. Ele \u00e9 \u201co novo evangelista destes \u00faltimos tempos que mostrou o caminho e a verdade do Filho de Deus. Com ele, o mundo vive uma nova juventude, a Igreja \u00e9 \u201crenovada\u201d, os crist\u00e3os adquirem o esp\u00edrito novo (1Cel 89). \u00c9 realmente not\u00e1vel esse sentido de novidade que o bi\u00f3grafo coloca em destaque.Trata-se da novidade da vida futura j\u00e1 presente e vivida nele: \u00e9 sinal bem vis\u00edvel em sua pessoa do car\u00e1ter ef\u00eamero deste mundo e mostra tang\u00edvel da bem-aventurada realidade escatol\u00f3gica deste novo mundo\u201d <em>(Dicion\u00e1rio Franciscano, Leonardo Izzo, p. 775).<\/em><\/p>\n<h3>O cristianismo vivo que reina no mundo proveio de Francisco<\/h3>\n<p>Transcrevo reflex\u00f5es de \u00c9loi Leclerc a respeito de Francisco que quase nos parecem exageradas: \u201cA prop\u00f3sito de Francisco de Assis, escreve o historiador Georges Duby na obra Le Temps des cath\u00e9drales: \u201cDe parceria com Cristo foi Francisco o grande her\u00f3i da hist\u00f3ria crist\u00e3. Pode-se afirmar sem exagero que o que hoje resta de cristianismo vivo prov\u00e9m diretamente dele (Le Temps des cath\u00e9drales, Gallimard, 1976, p. 170). Poder\u00e1 parecer exagerada esta opini\u00e3o. Mas sem qualquer exagero \u00e9 leg\u00edtimo pensar e dizer com P. Lippert que \u201cse Deus algum dia conceder \u00e0 Igreja a ordem religiosa do futuro, para a qual se j\u00e1 se voltam muitos olhares, essa ordem apresentar\u00e1 sem d\u00favida os tra\u00e7os espirituais de Francisco de Assis (P. Lippert, La Bont\u00e9, Aubier 1946, p. 120). <em>(E. Leclerc, Caminho de Contempla\u00e7\u00e3o, pro-manuscripto, p.43).<\/em><\/p>\n<h3>Francisco leva o homem a crer na bondade divina<\/h3>\n<p>\u201cFrancisco \u00e9 dessas figuras da qual a humanidade sempre sentir\u00e1 orgulho. Suas qualidades for\u00e7am a simpatia; seus defeitos, se os tem, s\u00e3o atraentes; sua santidade nada tem de exot\u00e9rico, afetado ou amea\u00e7ador, seus dons naturais suscitam em geral admira\u00e7\u00e3o; seus ensinamentos exalam tal frescor, poesia e serenidade, que mesmo esp\u00edritos embotados podem encontrar neles raz\u00f5es para amar a vida e crer na bondade divina\u201d <em>(Omer Englebert, Vida de S\u00e3o Francisco de Assis. Trad. Frei Adelino Pilonetto. EST Edi\u00e7\u00f5es, Porto Alegre, 2004, p.9).<\/em><\/p>\n<h3>Francisco, original e genial<\/h3>\n<p>Francisco de Assis \u00e9 personagem original e genial, situado entre 1182, data de seu nascimento, e 1226, ano de sua morte. A respeito de nenhum santo tanto se escreveu como a seu respeito, na frente de todos os textos da literatura religiosa. Por ele se interessaram historiadores, literatos, te\u00f3logos, soci\u00f3logos, fil\u00f3sofos, artistas, cineastas, etc. Na lista de admiradores seus est\u00e3o cat\u00f3licos, protestantes, ortodoxos, heterodoxos, racionalistas, pante\u00edstas e at\u00e9 ateus devotos. Conservadores e reformistas, tradicionalistas, revolucion\u00e1rios, m\u00edsticos e ecologistas nele se apoiam para justificar teses e ant\u00edteses, tradi\u00e7\u00f5es ou contradi\u00e7\u00f5es. Trata-se de um personagem a respeito do qual muito se falou, precisamente este que se prop\u00f4s a pouco falar e pouco escrever. Descobrimos esse personagem n\u00e3o s\u00f3 em seus escritos e palavras, mas tamb\u00e9m em suas obras, seus gestos, atitudes e insinua\u00e7\u00f5es, inclusive por seus sil\u00eancios e provoca\u00e7\u00f5es. Francisco de Assis \u00e9 um santo com inumer\u00e1veis e contrastantes interpreta\u00e7\u00f5es. Talvez essa riqueza de perspectivas oculte a aut\u00eantica realidade de sua exist\u00eancia e cause um certo desconcerto. Nisto reside a pluralidade de fam\u00edlias que disputam sua autenticidade. \u00c9 o santo mais interpreta e, por isso, o santo mais desfigurado, convertendo-se, assim, num santo enigm\u00e1tico. O Poverello impacta por sua simpatia, simplicidade, humanidade e bondade, inclusive por suas contradi\u00e7\u00f5es. Evoca serenidade, humanidade e poesia. Cativa por sua nobreza, ternura e desinteresse. Soube sincronizar admiravelmente santidade com poesia, canto com sofrimento, alegria com pobreza, amabilidade com austeridade, Evangelho com humanidade, iman\u00eancia com transcend\u00eancia, m\u00edstica com a\u00e7\u00e3o, religi\u00f5es com os problemas mais contundentes da vida. \u00c9 um cavaleiro da f\u00e9, que caminha sem duplicidade nem arrog\u00e2ncia, mas com aud\u00e1cia e decis\u00e3o querendo atingir os fins a que se prop\u00f4s. Toma dist\u00e2ncia das mentiras piedosas, desconhece os pensamentos med\u00edocres. N\u00e3o suporta a vulgaridade, nada tem de cumplicidade com subterf\u00fagios f\u00e1ceis nem melindres oportunistas. Sabe respeitar a todos os que destacam sem ser um barato bajulador. N\u00e3o precisa bajular a ningu\u00e9m. Despreza os bens temporais e n\u00e3o tem nenhuma pretens\u00e3o de grandeza nem \u00e2nsia de galgar postos grandiosos da sociedade ou da Igreja porque acredita que a pr\u00f3pria exist\u00eancia \u00e9 gra\u00e7a e nobreza. A maior que lhe pode ser tributada \u00e9 real\u00e7ar sua magnanimidade. Foge do servilismo, embora sirva a todos. Desmascara as lisonjas dos aduladores e servis. Consegue ser totalmente livre sem fazer concess\u00f5es ao ego\u00edsmo e \u00e0 extravag\u00e2ncia\u201d <em>(Jos\u00e9 Antonio Merino OFM, Francisco de As\u00eds, santo enigm\u00e1tico e provocador, Encarte, Vida Nueva, n. 2663).<\/em><\/p>\n<h3>Esse \u2018revolucion\u00e1rio\u2019 Francisco<\/h3>\n<p>Chesterton escreveu uma apaixonante biografia sobre o santo. Dele retenho, por necessidade de brevidade, uns poucos par\u00e1grafos. \u201cN\u00e3o \u00e9 poss\u00edvel ler racionalmente a hist\u00f3ria de um homem apresentado como espelho de Cristo sem compreender sua fase final como Homem das Dores e, sem ao menos apreciar artisticamente a propriedade de ele ter recebido, numa nuvem de mist\u00e9rio e de isolamento, e n\u00e3o provocadas por m\u00e3o humana, as feridas sempre abertas que curam o mundo\u201d (&#8230;). A vinda de S\u00e3o Francisco foi como o nascimento de uma crian\u00e7a numa casa escura que tivesse acabado por uma maldi\u00e7\u00e3o; uma crian\u00e7a que cresce sem ter consci\u00eancia da trag\u00e9dia e que a vence pela inoc\u00eancia. Nele, \u00e9 preciso n\u00e3o s\u00f3 inoc\u00eancia como desconhecimento. \u00c9 da ess\u00eancia da hist\u00f3ria que ele se jogue na grama verde sem ver se ela esconde um cad\u00e1ver ou que suba numa macieira sem saber que ela \u00e9 a forca de um suicida. Foi essa anistia e reconcilia\u00e7\u00e3o que o frescor do esp\u00edrito franciscano trouxe ao mundo\u201d <em>(S\u00e3o Francisco de Assis. A Espiritualidade da Paz, Ediouro, 2001, p. 18 e 171).<\/em><\/p>\n<h3>Francisco olha o mundo com olhos de crian\u00e7a<\/h3>\n<p>\u201cHoje como outrora, os Pobres de Jav\u00e9 veem aparecer o Reino de Deus naquilo que h\u00e1 de mais fr\u00e1gil no mundo: o olhar duma crian\u00e7a: \u201cFoi nos dado um filho&#8230;\u201d: este or\u00e1culo do profeta Isa\u00edas continua a ser v\u00e1lido, pois encerra o futuro do mundo. Os viandantes da noite, os desorientados das sombras, viram surgir uma luz: e esse arrebol de aurora brilha no olhar de uma crian\u00e7a. Maravilhoso paradoxo: uma crian\u00e7a, um ser indefeso, t\u00e3o fraco que nem \u00e9 capaz de falar, nem sequer sabe falar e \u00e9 ela que nos vem transmitir a Palavra na sua plenitude! Nos seus ombros min\u00fasculos e fr\u00e1geis repousa a onipot\u00eancia! A sua fragilidade, para quem saiba entend\u00ea-la, \u00e9 princ\u00edpio, cria\u00e7\u00e3o, novidade imprevis\u00edvel. No seu olhar brilha a inf\u00e2ncia divina. \u00c9 ela, essa crian\u00e7a, a grande comunica\u00e7\u00e3o de Deus ao mundo. Tal como o Criador, tamb\u00e9m o homem, enfim, a quis desde o princ\u00edpio. Diz-se que foi o Pobre de Assis o inventor do pres\u00e9pio de Natal. Pelo menos contribuiu para divulgar esta pr\u00e1tica devota. Mas o mais importante \u00e9 o fato de ele ter visto e ter feito ver com outros olhos o acontecimento do Natal: com um cora\u00e7\u00e3o de pobre e com olhos de crian\u00e7a. \u201cEu quereria ver com os meus pr\u00f3prios olhos, dizia ele, o Menino, tal como ele era, deitado numa manjedoura, a dormir sobre o feno, entre um boi e um jumento..\u201d Era uma ideia nova e infantil por um lado, mas por outro lado maravilhosa e genial, como s\u00f3 os poetas a costumam ter: a de ver e fazer ver, com olhos de crian\u00e7a, o pr\u00f3prio Deus no seu gesto de \u201cternura\u201d. Era isso o mais importante para o futuro do mundo. Numa sociedade de mercadores, dominada pela paix\u00e3o do dinheiro, tornava-se urgente dar a ver a toda gente a gratuidade de Deus. Num mundo onde os cl\u00e9rigos sonhavam com a teocracia, era urgente mostrar a todos a humildade de Deus. E num tempo de cruzadas e guerras santa, nada mais necess\u00e1rio do que fazer ver a ternura de Deus. Enquanto a cristandade, ufana de si mesma, sonhava em celebrar a sua pr\u00f3pria epifania, erguendo cada vez mais altas para o c\u00e9u as torres e flechas das catedrais, como um Te Deum flamejante, Francisco de Assis e seus primeiros companheiros, contemplavam, na penumbra de um est\u00e1bulo, Deus a vir ao mundo na fragilidade de uma crian\u00e7a. Chegavam assim \u00e0 fonte maravilhosa. E abrindo-se a esta comunica\u00e7\u00e3o com Deus, transformavam-se naquilo que contemplavam: nasciam para a vida divina. E em alegria criadora restitu\u00edam a Deus o mundo, a humanidade e o pr\u00f3prio Deus\u201d <em>( E. Leclerc, Caminho de Contempla\u00e7\u00e3o, op.cit.p. 53-54).<\/em><\/p>\n<p><strong>Frei Almir Guimar\u00e3es<\/strong><\/p>\n","protected":false},"excerpt":{"rendered":"<p>Artigo de Frei Almir Guimar\u00e3es<\/p>\n","protected":false},"author":1,"featured_media":175926,"comment_status":"open","ping_status":"open","sticky":false,"template":"","format":"standard","meta":[],"categories":[11],"tags":[107],"yoast_head":"<!-- This site is optimized with the Yoast SEO plugin v19.2 - https:\/\/yoast.com\/wordpress\/plugins\/seo\/ -->\n<title>O que dizem a respeito de Francisco de Assis - Carisma - Franciscanos<\/title>\n<meta name=\"robots\" content=\"index, follow, max-snippet:-1, max-image-preview:large, max-video-preview:-1\" \/>\n<link rel=\"canonical\" href=\"https:\/\/franciscanos.org.br\/carisma\/o-que-dizem-a-respeito-de-francisco-de-assis.html\" \/>\n<meta property=\"og:locale\" content=\"pt_BR\" \/>\n<meta property=\"og:type\" content=\"article\" \/>\n<meta property=\"og:title\" content=\"O que dizem a respeito de Francisco de Assis - Carisma - Franciscanos\" \/>\n<meta property=\"og:description\" content=\"Artigo de Frei Almir Guimar\u00e3es\" \/>\n<meta property=\"og:url\" content=\"https:\/\/franciscanos.org.br\/carisma\/o-que-dizem-a-respeito-de-francisco-de-assis.html\" \/>\n<meta property=\"og:site_name\" content=\"Carisma - Franciscanos\" \/>\n<meta property=\"article:published_time\" content=\"2018-09-21T11:27:52+00:00\" \/>\n<meta property=\"article:modified_time\" content=\"2019-05-21T11:41:38+00:00\" \/>\n<meta property=\"og:image\" content=\"https:\/\/franciscanos.org.br\/carisma\/wp-content\/uploads\/2018\/09\/francisco_210918_lobo.jpg\" \/>\n\t<meta property=\"og:image:width\" content=\"273\" \/>\n\t<meta property=\"og:image:height\" content=\"181\" \/>\n\t<meta property=\"og:image:type\" content=\"image\/jpeg\" \/>\n<meta name=\"author\" content=\"admin\" \/>\n<meta name=\"twitter:card\" content=\"summary_large_image\" \/>\n<meta name=\"twitter:label1\" content=\"Escrito por\" \/>\n\t<meta name=\"twitter:data1\" content=\"admin\" \/>\n\t<meta name=\"twitter:label2\" content=\"Est. tempo de leitura\" \/>\n\t<meta name=\"twitter:data2\" content=\"9 minutos\" \/>\n<script type=\"application\/ld+json\" class=\"yoast-schema-graph\">{\"@context\":\"https:\/\/schema.org\",\"@graph\":[{\"@type\":\"WebSite\",\"@id\":\"https:\/\/franciscanos.org.br\/carisma\/#website\",\"url\":\"https:\/\/franciscanos.org.br\/carisma\/\",\"name\":\"Carisma - Franciscanos\",\"description\":\"Prov\u00edncia Franciscana da Imaculada Concei\u00e7\u00e3o do Brasil - Ordem dos Frades Menores\",\"potentialAction\":[{\"@type\":\"SearchAction\",\"target\":{\"@type\":\"EntryPoint\",\"urlTemplate\":\"https:\/\/franciscanos.org.br\/carisma\/?s={search_term_string}\"},\"query-input\":\"required name=search_term_string\"}],\"inLanguage\":\"pt-BR\"},{\"@type\":\"ImageObject\",\"inLanguage\":\"pt-BR\",\"@id\":\"https:\/\/franciscanos.org.br\/carisma\/o-que-dizem-a-respeito-de-francisco-de-assis.html#primaryimage\",\"url\":\"https:\/\/franciscanos.org.br\/carisma\/wp-content\/uploads\/2018\/09\/francisco_210918_lobo.jpg\",\"contentUrl\":\"https:\/\/franciscanos.org.br\/carisma\/wp-content\/uploads\/2018\/09\/francisco_210918_lobo.jpg\",\"width\":273,\"height\":181},{\"@type\":\"WebPage\",\"@id\":\"https:\/\/franciscanos.org.br\/carisma\/o-que-dizem-a-respeito-de-francisco-de-assis.html#webpage\",\"url\":\"https:\/\/franciscanos.org.br\/carisma\/o-que-dizem-a-respeito-de-francisco-de-assis.html\",\"name\":\"O que dizem a respeito de Francisco de Assis - Carisma - Franciscanos\",\"isPartOf\":{\"@id\":\"https:\/\/franciscanos.org.br\/carisma\/#website\"},\"primaryImageOfPage\":{\"@id\":\"https:\/\/franciscanos.org.br\/carisma\/o-que-dizem-a-respeito-de-francisco-de-assis.html#primaryimage\"},\"datePublished\":\"2018-09-21T11:27:52+00:00\",\"dateModified\":\"2019-05-21T11:41:38+00:00\",\"author\":{\"@id\":\"https:\/\/franciscanos.org.br\/carisma\/#\/schema\/person\/e352342a457f086dc6152f9c73a3d093\"},\"breadcrumb\":{\"@id\":\"https:\/\/franciscanos.org.br\/carisma\/o-que-dizem-a-respeito-de-francisco-de-assis.html#breadcrumb\"},\"inLanguage\":\"pt-BR\",\"potentialAction\":[{\"@type\":\"ReadAction\",\"target\":[\"https:\/\/franciscanos.org.br\/carisma\/o-que-dizem-a-respeito-de-francisco-de-assis.html\"]}]},{\"@type\":\"BreadcrumbList\",\"@id\":\"https:\/\/franciscanos.org.br\/carisma\/o-que-dizem-a-respeito-de-francisco-de-assis.html#breadcrumb\",\"itemListElement\":[{\"@type\":\"ListItem\",\"position\":1,\"name\":\"Home\",\"item\":\"https:\/\/franciscanos.org.br\/carisma\"},{\"@type\":\"ListItem\",\"position\":2,\"name\":\"O que dizem a respeito de Francisco de Assis\"}]},{\"@type\":\"Person\",\"@id\":\"https:\/\/franciscanos.org.br\/carisma\/#\/schema\/person\/e352342a457f086dc6152f9c73a3d093\",\"name\":\"admin\",\"image\":{\"@type\":\"ImageObject\",\"inLanguage\":\"pt-BR\",\"@id\":\"https:\/\/franciscanos.org.br\/carisma\/#\/schema\/person\/image\/\",\"url\":\"https:\/\/secure.gravatar.com\/avatar\/e8495742d34d0ba6448ea1c628263b3e?s=96&d=mm&r=g\",\"contentUrl\":\"https:\/\/secure.gravatar.com\/avatar\/e8495742d34d0ba6448ea1c628263b3e?s=96&d=mm&r=g\",\"caption\":\"admin\"},\"url\":\"https:\/\/franciscanos.org.br\/carisma\/author\/admin\"}]}<\/script>\n<!-- \/ Yoast SEO plugin. -->","yoast_head_json":{"title":"O que dizem a respeito de Francisco de Assis - Carisma - Franciscanos","robots":{"index":"index","follow":"follow","max-snippet":"max-snippet:-1","max-image-preview":"max-image-preview:large","max-video-preview":"max-video-preview:-1"},"canonical":"https:\/\/franciscanos.org.br\/carisma\/o-que-dizem-a-respeito-de-francisco-de-assis.html","og_locale":"pt_BR","og_type":"article","og_title":"O que dizem a respeito de Francisco de Assis - Carisma - Franciscanos","og_description":"Artigo de Frei Almir Guimar\u00e3es","og_url":"https:\/\/franciscanos.org.br\/carisma\/o-que-dizem-a-respeito-de-francisco-de-assis.html","og_site_name":"Carisma - Franciscanos","article_published_time":"2018-09-21T11:27:52+00:00","article_modified_time":"2019-05-21T11:41:38+00:00","og_image":[{"width":273,"height":181,"url":"https:\/\/franciscanos.org.br\/carisma\/wp-content\/uploads\/2018\/09\/francisco_210918_lobo.jpg","type":"image\/jpeg"}],"author":"admin","twitter_card":"summary_large_image","twitter_misc":{"Escrito por":"admin","Est. tempo de leitura":"9 minutos"},"schema":{"@context":"https:\/\/schema.org","@graph":[{"@type":"WebSite","@id":"https:\/\/franciscanos.org.br\/carisma\/#website","url":"https:\/\/franciscanos.org.br\/carisma\/","name":"Carisma - Franciscanos","description":"Prov\u00edncia Franciscana da Imaculada Concei\u00e7\u00e3o do Brasil - Ordem dos Frades Menores","potentialAction":[{"@type":"SearchAction","target":{"@type":"EntryPoint","urlTemplate":"https:\/\/franciscanos.org.br\/carisma\/?s={search_term_string}"},"query-input":"required name=search_term_string"}],"inLanguage":"pt-BR"},{"@type":"ImageObject","inLanguage":"pt-BR","@id":"https:\/\/franciscanos.org.br\/carisma\/o-que-dizem-a-respeito-de-francisco-de-assis.html#primaryimage","url":"https:\/\/franciscanos.org.br\/carisma\/wp-content\/uploads\/2018\/09\/francisco_210918_lobo.jpg","contentUrl":"https:\/\/franciscanos.org.br\/carisma\/wp-content\/uploads\/2018\/09\/francisco_210918_lobo.jpg","width":273,"height":181},{"@type":"WebPage","@id":"https:\/\/franciscanos.org.br\/carisma\/o-que-dizem-a-respeito-de-francisco-de-assis.html#webpage","url":"https:\/\/franciscanos.org.br\/carisma\/o-que-dizem-a-respeito-de-francisco-de-assis.html","name":"O que dizem a respeito de Francisco de Assis - Carisma - Franciscanos","isPartOf":{"@id":"https:\/\/franciscanos.org.br\/carisma\/#website"},"primaryImageOfPage":{"@id":"https:\/\/franciscanos.org.br\/carisma\/o-que-dizem-a-respeito-de-francisco-de-assis.html#primaryimage"},"datePublished":"2018-09-21T11:27:52+00:00","dateModified":"2019-05-21T11:41:38+00:00","author":{"@id":"https:\/\/franciscanos.org.br\/carisma\/#\/schema\/person\/e352342a457f086dc6152f9c73a3d093"},"breadcrumb":{"@id":"https:\/\/franciscanos.org.br\/carisma\/o-que-dizem-a-respeito-de-francisco-de-assis.html#breadcrumb"},"inLanguage":"pt-BR","potentialAction":[{"@type":"ReadAction","target":["https:\/\/franciscanos.org.br\/carisma\/o-que-dizem-a-respeito-de-francisco-de-assis.html"]}]},{"@type":"BreadcrumbList","@id":"https:\/\/franciscanos.org.br\/carisma\/o-que-dizem-a-respeito-de-francisco-de-assis.html#breadcrumb","itemListElement":[{"@type":"ListItem","position":1,"name":"Home","item":"https:\/\/franciscanos.org.br\/carisma"},{"@type":"ListItem","position":2,"name":"O que dizem a respeito de Francisco de Assis"}]},{"@type":"Person","@id":"https:\/\/franciscanos.org.br\/carisma\/#\/schema\/person\/e352342a457f086dc6152f9c73a3d093","name":"admin","image":{"@type":"ImageObject","inLanguage":"pt-BR","@id":"https:\/\/franciscanos.org.br\/carisma\/#\/schema\/person\/image\/","url":"https:\/\/secure.gravatar.com\/avatar\/e8495742d34d0ba6448ea1c628263b3e?s=96&d=mm&r=g","contentUrl":"https:\/\/secure.gravatar.com\/avatar\/e8495742d34d0ba6448ea1c628263b3e?s=96&d=mm&r=g","caption":"admin"},"url":"https:\/\/franciscanos.org.br\/carisma\/author\/admin"}]}},"_links":{"self":[{"href":"https:\/\/franciscanos.org.br\/carisma\/wp-json\/wp\/v2\/posts\/172061"}],"collection":[{"href":"https:\/\/franciscanos.org.br\/carisma\/wp-json\/wp\/v2\/posts"}],"about":[{"href":"https:\/\/franciscanos.org.br\/carisma\/wp-json\/wp\/v2\/types\/post"}],"author":[{"embeddable":true,"href":"https:\/\/franciscanos.org.br\/carisma\/wp-json\/wp\/v2\/users\/1"}],"replies":[{"embeddable":true,"href":"https:\/\/franciscanos.org.br\/carisma\/wp-json\/wp\/v2\/comments?post=172061"}],"version-history":[{"count":1,"href":"https:\/\/franciscanos.org.br\/carisma\/wp-json\/wp\/v2\/posts\/172061\/revisions"}],"predecessor-version":[{"id":175927,"href":"https:\/\/franciscanos.org.br\/carisma\/wp-json\/wp\/v2\/posts\/172061\/revisions\/175927"}],"wp:featuredmedia":[{"embeddable":true,"href":"https:\/\/franciscanos.org.br\/carisma\/wp-json\/wp\/v2\/media\/175926"}],"wp:attachment":[{"href":"https:\/\/franciscanos.org.br\/carisma\/wp-json\/wp\/v2\/media?parent=172061"}],"wp:term":[{"taxonomy":"category","embeddable":true,"href":"https:\/\/franciscanos.org.br\/carisma\/wp-json\/wp\/v2\/categories?post=172061"},{"taxonomy":"post_tag","embeddable":true,"href":"https:\/\/franciscanos.org.br\/carisma\/wp-json\/wp\/v2\/tags?post=172061"}],"curies":[{"name":"wp","href":"https:\/\/api.w.org\/{rel}","templated":true}]}}