{"id":171944,"date":"2018-09-20T07:11:43","date_gmt":"2018-09-20T10:11:43","guid":{"rendered":"http:\/\/franciscanos.org.br\/?p=171944"},"modified":"2019-04-10T09:50:18","modified_gmt":"2019-04-10T12:50:18","slug":"francisco-para-onde-queres-nos-levar","status":"publish","type":"post","link":"https:\/\/franciscanos.org.br\/carisma\/francisco-para-onde-queres-nos-levar.html","title":{"rendered":"&#8220;Francisco, para onde queres nos levar?&#8221; &#8211; P\u00e1gina vocacional"},"content":{"rendered":"<p><img loading=\"lazy\" src=\"http:\/\/franciscanos.org.br\/wp-content\/uploads\/2018\/09\/francisco_200918.jpg\" alt=\"francisco_200918\" width=\"830\" height=\"623\" \/><\/p>\n<blockquote><p>&nbsp;<\/p>\n<p><em>Amigo de todas as criaturas e de toda a cria\u00e7\u00e3o, Francisco espalhou tanta solicitude, compreens\u00e3o fraternal a todos, caridade no sentido mais elevado, quer dizer, amor, que a hist\u00f3ria como que lhe deu em troca a mesma simpatia e admira\u00e7\u00e3o afetuosa e geral. Todos os que falaram dele ou sobre ele escreveram &#8211; cat\u00f3licos, protestantes, n\u00e3o crist\u00e3os, incr\u00e9dulos &#8211; foram tocados e frequentemente fascinados por seu encanto.<\/em><br \/>\n<em>(Jacques Le Goff)<\/em><\/p><\/blockquote>\n<p>\u2022 O cardeal argentino Jorge Bergoglio ao aceder ao servi\u00e7o de pastor da Igreja universal, escolheu ser chamado de Francisco, Papa Francisco. Ele mesmo explica as raz\u00f5es de sua escolha. Antes de come\u00e7ar a escrever o texto da sua Carta enc\u00edclica sobre o cuidado da casa comum,<em> Laudato Si\u2019<\/em>, afirma: \u201cTomei o nome de Francisco por guia e inspira\u00e7\u00e3o, no momento da minha elei\u00e7\u00e3o para Bispo de Roma. Acho que Francisco \u00e9 o exemplo por excel\u00eancia do cuidado pelo que \u00e9 fr\u00e1gil e por uma ecologia integral, vivida com alegria e autenticidade. \u00c9 o santo padroeiro de todos os que estudam e trabalham no campo da ecologia, amado tamb\u00e9m por muitos que n\u00e3o s\u00e3o crist\u00e3os. Manifestou uma aten\u00e7\u00e3o particular pela cria\u00e7\u00e3o de Deus e pelos mais pobres e abandonados. Amava e era amado por sua alegria, a sua dedica\u00e7\u00e3o generosa, o seu cora\u00e7\u00e3o universal. Era um m\u00edstico e um peregrino que vivia com simplicidade e em uma maravilhosa harmonia com Deus, com os outro, com a natureza e consigo mesmo. Nele se nota at\u00e9 que ponto s\u00e3o insepar\u00e1veis a preocupa\u00e7\u00e3o pela natureza, a justi\u00e7a para com os pobres, o empenhamento na sociedade e a paz interior\u201d (n.10).<\/p>\n<p>\u2022 Borbulham anseios e fervilham perguntas na mente e no cora\u00e7\u00e3o de um rapaz e de uma mo\u00e7a de ontem, de hoje e de sempre. Somos todos colocados diante do mist\u00e9rio da vida, do empreendimento da exist\u00eancia. H\u00e1 quest\u00f5es que atravessam nosso esp\u00edrito. Que bom que assim o seja. Somos seres livres e constru\u00edmos nosso caminho. Quem sou eu? De onde em venho? Para onde vou? O que posso fazer desses dias que s\u00e3o os meus? Por que essa \u00e2nsia de comunh\u00e3o, homem, mulher, de comunh\u00e3o com tantos outros? Por que tudo isso? E esse meu irrequieto cora\u00e7\u00e3o! Nunca est\u00e1 satisfeito. Que projeto esbo\u00e7ar para meu amanh\u00e3? Quem vai me dar sua m\u00e3o? A quem eu daria minha vida? O que me faz viver?<\/p>\n<p>\u2022 Jovens? Esbo\u00e7os do amanh\u00e3? Inventores do novo? Correm de um lado para o outro, antenados, sempre antenados. Frequentam as baladas da noite. Alguns gostam de escalar montanhas, nadar em rios l\u00edmpidos, aspirar o ar puro dos canteiros de flores. H\u00e1 os que s\u00e3o tatuados, usam brincos e<em> piercings.<\/em> Alguns voltam a casa, nas madrugadas, sem terem quebrado uma certa harmonia do cora\u00e7\u00e3o. N\u00e3o se deixam contaminar. Parece que s\u00e3o imunizados. Enquanto o sono n\u00e3o chega pensam nos caminhos que poderiam percorrer, em estradas que parecem abertas, em sonhos que podem transformar-se em realidade. O que eles vivem com os outros nessas noites vazias n\u00e3o pode ser vida. H\u00e1 perguntas. Quest\u00f5es que pululam. O que posso fazer de minha vida? O que poder\u00e1 me fazer viver? Como poderei ser uma pessoa significativa? O cort\u00eas e reto Francisco de Pietro Bernardone tamb\u00e9m tinha perguntas que lhe atravessam a mente.<\/p>\n<p>\u2022 H\u00e1 uma ora\u00e7\u00e3o atribu\u00edda ao <em>Poverello<\/em> que se situa nesses momentos aben\u00e7oados de busca: <em>\u201cGrande e magn\u00edfico Deus, iluminai as trevas de minha alma, dai-me uma f\u00e9 \u00edntegra, uma esperan\u00e7a firme e uma caridade perfeita. Concedei, meu Deus, que eu vos conhe\u00e7a muito para poder agir de acordo com a vossa sant\u00edssima vontade\u201d<\/em>. Os jovens de cora\u00e7\u00e3o reto trazem em seu interior esta pergunta: <em>Senhor, o que queres de mim?<\/em><\/p>\n<p>\u2022 Pessoas de cora\u00e7\u00e3o reto e esp\u00edrito generoso s\u00e3o candidatas a viver uma vida de maior dedica\u00e7\u00e3o ao Evangelho que, na pr\u00e1tica, se chama Jesus vivo e presente em nosso meio. Francisco era um jovem, como tantos outros jovens. N\u00e3o era algu\u00e9m vulgar. \u201cNada seria mais falso do que imaginar o jovem Bernardone como um libertino vulgar. N\u00e3o o imaginamos nem corrompido nem corruptor, e se teve fraquezas n\u00e3o na forma de vilanias. O prov\u00e1vel \u00e9 que tenha colhido os frutos que se punham ao seu alcance, sem jact\u00e2ncia e esc\u00e2ndalo para os outros, sem envilecer a ningu\u00e9m nem envilecer-se a si pr\u00f3prio. Os que o conheceram mais de perto atestam que ele sempre se referia \u00e0s mulheres com respeito e que em sua presen\u00e7a houvesse alguma conversa licenciosa, fazia-se de surdo e n\u00e3o respondia\u201d (<em>Omer Englebert, Vida de S\u00e3o Francisco de Assis, p.43<\/em>).<\/p>\n<p>\u2022 Um rapaz reto, de bons princ\u00edpios, consciente de suas qualidades, cort\u00eas&#8230; aspirando as estrelas. Ainda Omer Englebert: \u201c\u00c9 claro que Francisco n\u00e3o limitava suas ambi\u00e7\u00f5es a medir panos na casa paterna e a festejar em companhia de amigos galanteadores, que se alimentavam \u00e0s suas custas\u201d <em>(Idem, ibidem).<\/em><\/p>\n<p>\u2022 Na medida em que vai caminhando e deixando as perguntas amadurecerem e sentindo a proximidade do Mist\u00e9rio se faz uma ilumina\u00e7\u00e3o. \u201cTudo o que se pode dizer \u00e9 que Francisco agora \u00e9 um homem que encontrou o amor e que se sente iluminado pelo alto. E como tal agir\u00e1 doravante, consentindo em passar de vision\u00e1rio aos olhos dos cegos que andam nas trevas e cumprindo atos tidos como loucos por parte dos que nunca amaram. Pode-se acrescentar que nele sobreviver\u00e3o, no que t\u00eam de melhor, seus entusiasmos e ambi\u00e7\u00f5es juvenis. Como um artista que n\u00e3o muda de estilo ao mudar de inspira\u00e7\u00e3o, ele n\u00e3o perder\u00e1 a originalidade nem tampouco sua nobreza. Ele tinha sonhado ser cavaleiro e cavaleiro permanecer\u00e1 at\u00e9 a morte\u201d (<em>Englebert, op cit., p. 51<\/em>).<\/p>\n<p>\u2022 Aos poucos, ele vai deixando o Alt\u00edssimo e o Cristo invadirem sua vida. Ser\u00e1 algu\u00e9m revestido de grande e bela simplicidade. Compreender\u00e1 que ser\u00e1 preciso amar o irm\u00e3o com amor de m\u00e3e. Na conviv\u00eancia recusar\u00e1 sobrepor-se a quem quer que seja. Haver\u00e1 de trabalhar, e muito, mas nunca perder\u00e1 o esp\u00edrito da santa ora\u00e7\u00e3o. Ser\u00e1 um andarilho, estar\u00e1 sempre a caminho, nunca instalado, nunca acabado, mas com imensa saudade do eremit\u00e9rio. Ao longo de toda sua vida estar\u00e1 sempre \u201climpando as gavetas\u201d, ou seja desapropriando-se de tudo, tornando-se uma pessoa profundamente livre. Haver\u00e1 de extasiar-se diante de uma flor que abre, da \u00e1gua fresca e mesmo no momento que a seu encontro vem a irm\u00e3 morte. Sem pretens\u00f5es soberbas, com seu jeito de viver reformou a Igreja. Nele o sonho de Deus se tornou realidade. Georges Duby, na sua obra <em>Le temps des cath\u00e9drales<\/em> afirma: \u201cDe parceria com Cristo, Francisco foi o grande her\u00f3i da hist\u00f3ria crist\u00e3. Pode-se afirmar, sem exagero, que o que hoje resta do cristianismo vivo prov\u00e9m diretamente dele\u201d.<\/p>\n<p>\u2022 Omer Englebert diz que Francisco encontrou o amor. Por isso, encanta a todos. Os jovens que sentem necessidade de buscar as estrelas, que n\u00e3o se contentam com uma vida med\u00edocre, que n\u00e3o querem ser cat\u00f3licos sem mais, sentem necessidade de amar. Querem gastar o tempo de suas vidas com os outros, saindo \u00e0 sua procura, fazendo experi\u00eancia de uma profunda doa\u00e7\u00e3o de suas vidas.<\/p>\n<p>\u2022 Francisco encontrou o amor feito carne, feito pres\u00e9pio, feito cruz, feito p\u00e3o, feito irm\u00e3o. Chorando dir\u00e1 que o amor precisa ser amado. Ao longo de seu viver estabelecer\u00e1 uma comunh\u00e3o de vida com o Senhor marcada por um intenso querer bem. Por meio dele querer\u00e1 que o Cristo pobre e crucificado seja amado.<\/p>\n<p><strong>FREI ALMIR GUIMAR\u00c3ES<\/strong><\/p>\n","protected":false},"excerpt":{"rendered":"<p>Franciscanamente<\/p>\n","protected":false},"author":1,"featured_media":175817,"comment_status":"open","ping_status":"open","sticky":false,"template":"","format":"standard","meta":[],"categories":[11],"tags":[106],"yoast_head":"<!-- This site is optimized with the Yoast SEO plugin v19.2 - https:\/\/yoast.com\/wordpress\/plugins\/seo\/ -->\n<title>&quot;Francisco, para onde queres nos levar?&quot; - P\u00e1gina vocacional - Carisma - Franciscanos<\/title>\n<meta name=\"robots\" content=\"index, follow, max-snippet:-1, max-image-preview:large, max-video-preview:-1\" \/>\n<link rel=\"canonical\" href=\"https:\/\/franciscanos.org.br\/carisma\/francisco-para-onde-queres-nos-levar.html\" \/>\n<meta property=\"og:locale\" content=\"pt_BR\" \/>\n<meta property=\"og:type\" content=\"article\" \/>\n<meta property=\"og:title\" content=\"&quot;Francisco, para onde queres nos levar?&quot; - P\u00e1gina vocacional - Carisma - Franciscanos\" \/>\n<meta property=\"og:description\" content=\"Franciscanamente\" \/>\n<meta property=\"og:url\" content=\"https:\/\/franciscanos.org.br\/carisma\/francisco-para-onde-queres-nos-levar.html\" \/>\n<meta property=\"og:site_name\" content=\"Carisma - Franciscanos\" \/>\n<meta property=\"article:published_time\" content=\"2018-09-20T10:11:43+00:00\" \/>\n<meta property=\"article:modified_time\" content=\"2019-04-10T12:50:18+00:00\" \/>\n<meta property=\"og:image\" content=\"https:\/\/franciscanos.org.br\/carisma\/wp-content\/uploads\/2018\/09\/francisco_200918d.jpg\" \/>\n\t<meta property=\"og:image:width\" content=\"273\" \/>\n\t<meta property=\"og:image:height\" content=\"181\" \/>\n\t<meta property=\"og:image:type\" content=\"image\/jpeg\" \/>\n<meta name=\"author\" content=\"admin\" \/>\n<meta name=\"twitter:card\" content=\"summary_large_image\" \/>\n<meta name=\"twitter:label1\" content=\"Escrito por\" \/>\n\t<meta name=\"twitter:data1\" content=\"admin\" \/>\n\t<meta name=\"twitter:label2\" content=\"Est. tempo de leitura\" \/>\n\t<meta name=\"twitter:data2\" content=\"7 minutos\" \/>\n<script type=\"application\/ld+json\" class=\"yoast-schema-graph\">{\"@context\":\"https:\/\/schema.org\",\"@graph\":[{\"@type\":\"WebSite\",\"@id\":\"https:\/\/franciscanos.org.br\/carisma\/#website\",\"url\":\"https:\/\/franciscanos.org.br\/carisma\/\",\"name\":\"Carisma - Franciscanos\",\"description\":\"Prov\u00edncia Franciscana da Imaculada Concei\u00e7\u00e3o do Brasil - Ordem dos Frades Menores\",\"potentialAction\":[{\"@type\":\"SearchAction\",\"target\":{\"@type\":\"EntryPoint\",\"urlTemplate\":\"https:\/\/franciscanos.org.br\/carisma\/?s={search_term_string}\"},\"query-input\":\"required name=search_term_string\"}],\"inLanguage\":\"pt-BR\"},{\"@type\":\"ImageObject\",\"inLanguage\":\"pt-BR\",\"@id\":\"https:\/\/franciscanos.org.br\/carisma\/francisco-para-onde-queres-nos-levar.html#primaryimage\",\"url\":\"https:\/\/franciscanos.org.br\/carisma\/wp-content\/uploads\/2018\/09\/francisco_200918d.jpg\",\"contentUrl\":\"https:\/\/franciscanos.org.br\/carisma\/wp-content\/uploads\/2018\/09\/francisco_200918d.jpg\",\"width\":273,\"height\":181},{\"@type\":\"WebPage\",\"@id\":\"https:\/\/franciscanos.org.br\/carisma\/francisco-para-onde-queres-nos-levar.html#webpage\",\"url\":\"https:\/\/franciscanos.org.br\/carisma\/francisco-para-onde-queres-nos-levar.html\",\"name\":\"\\\"Francisco, para onde queres nos levar?\\\" - P\u00e1gina vocacional - Carisma - Franciscanos\",\"isPartOf\":{\"@id\":\"https:\/\/franciscanos.org.br\/carisma\/#website\"},\"primaryImageOfPage\":{\"@id\":\"https:\/\/franciscanos.org.br\/carisma\/francisco-para-onde-queres-nos-levar.html#primaryimage\"},\"datePublished\":\"2018-09-20T10:11:43+00:00\",\"dateModified\":\"2019-04-10T12:50:18+00:00\",\"author\":{\"@id\":\"https:\/\/franciscanos.org.br\/carisma\/#\/schema\/person\/e352342a457f086dc6152f9c73a3d093\"},\"breadcrumb\":{\"@id\":\"https:\/\/franciscanos.org.br\/carisma\/francisco-para-onde-queres-nos-levar.html#breadcrumb\"},\"inLanguage\":\"pt-BR\",\"potentialAction\":[{\"@type\":\"ReadAction\",\"target\":[\"https:\/\/franciscanos.org.br\/carisma\/francisco-para-onde-queres-nos-levar.html\"]}]},{\"@type\":\"BreadcrumbList\",\"@id\":\"https:\/\/franciscanos.org.br\/carisma\/francisco-para-onde-queres-nos-levar.html#breadcrumb\",\"itemListElement\":[{\"@type\":\"ListItem\",\"position\":1,\"name\":\"Home\",\"item\":\"https:\/\/franciscanos.org.br\/carisma\"},{\"@type\":\"ListItem\",\"position\":2,\"name\":\"&#8220;Francisco, para onde queres nos levar?&#8221; &#8211; P\u00e1gina vocacional\"}]},{\"@type\":\"Person\",\"@id\":\"https:\/\/franciscanos.org.br\/carisma\/#\/schema\/person\/e352342a457f086dc6152f9c73a3d093\",\"name\":\"admin\",\"image\":{\"@type\":\"ImageObject\",\"inLanguage\":\"pt-BR\",\"@id\":\"https:\/\/franciscanos.org.br\/carisma\/#\/schema\/person\/image\/\",\"url\":\"https:\/\/secure.gravatar.com\/avatar\/e8495742d34d0ba6448ea1c628263b3e?s=96&d=mm&r=g\",\"contentUrl\":\"https:\/\/secure.gravatar.com\/avatar\/e8495742d34d0ba6448ea1c628263b3e?s=96&d=mm&r=g\",\"caption\":\"admin\"},\"url\":\"https:\/\/franciscanos.org.br\/carisma\/author\/admin\"}]}<\/script>\n<!-- \/ Yoast SEO plugin. -->","yoast_head_json":{"title":"\"Francisco, para onde queres nos levar?\" - P\u00e1gina vocacional - Carisma - Franciscanos","robots":{"index":"index","follow":"follow","max-snippet":"max-snippet:-1","max-image-preview":"max-image-preview:large","max-video-preview":"max-video-preview:-1"},"canonical":"https:\/\/franciscanos.org.br\/carisma\/francisco-para-onde-queres-nos-levar.html","og_locale":"pt_BR","og_type":"article","og_title":"\"Francisco, para onde queres nos levar?\" - P\u00e1gina vocacional - Carisma - Franciscanos","og_description":"Franciscanamente","og_url":"https:\/\/franciscanos.org.br\/carisma\/francisco-para-onde-queres-nos-levar.html","og_site_name":"Carisma - Franciscanos","article_published_time":"2018-09-20T10:11:43+00:00","article_modified_time":"2019-04-10T12:50:18+00:00","og_image":[{"width":273,"height":181,"url":"https:\/\/franciscanos.org.br\/carisma\/wp-content\/uploads\/2018\/09\/francisco_200918d.jpg","type":"image\/jpeg"}],"author":"admin","twitter_card":"summary_large_image","twitter_misc":{"Escrito por":"admin","Est. tempo de leitura":"7 minutos"},"schema":{"@context":"https:\/\/schema.org","@graph":[{"@type":"WebSite","@id":"https:\/\/franciscanos.org.br\/carisma\/#website","url":"https:\/\/franciscanos.org.br\/carisma\/","name":"Carisma - Franciscanos","description":"Prov\u00edncia Franciscana da Imaculada Concei\u00e7\u00e3o do Brasil - Ordem dos Frades Menores","potentialAction":[{"@type":"SearchAction","target":{"@type":"EntryPoint","urlTemplate":"https:\/\/franciscanos.org.br\/carisma\/?s={search_term_string}"},"query-input":"required name=search_term_string"}],"inLanguage":"pt-BR"},{"@type":"ImageObject","inLanguage":"pt-BR","@id":"https:\/\/franciscanos.org.br\/carisma\/francisco-para-onde-queres-nos-levar.html#primaryimage","url":"https:\/\/franciscanos.org.br\/carisma\/wp-content\/uploads\/2018\/09\/francisco_200918d.jpg","contentUrl":"https:\/\/franciscanos.org.br\/carisma\/wp-content\/uploads\/2018\/09\/francisco_200918d.jpg","width":273,"height":181},{"@type":"WebPage","@id":"https:\/\/franciscanos.org.br\/carisma\/francisco-para-onde-queres-nos-levar.html#webpage","url":"https:\/\/franciscanos.org.br\/carisma\/francisco-para-onde-queres-nos-levar.html","name":"\"Francisco, para onde queres nos levar?\" - P\u00e1gina vocacional - Carisma - Franciscanos","isPartOf":{"@id":"https:\/\/franciscanos.org.br\/carisma\/#website"},"primaryImageOfPage":{"@id":"https:\/\/franciscanos.org.br\/carisma\/francisco-para-onde-queres-nos-levar.html#primaryimage"},"datePublished":"2018-09-20T10:11:43+00:00","dateModified":"2019-04-10T12:50:18+00:00","author":{"@id":"https:\/\/franciscanos.org.br\/carisma\/#\/schema\/person\/e352342a457f086dc6152f9c73a3d093"},"breadcrumb":{"@id":"https:\/\/franciscanos.org.br\/carisma\/francisco-para-onde-queres-nos-levar.html#breadcrumb"},"inLanguage":"pt-BR","potentialAction":[{"@type":"ReadAction","target":["https:\/\/franciscanos.org.br\/carisma\/francisco-para-onde-queres-nos-levar.html"]}]},{"@type":"BreadcrumbList","@id":"https:\/\/franciscanos.org.br\/carisma\/francisco-para-onde-queres-nos-levar.html#breadcrumb","itemListElement":[{"@type":"ListItem","position":1,"name":"Home","item":"https:\/\/franciscanos.org.br\/carisma"},{"@type":"ListItem","position":2,"name":"&#8220;Francisco, para onde queres nos levar?&#8221; &#8211; P\u00e1gina vocacional"}]},{"@type":"Person","@id":"https:\/\/franciscanos.org.br\/carisma\/#\/schema\/person\/e352342a457f086dc6152f9c73a3d093","name":"admin","image":{"@type":"ImageObject","inLanguage":"pt-BR","@id":"https:\/\/franciscanos.org.br\/carisma\/#\/schema\/person\/image\/","url":"https:\/\/secure.gravatar.com\/avatar\/e8495742d34d0ba6448ea1c628263b3e?s=96&d=mm&r=g","contentUrl":"https:\/\/secure.gravatar.com\/avatar\/e8495742d34d0ba6448ea1c628263b3e?s=96&d=mm&r=g","caption":"admin"},"url":"https:\/\/franciscanos.org.br\/carisma\/author\/admin"}]}},"_links":{"self":[{"href":"https:\/\/franciscanos.org.br\/carisma\/wp-json\/wp\/v2\/posts\/171944"}],"collection":[{"href":"https:\/\/franciscanos.org.br\/carisma\/wp-json\/wp\/v2\/posts"}],"about":[{"href":"https:\/\/franciscanos.org.br\/carisma\/wp-json\/wp\/v2\/types\/post"}],"author":[{"embeddable":true,"href":"https:\/\/franciscanos.org.br\/carisma\/wp-json\/wp\/v2\/users\/1"}],"replies":[{"embeddable":true,"href":"https:\/\/franciscanos.org.br\/carisma\/wp-json\/wp\/v2\/comments?post=171944"}],"version-history":[{"count":2,"href":"https:\/\/franciscanos.org.br\/carisma\/wp-json\/wp\/v2\/posts\/171944\/revisions"}],"predecessor-version":[{"id":175819,"href":"https:\/\/franciscanos.org.br\/carisma\/wp-json\/wp\/v2\/posts\/171944\/revisions\/175819"}],"wp:featuredmedia":[{"embeddable":true,"href":"https:\/\/franciscanos.org.br\/carisma\/wp-json\/wp\/v2\/media\/175817"}],"wp:attachment":[{"href":"https:\/\/franciscanos.org.br\/carisma\/wp-json\/wp\/v2\/media?parent=171944"}],"wp:term":[{"taxonomy":"category","embeddable":true,"href":"https:\/\/franciscanos.org.br\/carisma\/wp-json\/wp\/v2\/categories?post=171944"},{"taxonomy":"post_tag","embeddable":true,"href":"https:\/\/franciscanos.org.br\/carisma\/wp-json\/wp\/v2\/tags?post=171944"}],"curies":[{"name":"wp","href":"https:\/\/api.w.org\/{rel}","templated":true}]}}