{"id":171720,"date":"2018-09-18T07:01:41","date_gmt":"2018-09-18T10:01:41","guid":{"rendered":"http:\/\/franciscanos.org.br\/?p=171720"},"modified":"2018-11-08T13:31:16","modified_gmt":"2018-11-08T15:31:16","slug":"carta-de-frei-francisco-a-frei-leao","status":"publish","type":"post","link":"https:\/\/franciscanos.org.br\/carisma\/carta-de-frei-francisco-a-frei-leao.html","title":{"rendered":"Sensibilidade e ternura na carta de Francisco a Frei Le\u00e3o"},"content":{"rendered":"<p><img loading=\"lazy\" class=\"alignnone size-full wp-image-171721\" src=\"http:\/\/franciscanos.org.br\/wp-content\/uploads\/2018\/09\/francisco_2_180918.jpg\" alt=\"francisco_2_180918\" width=\"830\" height=\"646\" \/><\/p>\n<p>&nbsp;<\/p>\n<p style=\"text-align: left;\"><em>Irm\u00e3o Le\u00e3o, teu irm\u00e3o Francisco te envia sa\u00fade e paz.\u00a0Estou a falar-te, meu filho, como faria uma m\u00e3e. Toda conversa que tivemos no caminho a resumo aqui numa palavra de decis\u00e3o e conselho. E, se depois te for preciso vir a mim, a tomar conselho, eis o que te recomendo:<\/em><br \/>\n<em>Do modo que melhor te parecer agradar ao Senhor Deus, e seguir seus passos e sua pobreza, assim far\u00e1s com a b\u00ean\u00e7\u00e3o do Senhor Deus e a minha obedi\u00eancia.<\/em><\/p>\n<p style=\"text-align: left;\"><em>E se, por motivo de tua alma ou de outra tua consola\u00e7\u00e3o, precisares e quiseres vir ter comigo, \u00f3 Le\u00e3o, vem.<\/em><\/p>\n<p>\u2022 Estamos diante de um pequena maravilha. Este escrito \u00e9 conhecido como a s\u00e9tima carta redigida por S\u00e3o Francisco, simplesmente como <em>Carta a Frei Le\u00e3o<\/em> e distinta de outro escrito chamado de <em>Bilhete e B\u00ean\u00e7\u00e3o a Frei Le\u00e3o<\/em>.<\/p>\n<p>\u2022 O manuscrito que cont\u00e9m esta Carta \u00e9 conservado na Catedral de Espoleto e muito provavelmente foi escrito pelo pr\u00f3prio punho de Francisco. Tudo indica que o <em>Poverello<\/em> estava separado de seus primeiros companheiros. Assim, o escrito pode ser situado em torno de 1220. Trata-se de uma carta que concede um privil\u00e9gio e \u00e9 marcada por ternura e sensibilidade. H\u00e1 um tom carism\u00e1tico em suas linhas. Uma autora diz que lhe fosse pedido que levasse um escrito de Francisco para uma ilha deserta hesitar-se-ia talvez entre esta pequena joia e o <em>C\u00e2ntico do Irm\u00e3o Sol.<\/em><\/p>\n<p>\u2022 No que se refere \u00e0 autenticidade do texto, os especialistas afirmam que o pensamento a\u00ed expresso \u00e9 certamente de Francisco. De outro lado, a carta \u00e9 escrita num latim incorreto com italianismos. Al\u00e9m disso uma compara\u00e7\u00e3o grafol\u00f3gica com a autografia indubit\u00e1vel da <em>B\u00ean\u00e7\u00e3o a Frei Le\u00e3o<\/em> mostra que se trata da mesma caligrafia.<\/p>\n<p>\u2022 Um relacionamento bem equilibrado entre Francisco e Le\u00e3o aparece no texto. Le\u00e3o, a &#8220;ovelhinha de Deus&#8221;, era, por assim dizer, o preferido. Francisco conferiu-se o direito de estar entre seus preferidos (os da primeira hora). As <em>Considera\u00e7\u00f5es sobre os Estigmas<\/em>, sobretudo a segunda, desenvolver\u00e1 longamente o relacionamento entre os dois. Tudo leva a crer que apenas Le\u00e3o era capaz de preservar e proteger a intimidade de Francisco e por isso foi o \u00fanico a estar perto do encontro chagado e ardente ao mesmo tempo entre Francisco e seu Deus no monte La Verna.<\/p>\n<p>\u2022 Desde o come\u00e7o da Carta h\u00e1 uma dist\u00e2ncia fraterna entre os dois: \u201cIrm\u00e3o Le\u00e3o, teu irm\u00e3o Francisco te envia sa\u00fade e paz\u201d. Francisco n\u00e3o se apropria de Le\u00e3o precisamente porque o designa de irm\u00e3o. Coloca-se fraternalmente \u00e0 disposi\u00e7\u00e3o de Le\u00e3o. A fraternidade n\u00e3o significa posse do outro, mas dar ao outro direitos sobre si. Le\u00e3o, irm\u00e3o, tem direito de receber exorta\u00e7\u00f5es e conselhos. A imagem da m\u00e3e \u00e9 que norteia os relacionamentos entre guardi\u00e3o e irm\u00e3os e entre os irm\u00e3os entre si. De maneira curiosa para um homem, Francisco sempre discorre sobre a fraternidade em termos de maternidade. Vale a pena ler estas duas passagens: \u201cE cada um dos irm\u00e3os, segundo a gra\u00e7a que Deus lhe der, ame e sustente a seu irm\u00e3o, como a m\u00e3e ama e alimenta seu filho\u201d (<em>Regra n\u00e3o bulad<\/em>a 9, 11), e: \u201cOs irm\u00e3os que quiserem religiosamente viver nos eremit\u00e9rios, nem menos de tr\u00eas, nem mais de quatro. Dois deles fa\u00e7am o of\u00edcio de m\u00e3es, e tratem o outro ou os outros dois como se foram seus filhos\u201d <em>(Regra para os eremit\u00e9rios<\/em>, 1). Desde a primeira frase, na Carta a Le\u00e3o, Francisco diz: \u201cEstou a falar-te, meu filho, como o faria uma m\u00e3e\u201d.<\/p>\n<p>\u2022 Os dois haviam trocado ideias pelo caminho. Esse que fala como uma m\u00e3e deve ter abordado assuntos de delicadezas do cora\u00e7\u00e3o. De que falaram? Propostas de maior seguimento de Jesus? N\u00e3o se sabe. Mas Le\u00e3o pode vir a Francisco para se aconselhar. Sempre ser\u00e1 para agradar a Deus e melhor seguir seus passos. Talvez o teor da conversa fosse como agradar a Deus e melhor seguir a Jesus. L\u00e1 a quest\u00e3o de sempre: como seguir os passos de Jesus e sua pobreza.<\/p>\n<p>\u2022 Talvez ele tenha vindo depois a Francisco, j\u00e1 que as portas estavam abertas, para pedir que lhe desse um escrito num peda\u00e7o de n\u00e3o sei o que. Mais tarde ele ganhou o pergaminho com os Louvores de Deus e famoso tau. \u201cTal como Blaise Pascal que conservou em seu corpo um papel amarelado pelo tempo e pela transpira\u00e7\u00e3o que continha a lembran\u00e7a da noite de fogo de sua convers\u00e3o, Le\u00e3o apreciava os sinais concretos da benevol\u00eancia de seu irm\u00e3o e pai. A concretiza\u00e7\u00e3o do desejo de Le\u00e3o tornou-se com carne\u201d (Claude-Madeleine Oudot).<\/p>\n<p>\u2022 O mais emocionante se encontra no final: \u201cVem\u201d. Uma m\u00e3e sabe muito bem que uma carta, por mais afetuosa que seja, n\u00e3o substitui o contacto caloroso. \u00c9 esta a proposta de Francisco: \u201cE se, por motivo de tua alma ou de outra tu consola\u00e7\u00e3o, precisares e quiseres vir ter comigo, \u00f3 Le\u00e3o, vem\u201d. H\u00e1 necessidades da alma que reconciliam desejo e vontade, e necessidades de reconforto que pedem transgress\u00e3o e expressam urg\u00eancia.<\/p>\n<p>\u2022 \u201cVem, irm\u00e3o, se quiseres\u201d.<\/p>\n<p><em>Nota: Estas p\u00e1ginas foram inspiradas em &#8220;La lettre \u00e0 fr\u00e8re L\u00e9on&#8221;, de Claude Madeleine Oudot, \u00c9vangile Aujourd\u2019hui, n. 210, p. 47-49<\/em><\/p>\n<p><strong>FREI ALMIR GUIMAR\u00c3ES<\/strong><\/p>\n","protected":false},"excerpt":{"rendered":"<p>Franciscanamente<\/p>\n","protected":false},"author":1,"featured_media":174733,"comment_status":"open","ping_status":"open","sticky":false,"template":"","format":"standard","meta":[],"categories":[11],"tags":[],"yoast_head":"<!-- This site is optimized with the Yoast SEO plugin v19.2 - https:\/\/yoast.com\/wordpress\/plugins\/seo\/ -->\n<title>Sensibilidade e ternura na carta de Francisco a Frei Le\u00e3o - Carisma - Franciscanos<\/title>\n<meta name=\"robots\" content=\"index, follow, max-snippet:-1, max-image-preview:large, max-video-preview:-1\" \/>\n<link rel=\"canonical\" href=\"https:\/\/franciscanos.org.br\/carisma\/carta-de-frei-francisco-a-frei-leao.html\" \/>\n<meta property=\"og:locale\" content=\"pt_BR\" \/>\n<meta property=\"og:type\" content=\"article\" \/>\n<meta property=\"og:title\" content=\"Sensibilidade e ternura na carta de Francisco a Frei Le\u00e3o - Carisma - Franciscanos\" \/>\n<meta property=\"og:description\" content=\"Franciscanamente\" \/>\n<meta property=\"og:url\" content=\"https:\/\/franciscanos.org.br\/carisma\/carta-de-frei-francisco-a-frei-leao.html\" \/>\n<meta property=\"og:site_name\" content=\"Carisma - Franciscanos\" \/>\n<meta property=\"article:published_time\" content=\"2018-09-18T10:01:41+00:00\" \/>\n<meta property=\"article:modified_time\" content=\"2018-11-08T15:31:16+00:00\" \/>\n<meta property=\"og:image\" content=\"https:\/\/franciscanos.org.br\/carisma\/wp-content\/uploads\/2018\/10\/francisco_2_180918.jpg\" \/>\n\t<meta property=\"og:image:width\" content=\"830\" \/>\n\t<meta property=\"og:image:height\" content=\"646\" \/>\n\t<meta property=\"og:image:type\" content=\"image\/jpeg\" \/>\n<meta name=\"author\" content=\"admin\" \/>\n<meta name=\"twitter:card\" content=\"summary_large_image\" \/>\n<meta name=\"twitter:label1\" content=\"Escrito por\" \/>\n\t<meta name=\"twitter:data1\" content=\"admin\" \/>\n\t<meta name=\"twitter:label2\" content=\"Est. tempo de leitura\" \/>\n\t<meta name=\"twitter:data2\" content=\"5 minutos\" \/>\n<script type=\"application\/ld+json\" class=\"yoast-schema-graph\">{\"@context\":\"https:\/\/schema.org\",\"@graph\":[{\"@type\":\"WebSite\",\"@id\":\"https:\/\/franciscanos.org.br\/carisma\/#website\",\"url\":\"https:\/\/franciscanos.org.br\/carisma\/\",\"name\":\"Carisma - Franciscanos\",\"description\":\"Prov\u00edncia Franciscana da Imaculada Concei\u00e7\u00e3o do Brasil - Ordem dos Frades Menores\",\"potentialAction\":[{\"@type\":\"SearchAction\",\"target\":{\"@type\":\"EntryPoint\",\"urlTemplate\":\"https:\/\/franciscanos.org.br\/carisma\/?s={search_term_string}\"},\"query-input\":\"required name=search_term_string\"}],\"inLanguage\":\"pt-BR\"},{\"@type\":\"ImageObject\",\"inLanguage\":\"pt-BR\",\"@id\":\"https:\/\/franciscanos.org.br\/carisma\/carta-de-frei-francisco-a-frei-leao.html#primaryimage\",\"url\":\"https:\/\/franciscanos.org.br\/carisma\/wp-content\/uploads\/2018\/10\/francisco_2_180918.jpg\",\"contentUrl\":\"https:\/\/franciscanos.org.br\/carisma\/wp-content\/uploads\/2018\/10\/francisco_2_180918.jpg\",\"width\":830,\"height\":646},{\"@type\":\"WebPage\",\"@id\":\"https:\/\/franciscanos.org.br\/carisma\/carta-de-frei-francisco-a-frei-leao.html#webpage\",\"url\":\"https:\/\/franciscanos.org.br\/carisma\/carta-de-frei-francisco-a-frei-leao.html\",\"name\":\"Sensibilidade e ternura na carta de Francisco a Frei Le\u00e3o - Carisma - Franciscanos\",\"isPartOf\":{\"@id\":\"https:\/\/franciscanos.org.br\/carisma\/#website\"},\"primaryImageOfPage\":{\"@id\":\"https:\/\/franciscanos.org.br\/carisma\/carta-de-frei-francisco-a-frei-leao.html#primaryimage\"},\"datePublished\":\"2018-09-18T10:01:41+00:00\",\"dateModified\":\"2018-11-08T15:31:16+00:00\",\"author\":{\"@id\":\"https:\/\/franciscanos.org.br\/carisma\/#\/schema\/person\/e352342a457f086dc6152f9c73a3d093\"},\"breadcrumb\":{\"@id\":\"https:\/\/franciscanos.org.br\/carisma\/carta-de-frei-francisco-a-frei-leao.html#breadcrumb\"},\"inLanguage\":\"pt-BR\",\"potentialAction\":[{\"@type\":\"ReadAction\",\"target\":[\"https:\/\/franciscanos.org.br\/carisma\/carta-de-frei-francisco-a-frei-leao.html\"]}]},{\"@type\":\"BreadcrumbList\",\"@id\":\"https:\/\/franciscanos.org.br\/carisma\/carta-de-frei-francisco-a-frei-leao.html#breadcrumb\",\"itemListElement\":[{\"@type\":\"ListItem\",\"position\":1,\"name\":\"Home\",\"item\":\"https:\/\/franciscanos.org.br\/carisma\"},{\"@type\":\"ListItem\",\"position\":2,\"name\":\"Sensibilidade e ternura na carta de Francisco a Frei Le\u00e3o\"}]},{\"@type\":\"Person\",\"@id\":\"https:\/\/franciscanos.org.br\/carisma\/#\/schema\/person\/e352342a457f086dc6152f9c73a3d093\",\"name\":\"admin\",\"image\":{\"@type\":\"ImageObject\",\"inLanguage\":\"pt-BR\",\"@id\":\"https:\/\/franciscanos.org.br\/carisma\/#\/schema\/person\/image\/\",\"url\":\"https:\/\/secure.gravatar.com\/avatar\/e8495742d34d0ba6448ea1c628263b3e?s=96&d=mm&r=g\",\"contentUrl\":\"https:\/\/secure.gravatar.com\/avatar\/e8495742d34d0ba6448ea1c628263b3e?s=96&d=mm&r=g\",\"caption\":\"admin\"},\"url\":\"https:\/\/franciscanos.org.br\/carisma\/author\/admin\"}]}<\/script>\n<!-- \/ Yoast SEO plugin. -->","yoast_head_json":{"title":"Sensibilidade e ternura na carta de Francisco a Frei Le\u00e3o - Carisma - Franciscanos","robots":{"index":"index","follow":"follow","max-snippet":"max-snippet:-1","max-image-preview":"max-image-preview:large","max-video-preview":"max-video-preview:-1"},"canonical":"https:\/\/franciscanos.org.br\/carisma\/carta-de-frei-francisco-a-frei-leao.html","og_locale":"pt_BR","og_type":"article","og_title":"Sensibilidade e ternura na carta de Francisco a Frei Le\u00e3o - Carisma - Franciscanos","og_description":"Franciscanamente","og_url":"https:\/\/franciscanos.org.br\/carisma\/carta-de-frei-francisco-a-frei-leao.html","og_site_name":"Carisma - Franciscanos","article_published_time":"2018-09-18T10:01:41+00:00","article_modified_time":"2018-11-08T15:31:16+00:00","og_image":[{"width":830,"height":646,"url":"https:\/\/franciscanos.org.br\/carisma\/wp-content\/uploads\/2018\/10\/francisco_2_180918.jpg","type":"image\/jpeg"}],"author":"admin","twitter_card":"summary_large_image","twitter_misc":{"Escrito por":"admin","Est. tempo de leitura":"5 minutos"},"schema":{"@context":"https:\/\/schema.org","@graph":[{"@type":"WebSite","@id":"https:\/\/franciscanos.org.br\/carisma\/#website","url":"https:\/\/franciscanos.org.br\/carisma\/","name":"Carisma - Franciscanos","description":"Prov\u00edncia Franciscana da Imaculada Concei\u00e7\u00e3o do Brasil - Ordem dos Frades Menores","potentialAction":[{"@type":"SearchAction","target":{"@type":"EntryPoint","urlTemplate":"https:\/\/franciscanos.org.br\/carisma\/?s={search_term_string}"},"query-input":"required name=search_term_string"}],"inLanguage":"pt-BR"},{"@type":"ImageObject","inLanguage":"pt-BR","@id":"https:\/\/franciscanos.org.br\/carisma\/carta-de-frei-francisco-a-frei-leao.html#primaryimage","url":"https:\/\/franciscanos.org.br\/carisma\/wp-content\/uploads\/2018\/10\/francisco_2_180918.jpg","contentUrl":"https:\/\/franciscanos.org.br\/carisma\/wp-content\/uploads\/2018\/10\/francisco_2_180918.jpg","width":830,"height":646},{"@type":"WebPage","@id":"https:\/\/franciscanos.org.br\/carisma\/carta-de-frei-francisco-a-frei-leao.html#webpage","url":"https:\/\/franciscanos.org.br\/carisma\/carta-de-frei-francisco-a-frei-leao.html","name":"Sensibilidade e ternura na carta de Francisco a Frei Le\u00e3o - Carisma - Franciscanos","isPartOf":{"@id":"https:\/\/franciscanos.org.br\/carisma\/#website"},"primaryImageOfPage":{"@id":"https:\/\/franciscanos.org.br\/carisma\/carta-de-frei-francisco-a-frei-leao.html#primaryimage"},"datePublished":"2018-09-18T10:01:41+00:00","dateModified":"2018-11-08T15:31:16+00:00","author":{"@id":"https:\/\/franciscanos.org.br\/carisma\/#\/schema\/person\/e352342a457f086dc6152f9c73a3d093"},"breadcrumb":{"@id":"https:\/\/franciscanos.org.br\/carisma\/carta-de-frei-francisco-a-frei-leao.html#breadcrumb"},"inLanguage":"pt-BR","potentialAction":[{"@type":"ReadAction","target":["https:\/\/franciscanos.org.br\/carisma\/carta-de-frei-francisco-a-frei-leao.html"]}]},{"@type":"BreadcrumbList","@id":"https:\/\/franciscanos.org.br\/carisma\/carta-de-frei-francisco-a-frei-leao.html#breadcrumb","itemListElement":[{"@type":"ListItem","position":1,"name":"Home","item":"https:\/\/franciscanos.org.br\/carisma"},{"@type":"ListItem","position":2,"name":"Sensibilidade e ternura na carta de Francisco a Frei Le\u00e3o"}]},{"@type":"Person","@id":"https:\/\/franciscanos.org.br\/carisma\/#\/schema\/person\/e352342a457f086dc6152f9c73a3d093","name":"admin","image":{"@type":"ImageObject","inLanguage":"pt-BR","@id":"https:\/\/franciscanos.org.br\/carisma\/#\/schema\/person\/image\/","url":"https:\/\/secure.gravatar.com\/avatar\/e8495742d34d0ba6448ea1c628263b3e?s=96&d=mm&r=g","contentUrl":"https:\/\/secure.gravatar.com\/avatar\/e8495742d34d0ba6448ea1c628263b3e?s=96&d=mm&r=g","caption":"admin"},"url":"https:\/\/franciscanos.org.br\/carisma\/author\/admin"}]}},"_links":{"self":[{"href":"https:\/\/franciscanos.org.br\/carisma\/wp-json\/wp\/v2\/posts\/171720"}],"collection":[{"href":"https:\/\/franciscanos.org.br\/carisma\/wp-json\/wp\/v2\/posts"}],"about":[{"href":"https:\/\/franciscanos.org.br\/carisma\/wp-json\/wp\/v2\/types\/post"}],"author":[{"embeddable":true,"href":"https:\/\/franciscanos.org.br\/carisma\/wp-json\/wp\/v2\/users\/1"}],"replies":[{"embeddable":true,"href":"https:\/\/franciscanos.org.br\/carisma\/wp-json\/wp\/v2\/comments?post=171720"}],"version-history":[{"count":0,"href":"https:\/\/franciscanos.org.br\/carisma\/wp-json\/wp\/v2\/posts\/171720\/revisions"}],"wp:featuredmedia":[{"embeddable":true,"href":"https:\/\/franciscanos.org.br\/carisma\/wp-json\/wp\/v2\/media\/174733"}],"wp:attachment":[{"href":"https:\/\/franciscanos.org.br\/carisma\/wp-json\/wp\/v2\/media?parent=171720"}],"wp:term":[{"taxonomy":"category","embeddable":true,"href":"https:\/\/franciscanos.org.br\/carisma\/wp-json\/wp\/v2\/categories?post=171720"},{"taxonomy":"post_tag","embeddable":true,"href":"https:\/\/franciscanos.org.br\/carisma\/wp-json\/wp\/v2\/tags?post=171720"}],"curies":[{"name":"wp","href":"https:\/\/api.w.org\/{rel}","templated":true}]}}