{"id":169394,"date":"2018-08-21T08:17:58","date_gmt":"2018-08-21T11:17:58","guid":{"rendered":"http:\/\/franciscanos.org.br\/?p=169394"},"modified":"2018-11-08T13:32:36","modified_gmt":"2018-11-08T15:32:36","slug":"espirito-franciscano","status":"publish","type":"post","link":"https:\/\/franciscanos.org.br\/carisma\/espirito-franciscano.html","title":{"rendered":"No encal\u00e7o do Senhor com o olhar de S\u00e3o Francisco"},"content":{"rendered":"<p style=\"text-align: left;\"><img loading=\"lazy\" src=\"http:\/\/franciscanos.org.br\/wp-content\/uploads\/2018\/08\/francisco_210818_1.jpg\" alt=\"francisco_210818_1\" width=\"830\" height=\"439\" \/><\/p>\n<blockquote><p>&nbsp;<\/p>\n<p style=\"text-align: left;\"><em>Buscar a Deus \u00e9 tarefa nossa de cada dia. Franciscanos que somos tentamos\u00a0 andar no encal\u00e7o do Senhor com o olhar de S\u00e3o Francisco. Inspirados num texto de Frei Luc Mathieu, frade menor franc\u00eas, vejamos uma certa aproxima\u00e7\u00e3o do tema.<br \/>\n<\/em><\/p>\n<\/blockquote>\n<p><strong><em>\u00a0Um certo modo de encontrar\u00a0 Deus<\/em><\/strong><\/p>\n<p><em>\u00a0<\/em>\u00a0 \u00a0 \u00a0 \u00a0 \u00a0 \u00a0 N\u00e3o como uma divindade an\u00f4nima, mas de acordo com a revela\u00e7\u00e3o feita no Evangelho, como sendo o Pai de Jesus Cristo e nosso Pai, o Filho bem amado do Pai, e o Esp\u00edrito de amor que\u00a0 nos vem do Pai e do Filho e nos faz entrar em comunh\u00e3o com esses <em>Tr\u00eas <\/em>t\u00e3o misteriosos e t\u00e3o pr\u00f3ximos de n\u00f3s. O mist\u00e9rio trinit\u00e1rio encontra-se no \u00e2mago da experi\u00eancia franciscana.\u00a0 Ele n\u00e3o causa medo ao esp\u00edrito humano, mas \u00e9\u00a0 luz e proximidade. Ele faz nascer em nosso interior confian\u00e7a filial e seguran\u00e7a a respeito de nosso devir. A ora\u00e7\u00e3o franciscana, sempre ancorada na ora\u00e7\u00e3o da Igreja, n\u00e3o precisa de m\u00e9todos. \u00c9 espont\u00e2nea e gratuita, simples e confiante, familiar e despojada.<\/p>\n<p>.<em><strong>.. de seguir a Jesus\u00a0 Cristo&#8230;<\/strong><\/em><\/p>\n<p><em>\u00a0<\/em><em>\u00a0 \u00a0 \u00a0 \u00a0 \u00a0 \u00a0\u00a0<\/em>Com um el\u00e3 alegre e definitivo, uma ades\u00e3o sem volta. Trata-se mais de seguir a Jesus do que imit\u00e1-lo, com a mesma convic\u00e7\u00e3o que animava o ap\u00f3stolo Paulo: \u201cN\u00e3o pretendo dizer que j\u00e1 alcancei a meta. Mas eu corro por alcan\u00e7\u00e1-la uma vez que tamb\u00e9m fui conquistado por Cristo Jesus\u2019 (<em>Fl 3, 12<\/em>). Em Jesus, vemos o Filho do Alt\u00edssimo, o Filho bem amado do Pai, mas tamb\u00e9m nosso irm\u00e3o que optou pela humildade e pela pobreza e que, desta forma, se tornou pr\u00f3ximo dos pecadores que somos a fim de\u00a0 nos reconduzi-los a Deus, reconcili\u00e1-los com o Alt\u00edssimo.\u00a0 Jesus \u00e9 contemplado em sua humanidade\u00a0 humilde e servi\u00e7al: o menino de Bel\u00e9m, o crucificado do Calv\u00e1rio e o Ressuscitado que d\u00e1 vida e \u00a0que est\u00e1 \u00e0 nossa disposi\u00e7\u00e3o na modesta apar\u00eancia do p\u00e3o partido, homem sofredor pelos pecadores, o Ressuscitado que realiza a condi\u00e7\u00e3o humana destinada \u00e0 gl\u00f3ria. A tradi\u00e7\u00e3o franciscana contempla Jesus como o Primeiro pensado no des\u00edgnio criador do Pai, o Primeiro amado de todas as criaturas por quem e para quem tudo foi feito: \u201cTudo foi criado por ele e para ele. Ele existe antes de todas as coisas e tudo subsiste nele\u201d (<em>Cl 1, 15ss<\/em>).<\/p>\n<p><em><strong>\u00a0<\/strong><strong>&#8230; de ser livre no movimento do Esp\u00edrito..<\/strong>.<\/em><\/p>\n<p>\u00c9 o Esp\u00edrito Santo que santifica e ilumina cada um a respeito de sua pr\u00f3pria voca\u00e7\u00e3o. Francisco o chamava de \u201cMinistro Geral da Ordem\u201d e aquele que inspira caminhos novos de presen\u00e7a no mundo e trilhas de evangeliza\u00e7\u00e3o ainda n\u00e3o percorridas. Ele suscita iniciativas inesperadas\u00a0 para o desenvolvimento da Ordem e para a irradia\u00e7\u00e3o evang\u00e9lica das fraternidades.<\/p>\n<p>Por tradi\u00e7\u00e3o, os frades sempre se dirigiram \u00e0s fronteiras da Igreja para relan\u00e7ar a miss\u00e3o, responder aos apelos da Igreja e para se retirar\u00a0 numa solid\u00e3o do \u201cescondido\u201d e da paci\u00eancia.\u00a0 Desde suas origens, a fam\u00edlia franciscana teve a convic\u00e7\u00e3o de ter sido suscitada pelo Esp\u00edrito para a renova\u00e7\u00e3o da Igreja tanto em sua vida interna quanto em sua miss\u00e3o.<\/p>\n<p>Inspirado em: <em>L\u2019h\u00e9ritage de\u00a0 Fran\u00e7ois d\u2019Assise &#8211; \u00a0Luc Mathieu, ofm<\/em><\/p>\n<p><em>Revista \u00c9vangile Aujourd\u2019hui, n. 200, 2004, p.\u00a0 33-34<\/em><\/p>\n<p><strong>Frei Almir Guimar\u00e3es\u00a0<\/strong><\/p>\n","protected":false},"excerpt":{"rendered":"<p>Franciscanamente<\/p>\n","protected":false},"author":1,"featured_media":174732,"comment_status":"open","ping_status":"open","sticky":false,"template":"","format":"standard","meta":[],"categories":[11],"tags":[],"yoast_head":"<!-- This site is optimized with the Yoast SEO plugin v19.2 - https:\/\/yoast.com\/wordpress\/plugins\/seo\/ -->\n<title>No encal\u00e7o do Senhor com o olhar de S\u00e3o Francisco - Carisma - Franciscanos<\/title>\n<meta name=\"robots\" content=\"index, follow, max-snippet:-1, max-image-preview:large, max-video-preview:-1\" \/>\n<link rel=\"canonical\" href=\"https:\/\/franciscanos.org.br\/carisma\/espirito-franciscano.html\" \/>\n<meta property=\"og:locale\" content=\"pt_BR\" \/>\n<meta property=\"og:type\" content=\"article\" \/>\n<meta property=\"og:title\" content=\"No encal\u00e7o do Senhor com o olhar de S\u00e3o Francisco - Carisma - Franciscanos\" \/>\n<meta property=\"og:description\" content=\"Franciscanamente\" \/>\n<meta property=\"og:url\" content=\"https:\/\/franciscanos.org.br\/carisma\/espirito-franciscano.html\" \/>\n<meta property=\"og:site_name\" content=\"Carisma - Franciscanos\" \/>\n<meta property=\"article:published_time\" content=\"2018-08-21T11:17:58+00:00\" \/>\n<meta property=\"article:modified_time\" content=\"2018-11-08T15:32:36+00:00\" \/>\n<meta property=\"og:image\" content=\"https:\/\/franciscanos.org.br\/carisma\/wp-content\/uploads\/2018\/10\/francisco_210818_1.jpg\" \/>\n\t<meta property=\"og:image:width\" content=\"830\" \/>\n\t<meta property=\"og:image:height\" content=\"439\" \/>\n\t<meta property=\"og:image:type\" content=\"image\/jpeg\" \/>\n<meta name=\"author\" content=\"admin\" \/>\n<meta name=\"twitter:card\" content=\"summary_large_image\" \/>\n<meta name=\"twitter:label1\" content=\"Escrito por\" \/>\n\t<meta name=\"twitter:data1\" content=\"admin\" \/>\n\t<meta name=\"twitter:label2\" content=\"Est. tempo de leitura\" \/>\n\t<meta name=\"twitter:data2\" content=\"3 minutos\" \/>\n<script type=\"application\/ld+json\" class=\"yoast-schema-graph\">{\"@context\":\"https:\/\/schema.org\",\"@graph\":[{\"@type\":\"WebSite\",\"@id\":\"https:\/\/franciscanos.org.br\/carisma\/#website\",\"url\":\"https:\/\/franciscanos.org.br\/carisma\/\",\"name\":\"Carisma - Franciscanos\",\"description\":\"Prov\u00edncia Franciscana da Imaculada Concei\u00e7\u00e3o do Brasil - Ordem dos Frades Menores\",\"potentialAction\":[{\"@type\":\"SearchAction\",\"target\":{\"@type\":\"EntryPoint\",\"urlTemplate\":\"https:\/\/franciscanos.org.br\/carisma\/?s={search_term_string}\"},\"query-input\":\"required name=search_term_string\"}],\"inLanguage\":\"pt-BR\"},{\"@type\":\"ImageObject\",\"inLanguage\":\"pt-BR\",\"@id\":\"https:\/\/franciscanos.org.br\/carisma\/espirito-franciscano.html#primaryimage\",\"url\":\"https:\/\/franciscanos.org.br\/carisma\/wp-content\/uploads\/2018\/10\/francisco_210818_1.jpg\",\"contentUrl\":\"https:\/\/franciscanos.org.br\/carisma\/wp-content\/uploads\/2018\/10\/francisco_210818_1.jpg\",\"width\":830,\"height\":439},{\"@type\":\"WebPage\",\"@id\":\"https:\/\/franciscanos.org.br\/carisma\/espirito-franciscano.html#webpage\",\"url\":\"https:\/\/franciscanos.org.br\/carisma\/espirito-franciscano.html\",\"name\":\"No encal\u00e7o do Senhor com o olhar de S\u00e3o Francisco - Carisma - Franciscanos\",\"isPartOf\":{\"@id\":\"https:\/\/franciscanos.org.br\/carisma\/#website\"},\"primaryImageOfPage\":{\"@id\":\"https:\/\/franciscanos.org.br\/carisma\/espirito-franciscano.html#primaryimage\"},\"datePublished\":\"2018-08-21T11:17:58+00:00\",\"dateModified\":\"2018-11-08T15:32:36+00:00\",\"author\":{\"@id\":\"https:\/\/franciscanos.org.br\/carisma\/#\/schema\/person\/e352342a457f086dc6152f9c73a3d093\"},\"breadcrumb\":{\"@id\":\"https:\/\/franciscanos.org.br\/carisma\/espirito-franciscano.html#breadcrumb\"},\"inLanguage\":\"pt-BR\",\"potentialAction\":[{\"@type\":\"ReadAction\",\"target\":[\"https:\/\/franciscanos.org.br\/carisma\/espirito-franciscano.html\"]}]},{\"@type\":\"BreadcrumbList\",\"@id\":\"https:\/\/franciscanos.org.br\/carisma\/espirito-franciscano.html#breadcrumb\",\"itemListElement\":[{\"@type\":\"ListItem\",\"position\":1,\"name\":\"Home\",\"item\":\"https:\/\/franciscanos.org.br\/carisma\"},{\"@type\":\"ListItem\",\"position\":2,\"name\":\"No encal\u00e7o do Senhor com o olhar de S\u00e3o Francisco\"}]},{\"@type\":\"Person\",\"@id\":\"https:\/\/franciscanos.org.br\/carisma\/#\/schema\/person\/e352342a457f086dc6152f9c73a3d093\",\"name\":\"admin\",\"image\":{\"@type\":\"ImageObject\",\"inLanguage\":\"pt-BR\",\"@id\":\"https:\/\/franciscanos.org.br\/carisma\/#\/schema\/person\/image\/\",\"url\":\"https:\/\/secure.gravatar.com\/avatar\/e8495742d34d0ba6448ea1c628263b3e?s=96&d=mm&r=g\",\"contentUrl\":\"https:\/\/secure.gravatar.com\/avatar\/e8495742d34d0ba6448ea1c628263b3e?s=96&d=mm&r=g\",\"caption\":\"admin\"},\"url\":\"https:\/\/franciscanos.org.br\/carisma\/author\/admin\"}]}<\/script>\n<!-- \/ Yoast SEO plugin. -->","yoast_head_json":{"title":"No encal\u00e7o do Senhor com o olhar de S\u00e3o Francisco - Carisma - Franciscanos","robots":{"index":"index","follow":"follow","max-snippet":"max-snippet:-1","max-image-preview":"max-image-preview:large","max-video-preview":"max-video-preview:-1"},"canonical":"https:\/\/franciscanos.org.br\/carisma\/espirito-franciscano.html","og_locale":"pt_BR","og_type":"article","og_title":"No encal\u00e7o do Senhor com o olhar de S\u00e3o Francisco - Carisma - Franciscanos","og_description":"Franciscanamente","og_url":"https:\/\/franciscanos.org.br\/carisma\/espirito-franciscano.html","og_site_name":"Carisma - Franciscanos","article_published_time":"2018-08-21T11:17:58+00:00","article_modified_time":"2018-11-08T15:32:36+00:00","og_image":[{"width":830,"height":439,"url":"https:\/\/franciscanos.org.br\/carisma\/wp-content\/uploads\/2018\/10\/francisco_210818_1.jpg","type":"image\/jpeg"}],"author":"admin","twitter_card":"summary_large_image","twitter_misc":{"Escrito por":"admin","Est. tempo de leitura":"3 minutos"},"schema":{"@context":"https:\/\/schema.org","@graph":[{"@type":"WebSite","@id":"https:\/\/franciscanos.org.br\/carisma\/#website","url":"https:\/\/franciscanos.org.br\/carisma\/","name":"Carisma - Franciscanos","description":"Prov\u00edncia Franciscana da Imaculada Concei\u00e7\u00e3o do Brasil - Ordem dos Frades Menores","potentialAction":[{"@type":"SearchAction","target":{"@type":"EntryPoint","urlTemplate":"https:\/\/franciscanos.org.br\/carisma\/?s={search_term_string}"},"query-input":"required name=search_term_string"}],"inLanguage":"pt-BR"},{"@type":"ImageObject","inLanguage":"pt-BR","@id":"https:\/\/franciscanos.org.br\/carisma\/espirito-franciscano.html#primaryimage","url":"https:\/\/franciscanos.org.br\/carisma\/wp-content\/uploads\/2018\/10\/francisco_210818_1.jpg","contentUrl":"https:\/\/franciscanos.org.br\/carisma\/wp-content\/uploads\/2018\/10\/francisco_210818_1.jpg","width":830,"height":439},{"@type":"WebPage","@id":"https:\/\/franciscanos.org.br\/carisma\/espirito-franciscano.html#webpage","url":"https:\/\/franciscanos.org.br\/carisma\/espirito-franciscano.html","name":"No encal\u00e7o do Senhor com o olhar de S\u00e3o Francisco - Carisma - Franciscanos","isPartOf":{"@id":"https:\/\/franciscanos.org.br\/carisma\/#website"},"primaryImageOfPage":{"@id":"https:\/\/franciscanos.org.br\/carisma\/espirito-franciscano.html#primaryimage"},"datePublished":"2018-08-21T11:17:58+00:00","dateModified":"2018-11-08T15:32:36+00:00","author":{"@id":"https:\/\/franciscanos.org.br\/carisma\/#\/schema\/person\/e352342a457f086dc6152f9c73a3d093"},"breadcrumb":{"@id":"https:\/\/franciscanos.org.br\/carisma\/espirito-franciscano.html#breadcrumb"},"inLanguage":"pt-BR","potentialAction":[{"@type":"ReadAction","target":["https:\/\/franciscanos.org.br\/carisma\/espirito-franciscano.html"]}]},{"@type":"BreadcrumbList","@id":"https:\/\/franciscanos.org.br\/carisma\/espirito-franciscano.html#breadcrumb","itemListElement":[{"@type":"ListItem","position":1,"name":"Home","item":"https:\/\/franciscanos.org.br\/carisma"},{"@type":"ListItem","position":2,"name":"No encal\u00e7o do Senhor com o olhar de S\u00e3o Francisco"}]},{"@type":"Person","@id":"https:\/\/franciscanos.org.br\/carisma\/#\/schema\/person\/e352342a457f086dc6152f9c73a3d093","name":"admin","image":{"@type":"ImageObject","inLanguage":"pt-BR","@id":"https:\/\/franciscanos.org.br\/carisma\/#\/schema\/person\/image\/","url":"https:\/\/secure.gravatar.com\/avatar\/e8495742d34d0ba6448ea1c628263b3e?s=96&d=mm&r=g","contentUrl":"https:\/\/secure.gravatar.com\/avatar\/e8495742d34d0ba6448ea1c628263b3e?s=96&d=mm&r=g","caption":"admin"},"url":"https:\/\/franciscanos.org.br\/carisma\/author\/admin"}]}},"_links":{"self":[{"href":"https:\/\/franciscanos.org.br\/carisma\/wp-json\/wp\/v2\/posts\/169394"}],"collection":[{"href":"https:\/\/franciscanos.org.br\/carisma\/wp-json\/wp\/v2\/posts"}],"about":[{"href":"https:\/\/franciscanos.org.br\/carisma\/wp-json\/wp\/v2\/types\/post"}],"author":[{"embeddable":true,"href":"https:\/\/franciscanos.org.br\/carisma\/wp-json\/wp\/v2\/users\/1"}],"replies":[{"embeddable":true,"href":"https:\/\/franciscanos.org.br\/carisma\/wp-json\/wp\/v2\/comments?post=169394"}],"version-history":[{"count":0,"href":"https:\/\/franciscanos.org.br\/carisma\/wp-json\/wp\/v2\/posts\/169394\/revisions"}],"wp:featuredmedia":[{"embeddable":true,"href":"https:\/\/franciscanos.org.br\/carisma\/wp-json\/wp\/v2\/media\/174732"}],"wp:attachment":[{"href":"https:\/\/franciscanos.org.br\/carisma\/wp-json\/wp\/v2\/media?parent=169394"}],"wp:term":[{"taxonomy":"category","embeddable":true,"href":"https:\/\/franciscanos.org.br\/carisma\/wp-json\/wp\/v2\/categories?post=169394"},{"taxonomy":"post_tag","embeddable":true,"href":"https:\/\/franciscanos.org.br\/carisma\/wp-json\/wp\/v2\/tags?post=169394"}],"curies":[{"name":"wp","href":"https:\/\/api.w.org\/{rel}","templated":true}]}}