{"id":157456,"date":"2018-04-23T07:30:29","date_gmt":"2018-04-23T10:30:29","guid":{"rendered":"http:\/\/franciscanos.org.br\/?p=157456"},"modified":"2018-04-23T07:30:29","modified_gmt":"2018-04-23T10:30:29","slug":"franciscanos-seculares-o-que-queremos-de-verdade","status":"publish","type":"post","link":"https:\/\/franciscanos.org.br\/carisma\/franciscanos-seculares-o-que-queremos-de-verdade.html","title":{"rendered":"Franciscanos seculares: o que queremos de verdade?"},"content":{"rendered":"<p><img loading=\"lazy\" src=\"http:\/\/franciscanos.org.br\/wp-content\/uploads\/2018\/04\/francisco_230418.jpg\" alt=\"francisco_230418\" width=\"830\" height=\"571\" \/><\/p>\n<p><strong>1.<\/strong> Queremos ser gente, gente para valer, cultivando o corpo, a mente, o cora\u00e7\u00e3o e desejando fazer de nossa vida um c\u00e2ntico de alegria. Somos pessoas felizes porque existimos. Gostamos de n\u00f3s mesmos de verdade, sem idolatria self. Gostamos de viver e de conviver.<\/p>\n<p style=\"padding-left: 30px;\"><strong>2.<\/strong> Gostamos da vida: fam\u00edlia, trabalho, lazeres, natureza, belezas, avan\u00e7os da t\u00e9cnica. N\u00e3o somos pessoas macambuzias. Gostamos de viver, apesar de todas as dificuldades. Gostamos do casamento, do ser homem, do ser mulher, das refei\u00e7\u00f5es com amigos, de leituras cativantes, de noites de luar e de dias de chuva generosa quando a terra est\u00e1 seca.<\/p>\n<p><strong>3.<\/strong> Queremos ser crist\u00e3os. N\u00e3o somos apenas pessoas de ritos e rezas. Queremos ser disc\u00edpulos do Ressuscitado. Nascemos no seio de uma fam\u00edlia cat\u00f3lica. Somos membros da Igreja Cat\u00f3lica. Isto, no entanto, n\u00e3o basta. Almejamos ser disc\u00edpulos do Senhor. Nossa f\u00e9 n\u00e3o \u00e9 mera heran\u00e7a que guardamos no banco. Fazemos quest\u00e3o de ler e refletir sobre o Serm\u00e3o da Montanha que marca nosso estilo de vida. Gostamos quando Papa Francisco pede que tenhamos encontros pessoais com Cristo. Queremos, antes de terminar nossos dias, viver uma Igreja segundo o jeito do Papa Francisco. Temos receio de muito jeito de ser crist\u00e3o suscitado pelos programas religiosos de televis\u00e3o.<\/p>\n<p style=\"padding-left: 30px;\"><strong>4.<\/strong> Por diferentes raz\u00f5es e circunst\u00e2ncias tornamo-nos membros da Ordem Franciscana Secular. Muitos de n\u00f3s ingressamos nas suas fileiras talvez n\u00e3o sabendo todo o alcance de seu programa de vida. Queremos nos impregnar do esp\u00edrito da Regra: desejamos seguir o Mestre Jesus vivo e ressuscitado \u00e0 maneira de Francisco. Esse seguimento tem algumas marcas: empenho de mudan\u00e7a do cora\u00e7\u00e3o (convers\u00e3o), vontade de viver com outros (fraternidade), mas viver de verdade, n\u00e3o apenas estar ao lado de&#8230; Nossa postura \u00e9 a de sermos menores, alegres menores, gente simples, sem complica\u00e7\u00f5es de vaidade, ci\u00fames&#8230; Frequentando as p\u00e1ginas franciscanas sentimos que somos crist\u00e3os \u00e0 maneira desse gigante\/pobre e belo chamado Francisco de Assis.<\/p>\n<p><strong>5.<\/strong> Muitas vezes temos saudade do sil\u00eancio, do deserto, do eremit\u00e9rio. N\u00e3o nos sentimos bem no meio das arrua\u00e7as. Temos saudade daquele que nos inventou. Por isso, gostamos de ler e saborear a contempla\u00e7\u00e3o e a Regra de Francisco para os eremit\u00e9rios.<\/p>\n<p style=\"padding-left: 30px;\"><strong>6.<\/strong> Pecamos. Somos pecadores. Mas levantamos a cabe\u00e7a e pedimos o perd\u00e3o do Senhor. Gostamos de dizer com Francisco: miser\u00e1vel verme vosso \u00ednfimo servo. Mas arde dentro de n\u00f3s tornar Cristo Jesus amado. Francisco nos pede que o Amor seja amado.<\/p>\n<p><strong>7.<\/strong> Gostamos de trabalhar em nossas par\u00f3quias. N\u00e3o somos tocadores de obras, nem tropa de choque. N\u00e3o somos empregados de uma firma, mas amantes do Amado. Trabalhamos em todos os campos que nos pedem, de prefer\u00eancia cuidando dos mais abandonados. N\u00e3o queremos ser pessoas mec\u00e2nicas na a\u00e7\u00e3o pastoral que colocamos. Somos antes de tudo enviados por aquele que nos olha e nos cerca de todo carinho.<\/p>\n<p style=\"padding-left: 30px;\"><strong>8.<\/strong> Queremos viver nossa vida conjugal e familiar com o esp\u00edrito evang\u00e9lico-franciscano: um casal unido, simples, amigo, despojado; alegria e confian\u00e7a em nossa casa; filhos educados sem preocupa\u00e7\u00e3o com dinheiro, sucesso, culto doentio do corpo; queremos que nossos filhos encontrem Cristo Jesus de modo especial em sua juventude. N\u00e3o queremos ser uma fam\u00edlia fechada, mas um foco de bem querer que ilumine os outros casados e as outras fam\u00edlias.<\/p>\n<p><strong>Frei Almir Guimar\u00e3es<\/strong><\/p>\n","protected":false},"excerpt":{"rendered":"<p>OFS<\/p>\n","protected":false},"author":1,"featured_media":174789,"comment_status":"open","ping_status":"open","sticky":false,"template":"","format":"standard","meta":[],"categories":[14],"tags":[],"yoast_head":"<!-- This site is optimized with the Yoast SEO plugin v19.2 - https:\/\/yoast.com\/wordpress\/plugins\/seo\/ -->\n<title>Franciscanos seculares: o que queremos de verdade? - Carisma - Franciscanos<\/title>\n<meta name=\"robots\" content=\"index, follow, max-snippet:-1, max-image-preview:large, max-video-preview:-1\" \/>\n<link rel=\"canonical\" href=\"https:\/\/franciscanos.org.br\/carisma\/franciscanos-seculares-o-que-queremos-de-verdade.html\" \/>\n<meta property=\"og:locale\" content=\"pt_BR\" \/>\n<meta property=\"og:type\" content=\"article\" \/>\n<meta property=\"og:title\" content=\"Franciscanos seculares: o que queremos de verdade? - Carisma - Franciscanos\" \/>\n<meta property=\"og:description\" content=\"OFS\" \/>\n<meta property=\"og:url\" content=\"https:\/\/franciscanos.org.br\/carisma\/franciscanos-seculares-o-que-queremos-de-verdade.html\" \/>\n<meta property=\"og:site_name\" content=\"Carisma - Franciscanos\" \/>\n<meta property=\"article:published_time\" content=\"2018-04-23T10:30:29+00:00\" \/>\n<meta property=\"og:image\" content=\"https:\/\/franciscanos.org.br\/carisma\/wp-content\/uploads\/2018\/10\/francisco_230418.jpg\" \/>\n\t<meta property=\"og:image:width\" content=\"830\" \/>\n\t<meta property=\"og:image:height\" content=\"571\" \/>\n\t<meta property=\"og:image:type\" content=\"image\/jpeg\" \/>\n<meta name=\"author\" content=\"admin\" \/>\n<meta name=\"twitter:card\" content=\"summary_large_image\" \/>\n<meta name=\"twitter:label1\" content=\"Escrito por\" \/>\n\t<meta name=\"twitter:data1\" content=\"admin\" \/>\n\t<meta name=\"twitter:label2\" content=\"Est. tempo de leitura\" \/>\n\t<meta name=\"twitter:data2\" content=\"3 minutos\" \/>\n<script type=\"application\/ld+json\" class=\"yoast-schema-graph\">{\"@context\":\"https:\/\/schema.org\",\"@graph\":[{\"@type\":\"WebSite\",\"@id\":\"https:\/\/franciscanos.org.br\/carisma\/#website\",\"url\":\"https:\/\/franciscanos.org.br\/carisma\/\",\"name\":\"Carisma - Franciscanos\",\"description\":\"Prov\u00edncia Franciscana da Imaculada Concei\u00e7\u00e3o do Brasil - Ordem dos Frades Menores\",\"potentialAction\":[{\"@type\":\"SearchAction\",\"target\":{\"@type\":\"EntryPoint\",\"urlTemplate\":\"https:\/\/franciscanos.org.br\/carisma\/?s={search_term_string}\"},\"query-input\":\"required name=search_term_string\"}],\"inLanguage\":\"pt-BR\"},{\"@type\":\"ImageObject\",\"inLanguage\":\"pt-BR\",\"@id\":\"https:\/\/franciscanos.org.br\/carisma\/franciscanos-seculares-o-que-queremos-de-verdade.html#primaryimage\",\"url\":\"https:\/\/franciscanos.org.br\/carisma\/wp-content\/uploads\/2018\/10\/francisco_230418.jpg\",\"contentUrl\":\"https:\/\/franciscanos.org.br\/carisma\/wp-content\/uploads\/2018\/10\/francisco_230418.jpg\",\"width\":830,\"height\":571},{\"@type\":\"WebPage\",\"@id\":\"https:\/\/franciscanos.org.br\/carisma\/franciscanos-seculares-o-que-queremos-de-verdade.html#webpage\",\"url\":\"https:\/\/franciscanos.org.br\/carisma\/franciscanos-seculares-o-que-queremos-de-verdade.html\",\"name\":\"Franciscanos seculares: o que queremos de verdade? - Carisma - Franciscanos\",\"isPartOf\":{\"@id\":\"https:\/\/franciscanos.org.br\/carisma\/#website\"},\"primaryImageOfPage\":{\"@id\":\"https:\/\/franciscanos.org.br\/carisma\/franciscanos-seculares-o-que-queremos-de-verdade.html#primaryimage\"},\"datePublished\":\"2018-04-23T10:30:29+00:00\",\"dateModified\":\"2018-04-23T10:30:29+00:00\",\"author\":{\"@id\":\"https:\/\/franciscanos.org.br\/carisma\/#\/schema\/person\/e352342a457f086dc6152f9c73a3d093\"},\"breadcrumb\":{\"@id\":\"https:\/\/franciscanos.org.br\/carisma\/franciscanos-seculares-o-que-queremos-de-verdade.html#breadcrumb\"},\"inLanguage\":\"pt-BR\",\"potentialAction\":[{\"@type\":\"ReadAction\",\"target\":[\"https:\/\/franciscanos.org.br\/carisma\/franciscanos-seculares-o-que-queremos-de-verdade.html\"]}]},{\"@type\":\"BreadcrumbList\",\"@id\":\"https:\/\/franciscanos.org.br\/carisma\/franciscanos-seculares-o-que-queremos-de-verdade.html#breadcrumb\",\"itemListElement\":[{\"@type\":\"ListItem\",\"position\":1,\"name\":\"Home\",\"item\":\"https:\/\/franciscanos.org.br\/carisma\"},{\"@type\":\"ListItem\",\"position\":2,\"name\":\"Franciscanos seculares: o que queremos de verdade?\"}]},{\"@type\":\"Person\",\"@id\":\"https:\/\/franciscanos.org.br\/carisma\/#\/schema\/person\/e352342a457f086dc6152f9c73a3d093\",\"name\":\"admin\",\"image\":{\"@type\":\"ImageObject\",\"inLanguage\":\"pt-BR\",\"@id\":\"https:\/\/franciscanos.org.br\/carisma\/#\/schema\/person\/image\/\",\"url\":\"https:\/\/secure.gravatar.com\/avatar\/e8495742d34d0ba6448ea1c628263b3e?s=96&d=mm&r=g\",\"contentUrl\":\"https:\/\/secure.gravatar.com\/avatar\/e8495742d34d0ba6448ea1c628263b3e?s=96&d=mm&r=g\",\"caption\":\"admin\"},\"url\":\"https:\/\/franciscanos.org.br\/carisma\/author\/admin\"}]}<\/script>\n<!-- \/ Yoast SEO plugin. -->","yoast_head_json":{"title":"Franciscanos seculares: o que queremos de verdade? - Carisma - Franciscanos","robots":{"index":"index","follow":"follow","max-snippet":"max-snippet:-1","max-image-preview":"max-image-preview:large","max-video-preview":"max-video-preview:-1"},"canonical":"https:\/\/franciscanos.org.br\/carisma\/franciscanos-seculares-o-que-queremos-de-verdade.html","og_locale":"pt_BR","og_type":"article","og_title":"Franciscanos seculares: o que queremos de verdade? - Carisma - Franciscanos","og_description":"OFS","og_url":"https:\/\/franciscanos.org.br\/carisma\/franciscanos-seculares-o-que-queremos-de-verdade.html","og_site_name":"Carisma - Franciscanos","article_published_time":"2018-04-23T10:30:29+00:00","og_image":[{"width":830,"height":571,"url":"https:\/\/franciscanos.org.br\/carisma\/wp-content\/uploads\/2018\/10\/francisco_230418.jpg","type":"image\/jpeg"}],"author":"admin","twitter_card":"summary_large_image","twitter_misc":{"Escrito por":"admin","Est. tempo de leitura":"3 minutos"},"schema":{"@context":"https:\/\/schema.org","@graph":[{"@type":"WebSite","@id":"https:\/\/franciscanos.org.br\/carisma\/#website","url":"https:\/\/franciscanos.org.br\/carisma\/","name":"Carisma - Franciscanos","description":"Prov\u00edncia Franciscana da Imaculada Concei\u00e7\u00e3o do Brasil - Ordem dos Frades Menores","potentialAction":[{"@type":"SearchAction","target":{"@type":"EntryPoint","urlTemplate":"https:\/\/franciscanos.org.br\/carisma\/?s={search_term_string}"},"query-input":"required name=search_term_string"}],"inLanguage":"pt-BR"},{"@type":"ImageObject","inLanguage":"pt-BR","@id":"https:\/\/franciscanos.org.br\/carisma\/franciscanos-seculares-o-que-queremos-de-verdade.html#primaryimage","url":"https:\/\/franciscanos.org.br\/carisma\/wp-content\/uploads\/2018\/10\/francisco_230418.jpg","contentUrl":"https:\/\/franciscanos.org.br\/carisma\/wp-content\/uploads\/2018\/10\/francisco_230418.jpg","width":830,"height":571},{"@type":"WebPage","@id":"https:\/\/franciscanos.org.br\/carisma\/franciscanos-seculares-o-que-queremos-de-verdade.html#webpage","url":"https:\/\/franciscanos.org.br\/carisma\/franciscanos-seculares-o-que-queremos-de-verdade.html","name":"Franciscanos seculares: o que queremos de verdade? - Carisma - Franciscanos","isPartOf":{"@id":"https:\/\/franciscanos.org.br\/carisma\/#website"},"primaryImageOfPage":{"@id":"https:\/\/franciscanos.org.br\/carisma\/franciscanos-seculares-o-que-queremos-de-verdade.html#primaryimage"},"datePublished":"2018-04-23T10:30:29+00:00","dateModified":"2018-04-23T10:30:29+00:00","author":{"@id":"https:\/\/franciscanos.org.br\/carisma\/#\/schema\/person\/e352342a457f086dc6152f9c73a3d093"},"breadcrumb":{"@id":"https:\/\/franciscanos.org.br\/carisma\/franciscanos-seculares-o-que-queremos-de-verdade.html#breadcrumb"},"inLanguage":"pt-BR","potentialAction":[{"@type":"ReadAction","target":["https:\/\/franciscanos.org.br\/carisma\/franciscanos-seculares-o-que-queremos-de-verdade.html"]}]},{"@type":"BreadcrumbList","@id":"https:\/\/franciscanos.org.br\/carisma\/franciscanos-seculares-o-que-queremos-de-verdade.html#breadcrumb","itemListElement":[{"@type":"ListItem","position":1,"name":"Home","item":"https:\/\/franciscanos.org.br\/carisma"},{"@type":"ListItem","position":2,"name":"Franciscanos seculares: o que queremos de verdade?"}]},{"@type":"Person","@id":"https:\/\/franciscanos.org.br\/carisma\/#\/schema\/person\/e352342a457f086dc6152f9c73a3d093","name":"admin","image":{"@type":"ImageObject","inLanguage":"pt-BR","@id":"https:\/\/franciscanos.org.br\/carisma\/#\/schema\/person\/image\/","url":"https:\/\/secure.gravatar.com\/avatar\/e8495742d34d0ba6448ea1c628263b3e?s=96&d=mm&r=g","contentUrl":"https:\/\/secure.gravatar.com\/avatar\/e8495742d34d0ba6448ea1c628263b3e?s=96&d=mm&r=g","caption":"admin"},"url":"https:\/\/franciscanos.org.br\/carisma\/author\/admin"}]}},"_links":{"self":[{"href":"https:\/\/franciscanos.org.br\/carisma\/wp-json\/wp\/v2\/posts\/157456"}],"collection":[{"href":"https:\/\/franciscanos.org.br\/carisma\/wp-json\/wp\/v2\/posts"}],"about":[{"href":"https:\/\/franciscanos.org.br\/carisma\/wp-json\/wp\/v2\/types\/post"}],"author":[{"embeddable":true,"href":"https:\/\/franciscanos.org.br\/carisma\/wp-json\/wp\/v2\/users\/1"}],"replies":[{"embeddable":true,"href":"https:\/\/franciscanos.org.br\/carisma\/wp-json\/wp\/v2\/comments?post=157456"}],"version-history":[{"count":0,"href":"https:\/\/franciscanos.org.br\/carisma\/wp-json\/wp\/v2\/posts\/157456\/revisions"}],"wp:featuredmedia":[{"embeddable":true,"href":"https:\/\/franciscanos.org.br\/carisma\/wp-json\/wp\/v2\/media\/174789"}],"wp:attachment":[{"href":"https:\/\/franciscanos.org.br\/carisma\/wp-json\/wp\/v2\/media?parent=157456"}],"wp:term":[{"taxonomy":"category","embeddable":true,"href":"https:\/\/franciscanos.org.br\/carisma\/wp-json\/wp\/v2\/categories?post=157456"},{"taxonomy":"post_tag","embeddable":true,"href":"https:\/\/franciscanos.org.br\/carisma\/wp-json\/wp\/v2\/tags?post=157456"}],"curies":[{"name":"wp","href":"https:\/\/api.w.org\/{rel}","templated":true}]}}