{"id":150131,"date":"2018-01-29T07:59:43","date_gmt":"2018-01-29T09:59:43","guid":{"rendered":"http:\/\/franciscanos.org.br\/?p=150131"},"modified":"2018-11-08T15:49:45","modified_gmt":"2018-11-08T17:49:45","slug":"quem-pode-ser-franciscano-secular-3","status":"publish","type":"post","link":"https:\/\/franciscanos.org.br\/carisma\/quem-pode-ser-franciscano-secular-3.html","title":{"rendered":"Vocacional: Quem pode ser Franciscano Secular"},"content":{"rendered":"<h3><strong><a href=\"http:\/\/franciscanos.org.br\/wp-content\/uploads\/2018\/01\/ofs240118-830.jpg\"><img loading=\"lazy\" src=\"http:\/\/franciscanos.org.br\/wp-content\/uploads\/2018\/01\/ofs240118-830.jpg\" alt=\"ofs240118-830\" width=\"830\" height=\"556\" \/><\/a><\/strong><\/h3>\n<h4><span style=\"color: #993300;\"><strong>Um pequeno buqu\u00ea de crit\u00e9rios vocacionais<\/strong><\/span><\/h4>\n<p><strong>Frei Almir Ribeiro Guimar\u00e3es, OFM<\/strong><\/p>\n<p>&gt;&gt; Francisco de Assis continua exercendo grande fasc\u00ednio ainda em nossos tempos. N\u00e3o somente os crist\u00e3os sentem-se por ele atra\u00eddos, mas todos aqueles que t\u00eam um cora\u00e7\u00e3o reto e experimentam uma \u201csaudade\u201d interior de plenitude de vida. H\u00e1 os que sem ingressarem em grupos religiosos seguem o Evangelho \u00e0 maneira de Francisco. Assim, ao menos desejam segui-lo.<\/p>\n<p>&gt;&gt; H\u00e1 os que que buscam ou aos quais \u00e9 proposto o caminho da Ordem Franciscana. Pensamos aqui nas fam\u00edlias dos frades e das clarissas. Os leigos que pensam ser chamados pelos apelos franciscanos e procuram conhecer a Ordem Franciscana Secular. Buscam espreitar o modo como pessoas leigas vivem esse seguimento.<\/p>\n<p>&gt;&gt; Nossas fraternidades franciscanas seculares, como todas as realidades humanas, conhecem luzes e sombras. Est\u00e3o espalhadas pelo mundo afora. S\u00e3o constitu\u00eddas de homens e mulheres que buscam sair de uma vida crist\u00e3 med\u00edocre, rotineira, ritual\u00edstica e desejam se encontrar de verdade com o Senhor Alt\u00edssimo e seu Filho amado. N\u00e3o buscam apenas uma \u201cpiedosa associa\u00e7\u00e3o religiosa\u201d. Embora residam em territ\u00f3rios paroquiais seu horizonte n\u00e3o se restringe ao \u201cparoquial\u201d. De modo algum a Ordem Franciscana Secular pode ser considerada um \u201cdepartamento da pastoral\u201d. Ela \u00e9 escola de santidade e plataforma para a miss\u00e3o.<\/p>\n<p>&gt;&gt; Podem ingressar na Ordem Franciscana Secular aqueles que, de alguma forma s\u00e3o \u201csacudidos\u201d pela for\u00e7a e dinamismo do Evangelho vivo que se chama Cristo Ressuscitado, atuando no hoje do mundo. Depois de um tempo de estudo, reflex\u00e3o, conviv\u00eancia na fraternidade, os irm\u00e3os pedem que sejam aceitos na Ordem por meio de uma Profiss\u00e3o: seguir o Evangelho de Jesus por toda a sua vida \u00e0 maneira de Francisco, segundo a espiritualidade franciscana e clariana. S\u00e3o pessoas que est\u00e3o sempre a caminho.<\/p>\n<p>&gt;&gt; Insistimos: os franciscanos seculares n\u00e3o s\u00e3o como que agregados ao esquema paroquial, embora muitas vezes suas reuni\u00f5es se fa\u00e7am nas depend\u00eancias paroquiais. Esta afirma\u00e7\u00e3o n\u00e3o significa que os franciscanos seculares n\u00e3o trabalhem nas atividades paroquias. Ao contr\u00e1rio, eles precisam dar sua contribui\u00e7\u00e3o para o crescimento do Reino tamb\u00e9m nos servi\u00e7os paroquiais e pastorais. Os irm\u00e3os franciscanos atuam na par\u00f3quia e na pastoral de maneira cr\u00edtica, ou seja, filtram tudo com a claridade do jeito evang\u00e9lico-franciscano. Sentem dificuldade em serem meros \u201cfuncion\u00e1rios\u201d mesmo das coisas santas.<\/p>\n<p>&gt;&gt; S\u00e3o crist\u00e3os que vivem no mundo, na fam\u00edlia, envolvidos pelo trabalho, sempre na qualidade de leigos s\u00e9rios em constante processo de matura\u00e7\u00e3o. Aos poucos v\u00e3o construindo sua identidade franciscana. Leigos professores, sapateiros, t\u00e9cnicos em inform\u00e1tica, m\u00e3es e pais de fam\u00edlia, jovens e menos jovens, trabalhadores na constru\u00e7\u00e3o civil, deputados e senadores. Uma fraternidade leiga sem as distin\u00e7\u00f5es que a sociedade civil costuma fazer. Leigos em fraternidade criando fraternidade e grupos que vivem a fraternidade. N\u00e3o conv\u00e9m que ingressem na Ordem pessoas que no fundo buscam imitar ali a vida de religiosos consagrados ou mais se aproximarem de servi\u00e7os do altar. O lugar, o espa\u00e7o, o seio dos franciscanos seculares \u00e9 o mundo, tudo aquilo que constr\u00f3i um universo novo nesse mundo laico marcado pela competi\u00e7\u00e3o, abusos de toda ordem, corrup\u00e7\u00e3o.<\/p>\n<p>&gt;&gt;\u00a0Podem ser chamados a fazer parte das Fraternidades Seculares crist\u00e3os que andam insatisfeitos com sua vida cat\u00f3lica sem gosto e sem alma. N\u00e3o querem fracassar na vida. S\u00e3o pessoas \u00e0s quais o Cristo ressuscitado anda chamando: \u201cVem e segue-me\u201d. Os melhores candidatos \u00e0 vida franciscana n\u00e3o s\u00e3o os que j\u00e1 pertencem a outros grupos de espiritualidade e que est\u00e3o imersos em incont\u00e1veis servi\u00e7os pastorais. A Ordem precisa de pessoas que andam buscando as estrelas. S\u00e3o bons candidatos \u00e0 vida franciscana secular pessoas com senso cr\u00edtico diante de fatos, pessoas, comunidades. Os franciscanos seculares, por exemplo, n\u00e3o limitam sua vida ao devocional e ao assistencialismo e tomam dist\u00e2ncia do cristianismo de emo\u00e7\u00e3o. Buscam uma profunda uni\u00e3o com o Senhor e desejam transformar o mundo com atitudes e posturas de promo\u00e7\u00e3o das pessoas.<\/p>\n<p>&gt;&gt;\u00a0Podem ser chamados a ingressar nas fileiras da Ordem Franciscana Secular os que foram e continuam sendo tocados pelo esp\u00edrito do Serm\u00e3o da Montanha: desejam ser sal da terra, luz do mundo, fermento na massa; os que experimentam uma satisfa\u00e7\u00e3o ou uma necessidade de rezar no quarto, com a porta fechada; os que quando solicitados al\u00e9m do manto d\u00e3o tamb\u00e9m a t\u00fanica; os que n\u00e3o andam afoitamente em busca de honras e aplausos; os que n\u00e3o se contentam com as apar\u00eancias mas buscam atingir o n\u00f3 de tudo. Em suma, os franciscanos seculares procuram, como Francisco, uma vida diferente, s\u00e3o penitentes, em suas vidas o doce pode se tornar amargo e o amargo, doce.<\/p>\n<p>&gt;&gt; S\u00e3o aptos para fazer a caminhada espiritual no seio da Ordem Franciscana Secular os que desejam se desvencilhar de certas amarras: busca desenfreada de dinheiro e de bens, os que querem tomar dist\u00e2ncia de uma certa sociedade da rentabilidade, do lucro e que esquece os fracos e jogados \u00e0 beira do caminho, dist\u00e2ncia de uma sociedade da indiferen\u00e7a, sociedade que usa as pessoas, descarta-as quando elas n\u00e3o \u201cinteressam\u201d mais. N\u00e3o est\u00e3o de acordo com o regime ou imp\u00e9rio da provisoriedade, do n\u00e3o assumir compromisso. Os franciscanos seculares s\u00e3o cr\u00edticos de uma sociedade que \u00e9 criadora de rob\u00f4s.<\/p>\n<p>&gt;&gt; Podem ingressar nas fileiras da Ordem Franciscana Secular os que valorizam a fraternidade, a vida em fraternidade, o mist\u00e9rio da irmandade. As c\u00e9lulas da Ordem Franciscana se denominam de Fraternidades. Como se visibiliza a Fraternidade? H\u00e1 o \u201csacramento\u201d da reuni\u00e3o geral e de outros encontros dos irm\u00e3os, da visita aos irm\u00e3os de dentro e de fora, de modo particular aos mais necessitados (doentes, presidi\u00e1rios, jogados \u00e0 beira da estrada, etc). Sem um chamamento para viver a fraternismo fica dif\u00edcil obter alguma \u00eaxito ingressando nas fileiras do Ordem Franciscana Secular.<\/p>\n<p>&nbsp;<\/p>\n","protected":false},"excerpt":{"rendered":"<p>OFS<\/p>\n","protected":false},"author":1,"featured_media":174787,"comment_status":"open","ping_status":"open","sticky":false,"template":"","format":"standard","meta":[],"categories":[14],"tags":[],"yoast_head":"<!-- This site is optimized with the Yoast SEO plugin v19.2 - https:\/\/yoast.com\/wordpress\/plugins\/seo\/ -->\n<title>Vocacional: Quem pode ser Franciscano Secular - Carisma - Franciscanos<\/title>\n<meta name=\"robots\" content=\"index, follow, max-snippet:-1, max-image-preview:large, max-video-preview:-1\" \/>\n<link rel=\"canonical\" href=\"https:\/\/franciscanos.org.br\/carisma\/quem-pode-ser-franciscano-secular-3.html\" \/>\n<meta property=\"og:locale\" content=\"pt_BR\" \/>\n<meta property=\"og:type\" content=\"article\" \/>\n<meta property=\"og:title\" content=\"Vocacional: Quem pode ser Franciscano Secular - Carisma - Franciscanos\" \/>\n<meta property=\"og:description\" content=\"OFS\" \/>\n<meta property=\"og:url\" content=\"https:\/\/franciscanos.org.br\/carisma\/quem-pode-ser-franciscano-secular-3.html\" \/>\n<meta property=\"og:site_name\" content=\"Carisma - Franciscanos\" \/>\n<meta property=\"article:published_time\" content=\"2018-01-29T09:59:43+00:00\" \/>\n<meta property=\"article:modified_time\" content=\"2018-11-08T17:49:45+00:00\" \/>\n<meta property=\"og:image\" content=\"https:\/\/franciscanos.org.br\/carisma\/wp-content\/uploads\/2018\/10\/ofs240118-830.jpg\" \/>\n\t<meta property=\"og:image:width\" content=\"830\" \/>\n\t<meta property=\"og:image:height\" content=\"556\" \/>\n\t<meta property=\"og:image:type\" content=\"image\/jpeg\" \/>\n<meta name=\"author\" content=\"admin\" \/>\n<meta name=\"twitter:card\" content=\"summary_large_image\" \/>\n<meta name=\"twitter:label1\" content=\"Escrito por\" \/>\n\t<meta name=\"twitter:data1\" content=\"admin\" \/>\n\t<meta name=\"twitter:label2\" content=\"Est. tempo de leitura\" \/>\n\t<meta name=\"twitter:data2\" content=\"5 minutos\" \/>\n<script type=\"application\/ld+json\" class=\"yoast-schema-graph\">{\"@context\":\"https:\/\/schema.org\",\"@graph\":[{\"@type\":\"WebSite\",\"@id\":\"https:\/\/franciscanos.org.br\/carisma\/#website\",\"url\":\"https:\/\/franciscanos.org.br\/carisma\/\",\"name\":\"Carisma - Franciscanos\",\"description\":\"Prov\u00edncia Franciscana da Imaculada Concei\u00e7\u00e3o do Brasil - Ordem dos Frades Menores\",\"potentialAction\":[{\"@type\":\"SearchAction\",\"target\":{\"@type\":\"EntryPoint\",\"urlTemplate\":\"https:\/\/franciscanos.org.br\/carisma\/?s={search_term_string}\"},\"query-input\":\"required name=search_term_string\"}],\"inLanguage\":\"pt-BR\"},{\"@type\":\"ImageObject\",\"inLanguage\":\"pt-BR\",\"@id\":\"https:\/\/franciscanos.org.br\/carisma\/quem-pode-ser-franciscano-secular-3.html#primaryimage\",\"url\":\"https:\/\/franciscanos.org.br\/carisma\/wp-content\/uploads\/2018\/10\/ofs240118-830.jpg\",\"contentUrl\":\"https:\/\/franciscanos.org.br\/carisma\/wp-content\/uploads\/2018\/10\/ofs240118-830.jpg\",\"width\":830,\"height\":556},{\"@type\":\"WebPage\",\"@id\":\"https:\/\/franciscanos.org.br\/carisma\/quem-pode-ser-franciscano-secular-3.html#webpage\",\"url\":\"https:\/\/franciscanos.org.br\/carisma\/quem-pode-ser-franciscano-secular-3.html\",\"name\":\"Vocacional: Quem pode ser Franciscano Secular - Carisma - Franciscanos\",\"isPartOf\":{\"@id\":\"https:\/\/franciscanos.org.br\/carisma\/#website\"},\"primaryImageOfPage\":{\"@id\":\"https:\/\/franciscanos.org.br\/carisma\/quem-pode-ser-franciscano-secular-3.html#primaryimage\"},\"datePublished\":\"2018-01-29T09:59:43+00:00\",\"dateModified\":\"2018-11-08T17:49:45+00:00\",\"author\":{\"@id\":\"https:\/\/franciscanos.org.br\/carisma\/#\/schema\/person\/e352342a457f086dc6152f9c73a3d093\"},\"breadcrumb\":{\"@id\":\"https:\/\/franciscanos.org.br\/carisma\/quem-pode-ser-franciscano-secular-3.html#breadcrumb\"},\"inLanguage\":\"pt-BR\",\"potentialAction\":[{\"@type\":\"ReadAction\",\"target\":[\"https:\/\/franciscanos.org.br\/carisma\/quem-pode-ser-franciscano-secular-3.html\"]}]},{\"@type\":\"BreadcrumbList\",\"@id\":\"https:\/\/franciscanos.org.br\/carisma\/quem-pode-ser-franciscano-secular-3.html#breadcrumb\",\"itemListElement\":[{\"@type\":\"ListItem\",\"position\":1,\"name\":\"Home\",\"item\":\"https:\/\/franciscanos.org.br\/carisma\"},{\"@type\":\"ListItem\",\"position\":2,\"name\":\"Vocacional: Quem pode ser Franciscano Secular\"}]},{\"@type\":\"Person\",\"@id\":\"https:\/\/franciscanos.org.br\/carisma\/#\/schema\/person\/e352342a457f086dc6152f9c73a3d093\",\"name\":\"admin\",\"image\":{\"@type\":\"ImageObject\",\"inLanguage\":\"pt-BR\",\"@id\":\"https:\/\/franciscanos.org.br\/carisma\/#\/schema\/person\/image\/\",\"url\":\"https:\/\/secure.gravatar.com\/avatar\/e8495742d34d0ba6448ea1c628263b3e?s=96&d=mm&r=g\",\"contentUrl\":\"https:\/\/secure.gravatar.com\/avatar\/e8495742d34d0ba6448ea1c628263b3e?s=96&d=mm&r=g\",\"caption\":\"admin\"},\"url\":\"https:\/\/franciscanos.org.br\/carisma\/author\/admin\"}]}<\/script>\n<!-- \/ Yoast SEO plugin. -->","yoast_head_json":{"title":"Vocacional: Quem pode ser Franciscano Secular - Carisma - Franciscanos","robots":{"index":"index","follow":"follow","max-snippet":"max-snippet:-1","max-image-preview":"max-image-preview:large","max-video-preview":"max-video-preview:-1"},"canonical":"https:\/\/franciscanos.org.br\/carisma\/quem-pode-ser-franciscano-secular-3.html","og_locale":"pt_BR","og_type":"article","og_title":"Vocacional: Quem pode ser Franciscano Secular - Carisma - Franciscanos","og_description":"OFS","og_url":"https:\/\/franciscanos.org.br\/carisma\/quem-pode-ser-franciscano-secular-3.html","og_site_name":"Carisma - Franciscanos","article_published_time":"2018-01-29T09:59:43+00:00","article_modified_time":"2018-11-08T17:49:45+00:00","og_image":[{"width":830,"height":556,"url":"https:\/\/franciscanos.org.br\/carisma\/wp-content\/uploads\/2018\/10\/ofs240118-830.jpg","type":"image\/jpeg"}],"author":"admin","twitter_card":"summary_large_image","twitter_misc":{"Escrito por":"admin","Est. tempo de leitura":"5 minutos"},"schema":{"@context":"https:\/\/schema.org","@graph":[{"@type":"WebSite","@id":"https:\/\/franciscanos.org.br\/carisma\/#website","url":"https:\/\/franciscanos.org.br\/carisma\/","name":"Carisma - Franciscanos","description":"Prov\u00edncia Franciscana da Imaculada Concei\u00e7\u00e3o do Brasil - Ordem dos Frades Menores","potentialAction":[{"@type":"SearchAction","target":{"@type":"EntryPoint","urlTemplate":"https:\/\/franciscanos.org.br\/carisma\/?s={search_term_string}"},"query-input":"required name=search_term_string"}],"inLanguage":"pt-BR"},{"@type":"ImageObject","inLanguage":"pt-BR","@id":"https:\/\/franciscanos.org.br\/carisma\/quem-pode-ser-franciscano-secular-3.html#primaryimage","url":"https:\/\/franciscanos.org.br\/carisma\/wp-content\/uploads\/2018\/10\/ofs240118-830.jpg","contentUrl":"https:\/\/franciscanos.org.br\/carisma\/wp-content\/uploads\/2018\/10\/ofs240118-830.jpg","width":830,"height":556},{"@type":"WebPage","@id":"https:\/\/franciscanos.org.br\/carisma\/quem-pode-ser-franciscano-secular-3.html#webpage","url":"https:\/\/franciscanos.org.br\/carisma\/quem-pode-ser-franciscano-secular-3.html","name":"Vocacional: Quem pode ser Franciscano Secular - Carisma - Franciscanos","isPartOf":{"@id":"https:\/\/franciscanos.org.br\/carisma\/#website"},"primaryImageOfPage":{"@id":"https:\/\/franciscanos.org.br\/carisma\/quem-pode-ser-franciscano-secular-3.html#primaryimage"},"datePublished":"2018-01-29T09:59:43+00:00","dateModified":"2018-11-08T17:49:45+00:00","author":{"@id":"https:\/\/franciscanos.org.br\/carisma\/#\/schema\/person\/e352342a457f086dc6152f9c73a3d093"},"breadcrumb":{"@id":"https:\/\/franciscanos.org.br\/carisma\/quem-pode-ser-franciscano-secular-3.html#breadcrumb"},"inLanguage":"pt-BR","potentialAction":[{"@type":"ReadAction","target":["https:\/\/franciscanos.org.br\/carisma\/quem-pode-ser-franciscano-secular-3.html"]}]},{"@type":"BreadcrumbList","@id":"https:\/\/franciscanos.org.br\/carisma\/quem-pode-ser-franciscano-secular-3.html#breadcrumb","itemListElement":[{"@type":"ListItem","position":1,"name":"Home","item":"https:\/\/franciscanos.org.br\/carisma"},{"@type":"ListItem","position":2,"name":"Vocacional: Quem pode ser Franciscano Secular"}]},{"@type":"Person","@id":"https:\/\/franciscanos.org.br\/carisma\/#\/schema\/person\/e352342a457f086dc6152f9c73a3d093","name":"admin","image":{"@type":"ImageObject","inLanguage":"pt-BR","@id":"https:\/\/franciscanos.org.br\/carisma\/#\/schema\/person\/image\/","url":"https:\/\/secure.gravatar.com\/avatar\/e8495742d34d0ba6448ea1c628263b3e?s=96&d=mm&r=g","contentUrl":"https:\/\/secure.gravatar.com\/avatar\/e8495742d34d0ba6448ea1c628263b3e?s=96&d=mm&r=g","caption":"admin"},"url":"https:\/\/franciscanos.org.br\/carisma\/author\/admin"}]}},"_links":{"self":[{"href":"https:\/\/franciscanos.org.br\/carisma\/wp-json\/wp\/v2\/posts\/150131"}],"collection":[{"href":"https:\/\/franciscanos.org.br\/carisma\/wp-json\/wp\/v2\/posts"}],"about":[{"href":"https:\/\/franciscanos.org.br\/carisma\/wp-json\/wp\/v2\/types\/post"}],"author":[{"embeddable":true,"href":"https:\/\/franciscanos.org.br\/carisma\/wp-json\/wp\/v2\/users\/1"}],"replies":[{"embeddable":true,"href":"https:\/\/franciscanos.org.br\/carisma\/wp-json\/wp\/v2\/comments?post=150131"}],"version-history":[{"count":0,"href":"https:\/\/franciscanos.org.br\/carisma\/wp-json\/wp\/v2\/posts\/150131\/revisions"}],"wp:featuredmedia":[{"embeddable":true,"href":"https:\/\/franciscanos.org.br\/carisma\/wp-json\/wp\/v2\/media\/174787"}],"wp:attachment":[{"href":"https:\/\/franciscanos.org.br\/carisma\/wp-json\/wp\/v2\/media?parent=150131"}],"wp:term":[{"taxonomy":"category","embeddable":true,"href":"https:\/\/franciscanos.org.br\/carisma\/wp-json\/wp\/v2\/categories?post=150131"},{"taxonomy":"post_tag","embeddable":true,"href":"https:\/\/franciscanos.org.br\/carisma\/wp-json\/wp\/v2\/tags?post=150131"}],"curies":[{"name":"wp","href":"https:\/\/api.w.org\/{rel}","templated":true}]}}