{"id":139408,"date":"2017-08-21T07:26:16","date_gmt":"2017-08-21T10:26:16","guid":{"rendered":"http:\/\/franciscanos.org.br\/?p=139408"},"modified":"2017-08-21T07:26:16","modified_gmt":"2017-08-21T10:26:16","slug":"franciscanos-seculares-uma-comunidade-de-irmaos","status":"publish","type":"post","link":"https:\/\/franciscanos.org.br\/carisma\/franciscanos-seculares-uma-comunidade-de-irmaos.html","title":{"rendered":"OFS: uma comunidade de irm\u00e3os"},"content":{"rendered":"<p><img loading=\"lazy\" src=\"http:\/\/franciscanos.org.br\/wp-content\/uploads\/2017\/08\/ofs_210817.jpg\" alt=\"ofs_210817\" width=\"830\" height=\"574\" \/><\/p>\n<p><strong>1.<\/strong> \u00c9 Cristo Jesus que que re\u00fane em fraternidades homens e mulheres e faz que eles se tornem efetivamente irm\u00e3os. Chamados a viver como irm\u00e3os os membros de uma fraternidade v\u00e3o tecendo relacionamentos fraternos uns com os outros e amando-se na qualidade do amor de Cristo Jesus.<\/p>\n<p><strong>2.<\/strong> Como pano de fundo dessa comunidade de irm\u00e3os est\u00e1 a experi\u00eancia das primeiras comunidades crist\u00e3s: \u201cEles frequentavam com perseveran\u00e7a a doutrina dos ap\u00f3stolos, as reuni\u00f5es em comum, o partir do p\u00e3o e as ora\u00e7\u00f5es. De todos apoderou-se o medo \u00e0 vista dos prod\u00edgios e sinais que os ap\u00f3stolos faziam. E todos os que tinham f\u00e9 viviam unidos, tendo todos os bens em comum. Vendiam as propriedades e os bens e dividiam o dinheiro com todos, segundo as necessidades de cada um. Todos os dias se reuniam un\u00e2nimes, no Templo. Partiam o p\u00e3o nas casas e comiam com alegria e simplicidade de cora\u00e7\u00e3o. Louvavam a Deus e gozavam da simpatia de todo o povo. Cada dia o Senhor lhes ajuntava outros a caminho da salva\u00e7\u00e3o\u201d (Atos 2,42-47).<\/p>\n<p><strong>3.<\/strong> O amor fraterno se manifesta e se exprime de muitas maneiras:<\/p>\n<p style=\"padding-left: 30px;\">\u2022 por uma atitude de acolhimento de cada um;<br \/>\n\u2022 por uma aten\u00e7\u00e3o calorosa e bondosa para com todos os membros da fraternidade, sem deter-se em simpatias pessoais, aprendendo a ouvir a todos;<br \/>\n\u2022 procurando fazer com que cada um encontre seu lugar na fraternidade nela, integrando-se mais e mais;<br \/>\n\u2022 ajudando mais especialmente aqueles membros que t\u00eam dificuldades ou vivem enfermidades, luto e car\u00eancias not\u00e1veis;<br \/>\n\u2022 eventualmente os irm\u00e3os se ajudam material e financeiramente;<br \/>\n\u2022 as pessoas doentes e os idosos haver\u00e3o de merecer especial aten\u00e7\u00e3o;<br \/>\n\u2022 criando um clima de confian\u00e7a de tal maneira que cada um possa sentir-se \u00e0 vontade para exprimir desejos e necessidades;<br \/>\n\u2022 com um esfor\u00e7o de querer, concretamente, partilhar a vida e as preocupa\u00e7\u00f5es do outro;<br \/>\n\u2022 estabelecendo um di\u00e1logo verdadeiro;<br \/>\n\u2022 os membros da Fraternidade n\u00e3o hesitam em abordar os assuntos mais variados, para poderem viver em plenitude e n\u00e3o serem pessoas cansativamente rotineiras;<br \/>\n\u2022 em fraternidade, os irm\u00e3os exercem uma fidelidade criativa;<br \/>\n\u2022por meio do di\u00e1logo, os irm\u00e3os sentem com a possibilidade de conviver com o diferente<\/p>\n<p><strong>4.<\/strong> Atrav\u00e9s do di\u00e1logo fraterno, os membros da Fraternidade d\u00e3o passos avantajados rumo a uma comunh\u00e3o cada vez mais estreita. D\u00e3o ao mundo o testemunho de que se amam e se estimam. Vivendo o fraternismo em suas Fraternidades, os irm\u00e3os e irm\u00e3s sentem capacitados a criar la\u00e7os fraternos com todos os homens e mesmo com todo o mundo criado.<\/p>\n<h3>Texto para reflex\u00e3o<\/h3>\n<p>\u201cOnde est\u00e3o e onde quer que se encontrarem os irm\u00e3os, mostrem-se mutuamente familiares entre si. E com confian\u00e7a um manifeste ao outro sua necessidade, porque, se a m\u00e3e nutre a ama seu filho carnal, quanto mais diligentemente n\u00e3o deve cada um amar e nutrir a seu irm\u00e3o espiritual? E se algum deles cair enfermo, os outros irm\u00e3os devem servi-lo como gostariam de ser servidos\u201d (Regra Bulada, cap. VI).<\/p>\n<h2>LEIA TAMB\u00c9M<\/h2>\n<p><a href=\"http:\/\/franciscanos.org.br\/?p=139216\">O PERFIL DA FRATERNIDADE OFS<\/a><\/p>\n","protected":false},"excerpt":{"rendered":"<p>Franciscanos seculares<\/p>\n","protected":false},"author":1,"featured_media":174786,"comment_status":"open","ping_status":"open","sticky":false,"template":"","format":"standard","meta":[],"categories":[14],"tags":[],"yoast_head":"<!-- This site is optimized with the Yoast SEO plugin v19.2 - https:\/\/yoast.com\/wordpress\/plugins\/seo\/ -->\n<title>OFS: uma comunidade de irm\u00e3os - Carisma - Franciscanos<\/title>\n<meta name=\"robots\" content=\"index, follow, max-snippet:-1, max-image-preview:large, max-video-preview:-1\" \/>\n<link rel=\"canonical\" href=\"https:\/\/franciscanos.org.br\/carisma\/franciscanos-seculares-uma-comunidade-de-irmaos.html\" \/>\n<meta property=\"og:locale\" content=\"pt_BR\" \/>\n<meta property=\"og:type\" content=\"article\" \/>\n<meta property=\"og:title\" content=\"OFS: uma comunidade de irm\u00e3os - Carisma - Franciscanos\" \/>\n<meta property=\"og:description\" content=\"Franciscanos seculares\" \/>\n<meta property=\"og:url\" content=\"https:\/\/franciscanos.org.br\/carisma\/franciscanos-seculares-uma-comunidade-de-irmaos.html\" \/>\n<meta property=\"og:site_name\" content=\"Carisma - Franciscanos\" \/>\n<meta property=\"article:published_time\" content=\"2017-08-21T10:26:16+00:00\" \/>\n<meta property=\"og:image\" content=\"https:\/\/franciscanos.org.br\/carisma\/wp-content\/uploads\/2018\/10\/ofs_210817.jpg\" \/>\n\t<meta property=\"og:image:width\" content=\"830\" \/>\n\t<meta property=\"og:image:height\" content=\"574\" \/>\n\t<meta property=\"og:image:type\" content=\"image\/jpeg\" \/>\n<meta name=\"author\" content=\"admin\" \/>\n<meta name=\"twitter:card\" content=\"summary_large_image\" \/>\n<meta name=\"twitter:label1\" content=\"Escrito por\" \/>\n\t<meta name=\"twitter:data1\" content=\"admin\" \/>\n\t<meta name=\"twitter:label2\" content=\"Est. tempo de leitura\" \/>\n\t<meta name=\"twitter:data2\" content=\"3 minutos\" \/>\n<script type=\"application\/ld+json\" class=\"yoast-schema-graph\">{\"@context\":\"https:\/\/schema.org\",\"@graph\":[{\"@type\":\"WebSite\",\"@id\":\"https:\/\/franciscanos.org.br\/carisma\/#website\",\"url\":\"https:\/\/franciscanos.org.br\/carisma\/\",\"name\":\"Carisma - Franciscanos\",\"description\":\"Prov\u00edncia Franciscana da Imaculada Concei\u00e7\u00e3o do Brasil - Ordem dos Frades Menores\",\"potentialAction\":[{\"@type\":\"SearchAction\",\"target\":{\"@type\":\"EntryPoint\",\"urlTemplate\":\"https:\/\/franciscanos.org.br\/carisma\/?s={search_term_string}\"},\"query-input\":\"required name=search_term_string\"}],\"inLanguage\":\"pt-BR\"},{\"@type\":\"ImageObject\",\"inLanguage\":\"pt-BR\",\"@id\":\"https:\/\/franciscanos.org.br\/carisma\/franciscanos-seculares-uma-comunidade-de-irmaos.html#primaryimage\",\"url\":\"https:\/\/franciscanos.org.br\/carisma\/wp-content\/uploads\/2018\/10\/ofs_210817.jpg\",\"contentUrl\":\"https:\/\/franciscanos.org.br\/carisma\/wp-content\/uploads\/2018\/10\/ofs_210817.jpg\",\"width\":830,\"height\":574},{\"@type\":\"WebPage\",\"@id\":\"https:\/\/franciscanos.org.br\/carisma\/franciscanos-seculares-uma-comunidade-de-irmaos.html#webpage\",\"url\":\"https:\/\/franciscanos.org.br\/carisma\/franciscanos-seculares-uma-comunidade-de-irmaos.html\",\"name\":\"OFS: uma comunidade de irm\u00e3os - Carisma - Franciscanos\",\"isPartOf\":{\"@id\":\"https:\/\/franciscanos.org.br\/carisma\/#website\"},\"primaryImageOfPage\":{\"@id\":\"https:\/\/franciscanos.org.br\/carisma\/franciscanos-seculares-uma-comunidade-de-irmaos.html#primaryimage\"},\"datePublished\":\"2017-08-21T10:26:16+00:00\",\"dateModified\":\"2017-08-21T10:26:16+00:00\",\"author\":{\"@id\":\"https:\/\/franciscanos.org.br\/carisma\/#\/schema\/person\/e352342a457f086dc6152f9c73a3d093\"},\"breadcrumb\":{\"@id\":\"https:\/\/franciscanos.org.br\/carisma\/franciscanos-seculares-uma-comunidade-de-irmaos.html#breadcrumb\"},\"inLanguage\":\"pt-BR\",\"potentialAction\":[{\"@type\":\"ReadAction\",\"target\":[\"https:\/\/franciscanos.org.br\/carisma\/franciscanos-seculares-uma-comunidade-de-irmaos.html\"]}]},{\"@type\":\"BreadcrumbList\",\"@id\":\"https:\/\/franciscanos.org.br\/carisma\/franciscanos-seculares-uma-comunidade-de-irmaos.html#breadcrumb\",\"itemListElement\":[{\"@type\":\"ListItem\",\"position\":1,\"name\":\"Home\",\"item\":\"https:\/\/franciscanos.org.br\/carisma\"},{\"@type\":\"ListItem\",\"position\":2,\"name\":\"OFS: uma comunidade de irm\u00e3os\"}]},{\"@type\":\"Person\",\"@id\":\"https:\/\/franciscanos.org.br\/carisma\/#\/schema\/person\/e352342a457f086dc6152f9c73a3d093\",\"name\":\"admin\",\"image\":{\"@type\":\"ImageObject\",\"inLanguage\":\"pt-BR\",\"@id\":\"https:\/\/franciscanos.org.br\/carisma\/#\/schema\/person\/image\/\",\"url\":\"https:\/\/secure.gravatar.com\/avatar\/e8495742d34d0ba6448ea1c628263b3e?s=96&d=mm&r=g\",\"contentUrl\":\"https:\/\/secure.gravatar.com\/avatar\/e8495742d34d0ba6448ea1c628263b3e?s=96&d=mm&r=g\",\"caption\":\"admin\"},\"url\":\"https:\/\/franciscanos.org.br\/carisma\/author\/admin\"}]}<\/script>\n<!-- \/ Yoast SEO plugin. -->","yoast_head_json":{"title":"OFS: uma comunidade de irm\u00e3os - Carisma - Franciscanos","robots":{"index":"index","follow":"follow","max-snippet":"max-snippet:-1","max-image-preview":"max-image-preview:large","max-video-preview":"max-video-preview:-1"},"canonical":"https:\/\/franciscanos.org.br\/carisma\/franciscanos-seculares-uma-comunidade-de-irmaos.html","og_locale":"pt_BR","og_type":"article","og_title":"OFS: uma comunidade de irm\u00e3os - Carisma - Franciscanos","og_description":"Franciscanos seculares","og_url":"https:\/\/franciscanos.org.br\/carisma\/franciscanos-seculares-uma-comunidade-de-irmaos.html","og_site_name":"Carisma - Franciscanos","article_published_time":"2017-08-21T10:26:16+00:00","og_image":[{"width":830,"height":574,"url":"https:\/\/franciscanos.org.br\/carisma\/wp-content\/uploads\/2018\/10\/ofs_210817.jpg","type":"image\/jpeg"}],"author":"admin","twitter_card":"summary_large_image","twitter_misc":{"Escrito por":"admin","Est. tempo de leitura":"3 minutos"},"schema":{"@context":"https:\/\/schema.org","@graph":[{"@type":"WebSite","@id":"https:\/\/franciscanos.org.br\/carisma\/#website","url":"https:\/\/franciscanos.org.br\/carisma\/","name":"Carisma - Franciscanos","description":"Prov\u00edncia Franciscana da Imaculada Concei\u00e7\u00e3o do Brasil - Ordem dos Frades Menores","potentialAction":[{"@type":"SearchAction","target":{"@type":"EntryPoint","urlTemplate":"https:\/\/franciscanos.org.br\/carisma\/?s={search_term_string}"},"query-input":"required name=search_term_string"}],"inLanguage":"pt-BR"},{"@type":"ImageObject","inLanguage":"pt-BR","@id":"https:\/\/franciscanos.org.br\/carisma\/franciscanos-seculares-uma-comunidade-de-irmaos.html#primaryimage","url":"https:\/\/franciscanos.org.br\/carisma\/wp-content\/uploads\/2018\/10\/ofs_210817.jpg","contentUrl":"https:\/\/franciscanos.org.br\/carisma\/wp-content\/uploads\/2018\/10\/ofs_210817.jpg","width":830,"height":574},{"@type":"WebPage","@id":"https:\/\/franciscanos.org.br\/carisma\/franciscanos-seculares-uma-comunidade-de-irmaos.html#webpage","url":"https:\/\/franciscanos.org.br\/carisma\/franciscanos-seculares-uma-comunidade-de-irmaos.html","name":"OFS: uma comunidade de irm\u00e3os - Carisma - Franciscanos","isPartOf":{"@id":"https:\/\/franciscanos.org.br\/carisma\/#website"},"primaryImageOfPage":{"@id":"https:\/\/franciscanos.org.br\/carisma\/franciscanos-seculares-uma-comunidade-de-irmaos.html#primaryimage"},"datePublished":"2017-08-21T10:26:16+00:00","dateModified":"2017-08-21T10:26:16+00:00","author":{"@id":"https:\/\/franciscanos.org.br\/carisma\/#\/schema\/person\/e352342a457f086dc6152f9c73a3d093"},"breadcrumb":{"@id":"https:\/\/franciscanos.org.br\/carisma\/franciscanos-seculares-uma-comunidade-de-irmaos.html#breadcrumb"},"inLanguage":"pt-BR","potentialAction":[{"@type":"ReadAction","target":["https:\/\/franciscanos.org.br\/carisma\/franciscanos-seculares-uma-comunidade-de-irmaos.html"]}]},{"@type":"BreadcrumbList","@id":"https:\/\/franciscanos.org.br\/carisma\/franciscanos-seculares-uma-comunidade-de-irmaos.html#breadcrumb","itemListElement":[{"@type":"ListItem","position":1,"name":"Home","item":"https:\/\/franciscanos.org.br\/carisma"},{"@type":"ListItem","position":2,"name":"OFS: uma comunidade de irm\u00e3os"}]},{"@type":"Person","@id":"https:\/\/franciscanos.org.br\/carisma\/#\/schema\/person\/e352342a457f086dc6152f9c73a3d093","name":"admin","image":{"@type":"ImageObject","inLanguage":"pt-BR","@id":"https:\/\/franciscanos.org.br\/carisma\/#\/schema\/person\/image\/","url":"https:\/\/secure.gravatar.com\/avatar\/e8495742d34d0ba6448ea1c628263b3e?s=96&d=mm&r=g","contentUrl":"https:\/\/secure.gravatar.com\/avatar\/e8495742d34d0ba6448ea1c628263b3e?s=96&d=mm&r=g","caption":"admin"},"url":"https:\/\/franciscanos.org.br\/carisma\/author\/admin"}]}},"_links":{"self":[{"href":"https:\/\/franciscanos.org.br\/carisma\/wp-json\/wp\/v2\/posts\/139408"}],"collection":[{"href":"https:\/\/franciscanos.org.br\/carisma\/wp-json\/wp\/v2\/posts"}],"about":[{"href":"https:\/\/franciscanos.org.br\/carisma\/wp-json\/wp\/v2\/types\/post"}],"author":[{"embeddable":true,"href":"https:\/\/franciscanos.org.br\/carisma\/wp-json\/wp\/v2\/users\/1"}],"replies":[{"embeddable":true,"href":"https:\/\/franciscanos.org.br\/carisma\/wp-json\/wp\/v2\/comments?post=139408"}],"version-history":[{"count":0,"href":"https:\/\/franciscanos.org.br\/carisma\/wp-json\/wp\/v2\/posts\/139408\/revisions"}],"wp:featuredmedia":[{"embeddable":true,"href":"https:\/\/franciscanos.org.br\/carisma\/wp-json\/wp\/v2\/media\/174786"}],"wp:attachment":[{"href":"https:\/\/franciscanos.org.br\/carisma\/wp-json\/wp\/v2\/media?parent=139408"}],"wp:term":[{"taxonomy":"category","embeddable":true,"href":"https:\/\/franciscanos.org.br\/carisma\/wp-json\/wp\/v2\/categories?post=139408"},{"taxonomy":"post_tag","embeddable":true,"href":"https:\/\/franciscanos.org.br\/carisma\/wp-json\/wp\/v2\/tags?post=139408"}],"curies":[{"name":"wp","href":"https:\/\/api.w.org\/{rel}","templated":true}]}}