{"id":139216,"date":"2017-08-14T10:45:43","date_gmt":"2017-08-14T13:45:43","guid":{"rendered":"http:\/\/franciscanos.org.br\/?p=139216"},"modified":"2018-11-08T15:50:50","modified_gmt":"2018-11-08T17:50:50","slug":"o-perfil-da-fraternidade-ofs","status":"publish","type":"post","link":"https:\/\/franciscanos.org.br\/carisma\/o-perfil-da-fraternidade-ofs.html","title":{"rendered":"O perfil da fraternidade OFS"},"content":{"rendered":"<p><img loading=\"lazy\" src=\"http:\/\/franciscanos.org.br\/wp-content\/uploads\/2017\/08\/francisco_140817_1.jpg\" alt=\"francisco_140817_1\" width=\"830\" height=\"409\" \/><\/p>\n<p><strong>1.<\/strong> Os franciscanos seculares constituem um ramo da Fam\u00edlia franciscana. Esta \u00e9 formada por todos os que t\u00eam em comum a miss\u00e3o de tornar presente no mundo a gra\u00e7a, o carisma pr\u00f3prio de S\u00e3o Francisco. No seio desta \u00fanica Fam\u00edlia, a voca\u00e7\u00e3o franciscana \u00e9 vivida por modalidades diferentes e complementares. Entre as concretiza\u00e7\u00f5es de Fraternidades est\u00e1 a vida franciscana vivida por leigos no mundo.<\/p>\n<p><strong>2.<\/strong> A palavra-chave \u00e9 Fraternidade. Ora, a Fraternidade \u00e9 uma comunidade reunida por Francisco por causa de Jesus Cristo e do Evangelho. Re\u00fane na amizade crist\u00e3os de diferentes ambientes e meios sociais, de todas as idades e condi\u00e7\u00f5es de vida. \u00c9 constitu\u00edda por membros pertencentes a fraternidades locais.<\/p>\n<p><strong>3.<\/strong> A Fraternidade, na verdade, \u00e9 um ambiente espiritual onde cada um cresce na viv\u00eancia do Evangelho e se abre \u00e0 fraternidade universal. Seus membros, designados de irm\u00e3os, se entreajudam a viver o Evangelho \u00e0 maneira de S\u00e3o Francisco na Igreja e no mundo. Nesse prop\u00f3sito, eles se colocam \u00e0 disposi\u00e7\u00e3o uns dos outros tendo como base a Regra.<\/p>\n<p><strong>4.<\/strong> Bem consciente da voca\u00e7\u00e3o leiga de seus membros, a Fraternidade ajuda a cada um a assumir sempre mais plenamente suas responsabilidades pessoais, familiares e sociais inerentes ao seu estado secular e a realizar sua miss\u00e3o crist\u00e3 no mundo.<\/p>\n<p><strong>5.<\/strong> A Fraternidade brota do amor de Cristo. De forma alguma pode ela se dobrar sobre si mesma. Necessariamente \u00e9 uma comunidade aberta para a Igreja e o mundo. A Fraternidade \u00e9 solid\u00e1ria a todo o g\u00eanero humano e sua hist\u00f3ria. Seus membros t\u00eam como ponto de honra acompanhar a presen\u00e7a no Senhor no mundo. Normalmente, s\u00e3o pessoas habilitadas a ler os sinais dos tempos.<\/p>\n<p><strong>6.<\/strong> A Fraternidade quer ser para cada um de seus membros e para todos os homens um sinal modesto, mas verdadeiro de vida evang\u00e9lica e de fraternidade universal.<\/p>\n<p><strong>7<\/strong>. Em raz\u00e3o da condi\u00e7\u00e3o leiga de seus membros, a Fraternidade \u00e9 uma comunidade ordinariamente dispersa. Por isso, os momentos de reuni\u00e3o s\u00e3o de grande import\u00e2ncia. Quando a Fraternidade se re\u00fane em nome de Cristo, a Fraternidade vive um tempo forte. Ali ela manifesta seus tra\u00e7os fundamentais. As reuni\u00f5es realizadas ao longo do tempo da vida fortalecem a voca\u00e7\u00e3o. \u00c9 essencial, pois que os irm\u00e3os participem ativa e regularmente dos encontros de sua Fraternidade. As reuni\u00f5es haver\u00e3o de ser muito bem preparadas para que produzam fruto e n\u00e3o cansa\u00e7o e irrita\u00e7\u00e3o.<\/p>\n<p><strong>8.<\/strong> A reuni\u00e3o n\u00e3o constitui um fim por si mesma. Sua finalidade \u00e9 alimentar uma vida que precisa se manifestar ao longo do tempo. \u00c9 ao longo da exist\u00eancia cotidiana que cada um traduz a realidade espiritual que consiste em ser membro da Fraternidade.<\/p>\n<p><strong>9.<\/strong> A Fraternidade \u00e9 uma comunidade de irm\u00e3os, uma comunidade de escuta da Palavra de Deus, comunidade de ora\u00e7\u00e3o, comunidade de partilha fraterna. N\u00e3o se pode esquecer que a Fraternidade constitui uma plataforma onde se forjam mission\u00e1rios do Evangelho.<\/p>\n<p><strong>FREI ALMIR GUIMAR\u00c3ES<\/strong><\/p>\n<p>&nbsp;<\/p>\n","protected":false},"excerpt":{"rendered":"<p>OFS<\/p>\n","protected":false},"author":1,"featured_media":174785,"comment_status":"open","ping_status":"open","sticky":false,"template":"","format":"standard","meta":[],"categories":[14],"tags":[],"yoast_head":"<!-- This site is optimized with the Yoast SEO plugin v19.2 - https:\/\/yoast.com\/wordpress\/plugins\/seo\/ -->\n<title>O perfil da fraternidade OFS - Carisma - Franciscanos<\/title>\n<meta name=\"robots\" content=\"index, follow, max-snippet:-1, max-image-preview:large, max-video-preview:-1\" \/>\n<link rel=\"canonical\" href=\"https:\/\/franciscanos.org.br\/carisma\/o-perfil-da-fraternidade-ofs.html\" \/>\n<meta property=\"og:locale\" content=\"pt_BR\" \/>\n<meta property=\"og:type\" content=\"article\" \/>\n<meta property=\"og:title\" content=\"O perfil da fraternidade OFS - Carisma - Franciscanos\" \/>\n<meta property=\"og:description\" content=\"OFS\" \/>\n<meta property=\"og:url\" content=\"https:\/\/franciscanos.org.br\/carisma\/o-perfil-da-fraternidade-ofs.html\" \/>\n<meta property=\"og:site_name\" content=\"Carisma - Franciscanos\" \/>\n<meta property=\"article:published_time\" content=\"2017-08-14T13:45:43+00:00\" \/>\n<meta property=\"article:modified_time\" content=\"2018-11-08T17:50:50+00:00\" \/>\n<meta property=\"og:image\" content=\"https:\/\/franciscanos.org.br\/carisma\/wp-content\/uploads\/2018\/10\/francisco_140817_1.jpg\" \/>\n\t<meta property=\"og:image:width\" content=\"830\" \/>\n\t<meta property=\"og:image:height\" content=\"409\" \/>\n\t<meta property=\"og:image:type\" content=\"image\/jpeg\" \/>\n<meta name=\"author\" content=\"admin\" \/>\n<meta name=\"twitter:card\" content=\"summary_large_image\" \/>\n<meta name=\"twitter:label1\" content=\"Escrito por\" \/>\n\t<meta name=\"twitter:data1\" content=\"admin\" \/>\n\t<meta name=\"twitter:label2\" content=\"Est. tempo de leitura\" \/>\n\t<meta name=\"twitter:data2\" content=\"3 minutos\" \/>\n<script type=\"application\/ld+json\" class=\"yoast-schema-graph\">{\"@context\":\"https:\/\/schema.org\",\"@graph\":[{\"@type\":\"WebSite\",\"@id\":\"https:\/\/franciscanos.org.br\/carisma\/#website\",\"url\":\"https:\/\/franciscanos.org.br\/carisma\/\",\"name\":\"Carisma - Franciscanos\",\"description\":\"Prov\u00edncia Franciscana da Imaculada Concei\u00e7\u00e3o do Brasil - Ordem dos Frades Menores\",\"potentialAction\":[{\"@type\":\"SearchAction\",\"target\":{\"@type\":\"EntryPoint\",\"urlTemplate\":\"https:\/\/franciscanos.org.br\/carisma\/?s={search_term_string}\"},\"query-input\":\"required name=search_term_string\"}],\"inLanguage\":\"pt-BR\"},{\"@type\":\"ImageObject\",\"inLanguage\":\"pt-BR\",\"@id\":\"https:\/\/franciscanos.org.br\/carisma\/o-perfil-da-fraternidade-ofs.html#primaryimage\",\"url\":\"https:\/\/franciscanos.org.br\/carisma\/wp-content\/uploads\/2018\/10\/francisco_140817_1.jpg\",\"contentUrl\":\"https:\/\/franciscanos.org.br\/carisma\/wp-content\/uploads\/2018\/10\/francisco_140817_1.jpg\",\"width\":830,\"height\":409},{\"@type\":\"WebPage\",\"@id\":\"https:\/\/franciscanos.org.br\/carisma\/o-perfil-da-fraternidade-ofs.html#webpage\",\"url\":\"https:\/\/franciscanos.org.br\/carisma\/o-perfil-da-fraternidade-ofs.html\",\"name\":\"O perfil da fraternidade OFS - Carisma - Franciscanos\",\"isPartOf\":{\"@id\":\"https:\/\/franciscanos.org.br\/carisma\/#website\"},\"primaryImageOfPage\":{\"@id\":\"https:\/\/franciscanos.org.br\/carisma\/o-perfil-da-fraternidade-ofs.html#primaryimage\"},\"datePublished\":\"2017-08-14T13:45:43+00:00\",\"dateModified\":\"2018-11-08T17:50:50+00:00\",\"author\":{\"@id\":\"https:\/\/franciscanos.org.br\/carisma\/#\/schema\/person\/e352342a457f086dc6152f9c73a3d093\"},\"breadcrumb\":{\"@id\":\"https:\/\/franciscanos.org.br\/carisma\/o-perfil-da-fraternidade-ofs.html#breadcrumb\"},\"inLanguage\":\"pt-BR\",\"potentialAction\":[{\"@type\":\"ReadAction\",\"target\":[\"https:\/\/franciscanos.org.br\/carisma\/o-perfil-da-fraternidade-ofs.html\"]}]},{\"@type\":\"BreadcrumbList\",\"@id\":\"https:\/\/franciscanos.org.br\/carisma\/o-perfil-da-fraternidade-ofs.html#breadcrumb\",\"itemListElement\":[{\"@type\":\"ListItem\",\"position\":1,\"name\":\"Home\",\"item\":\"https:\/\/franciscanos.org.br\/carisma\"},{\"@type\":\"ListItem\",\"position\":2,\"name\":\"O perfil da fraternidade OFS\"}]},{\"@type\":\"Person\",\"@id\":\"https:\/\/franciscanos.org.br\/carisma\/#\/schema\/person\/e352342a457f086dc6152f9c73a3d093\",\"name\":\"admin\",\"image\":{\"@type\":\"ImageObject\",\"inLanguage\":\"pt-BR\",\"@id\":\"https:\/\/franciscanos.org.br\/carisma\/#\/schema\/person\/image\/\",\"url\":\"https:\/\/secure.gravatar.com\/avatar\/e8495742d34d0ba6448ea1c628263b3e?s=96&d=mm&r=g\",\"contentUrl\":\"https:\/\/secure.gravatar.com\/avatar\/e8495742d34d0ba6448ea1c628263b3e?s=96&d=mm&r=g\",\"caption\":\"admin\"},\"url\":\"https:\/\/franciscanos.org.br\/carisma\/author\/admin\"}]}<\/script>\n<!-- \/ Yoast SEO plugin. -->","yoast_head_json":{"title":"O perfil da fraternidade OFS - Carisma - Franciscanos","robots":{"index":"index","follow":"follow","max-snippet":"max-snippet:-1","max-image-preview":"max-image-preview:large","max-video-preview":"max-video-preview:-1"},"canonical":"https:\/\/franciscanos.org.br\/carisma\/o-perfil-da-fraternidade-ofs.html","og_locale":"pt_BR","og_type":"article","og_title":"O perfil da fraternidade OFS - Carisma - Franciscanos","og_description":"OFS","og_url":"https:\/\/franciscanos.org.br\/carisma\/o-perfil-da-fraternidade-ofs.html","og_site_name":"Carisma - Franciscanos","article_published_time":"2017-08-14T13:45:43+00:00","article_modified_time":"2018-11-08T17:50:50+00:00","og_image":[{"width":830,"height":409,"url":"https:\/\/franciscanos.org.br\/carisma\/wp-content\/uploads\/2018\/10\/francisco_140817_1.jpg","type":"image\/jpeg"}],"author":"admin","twitter_card":"summary_large_image","twitter_misc":{"Escrito por":"admin","Est. tempo de leitura":"3 minutos"},"schema":{"@context":"https:\/\/schema.org","@graph":[{"@type":"WebSite","@id":"https:\/\/franciscanos.org.br\/carisma\/#website","url":"https:\/\/franciscanos.org.br\/carisma\/","name":"Carisma - Franciscanos","description":"Prov\u00edncia Franciscana da Imaculada Concei\u00e7\u00e3o do Brasil - Ordem dos Frades Menores","potentialAction":[{"@type":"SearchAction","target":{"@type":"EntryPoint","urlTemplate":"https:\/\/franciscanos.org.br\/carisma\/?s={search_term_string}"},"query-input":"required name=search_term_string"}],"inLanguage":"pt-BR"},{"@type":"ImageObject","inLanguage":"pt-BR","@id":"https:\/\/franciscanos.org.br\/carisma\/o-perfil-da-fraternidade-ofs.html#primaryimage","url":"https:\/\/franciscanos.org.br\/carisma\/wp-content\/uploads\/2018\/10\/francisco_140817_1.jpg","contentUrl":"https:\/\/franciscanos.org.br\/carisma\/wp-content\/uploads\/2018\/10\/francisco_140817_1.jpg","width":830,"height":409},{"@type":"WebPage","@id":"https:\/\/franciscanos.org.br\/carisma\/o-perfil-da-fraternidade-ofs.html#webpage","url":"https:\/\/franciscanos.org.br\/carisma\/o-perfil-da-fraternidade-ofs.html","name":"O perfil da fraternidade OFS - Carisma - Franciscanos","isPartOf":{"@id":"https:\/\/franciscanos.org.br\/carisma\/#website"},"primaryImageOfPage":{"@id":"https:\/\/franciscanos.org.br\/carisma\/o-perfil-da-fraternidade-ofs.html#primaryimage"},"datePublished":"2017-08-14T13:45:43+00:00","dateModified":"2018-11-08T17:50:50+00:00","author":{"@id":"https:\/\/franciscanos.org.br\/carisma\/#\/schema\/person\/e352342a457f086dc6152f9c73a3d093"},"breadcrumb":{"@id":"https:\/\/franciscanos.org.br\/carisma\/o-perfil-da-fraternidade-ofs.html#breadcrumb"},"inLanguage":"pt-BR","potentialAction":[{"@type":"ReadAction","target":["https:\/\/franciscanos.org.br\/carisma\/o-perfil-da-fraternidade-ofs.html"]}]},{"@type":"BreadcrumbList","@id":"https:\/\/franciscanos.org.br\/carisma\/o-perfil-da-fraternidade-ofs.html#breadcrumb","itemListElement":[{"@type":"ListItem","position":1,"name":"Home","item":"https:\/\/franciscanos.org.br\/carisma"},{"@type":"ListItem","position":2,"name":"O perfil da fraternidade OFS"}]},{"@type":"Person","@id":"https:\/\/franciscanos.org.br\/carisma\/#\/schema\/person\/e352342a457f086dc6152f9c73a3d093","name":"admin","image":{"@type":"ImageObject","inLanguage":"pt-BR","@id":"https:\/\/franciscanos.org.br\/carisma\/#\/schema\/person\/image\/","url":"https:\/\/secure.gravatar.com\/avatar\/e8495742d34d0ba6448ea1c628263b3e?s=96&d=mm&r=g","contentUrl":"https:\/\/secure.gravatar.com\/avatar\/e8495742d34d0ba6448ea1c628263b3e?s=96&d=mm&r=g","caption":"admin"},"url":"https:\/\/franciscanos.org.br\/carisma\/author\/admin"}]}},"_links":{"self":[{"href":"https:\/\/franciscanos.org.br\/carisma\/wp-json\/wp\/v2\/posts\/139216"}],"collection":[{"href":"https:\/\/franciscanos.org.br\/carisma\/wp-json\/wp\/v2\/posts"}],"about":[{"href":"https:\/\/franciscanos.org.br\/carisma\/wp-json\/wp\/v2\/types\/post"}],"author":[{"embeddable":true,"href":"https:\/\/franciscanos.org.br\/carisma\/wp-json\/wp\/v2\/users\/1"}],"replies":[{"embeddable":true,"href":"https:\/\/franciscanos.org.br\/carisma\/wp-json\/wp\/v2\/comments?post=139216"}],"version-history":[{"count":0,"href":"https:\/\/franciscanos.org.br\/carisma\/wp-json\/wp\/v2\/posts\/139216\/revisions"}],"wp:featuredmedia":[{"embeddable":true,"href":"https:\/\/franciscanos.org.br\/carisma\/wp-json\/wp\/v2\/media\/174785"}],"wp:attachment":[{"href":"https:\/\/franciscanos.org.br\/carisma\/wp-json\/wp\/v2\/media?parent=139216"}],"wp:term":[{"taxonomy":"category","embeddable":true,"href":"https:\/\/franciscanos.org.br\/carisma\/wp-json\/wp\/v2\/categories?post=139216"},{"taxonomy":"post_tag","embeddable":true,"href":"https:\/\/franciscanos.org.br\/carisma\/wp-json\/wp\/v2\/tags?post=139216"}],"curies":[{"name":"wp","href":"https:\/\/api.w.org\/{rel}","templated":true}]}}