{"id":138094,"date":"2017-07-25T07:22:33","date_gmt":"2017-07-25T10:22:33","guid":{"rendered":"http:\/\/franciscanos.org.br\/?p=138094"},"modified":"2018-11-08T13:58:39","modified_gmt":"2018-11-08T15:58:39","slug":"vida-reencontrada-de-francisco-de-assis-ii","status":"publish","type":"post","link":"https:\/\/franciscanos.org.br\/carisma\/vida-reencontrada-de-francisco-de-assis-ii.html","title":{"rendered":"Vida reencontrada de Francisco de Assis &#8211; parte final"},"content":{"rendered":"<p><img loading=\"lazy\" src=\"http:\/\/franciscanos.org.br\/wp-content\/uploads\/2017\/07\/porciuncula_250717.jpg\" alt=\"porciuncula_250717\" width=\"830\" height=\"470\" \/><\/p>\n<blockquote><p><em>Jacques Delarum, erudito pesquisador das Fontes Franciscanas,\u00a0 fez com que vi\u00e9ssemos a tomar conhecimento, nesse campo, de uma descoberta importante: uma vida de Francisco de Assis\u00a0 antiga, reencontrada, que seria tamb\u00e9m da autoria de Tom\u00e1s de Celano. Desse achado, anteriormente, j\u00e1 hav\u00edamos traduzido e transcrito aqui cinco leituras para o of\u00edcio coral.\u00a0 Agora v\u00e3o as 4 outras que faltavam.<\/em><\/p>\n<p>CONFIRA <strong><a href=\"http:\/\/franciscanos.org.br\/carisma\/vida-reencontrada-de-francisco-de-assis.html\">O PRIMEIRO ARTIGO NESTE LINK<\/a><\/strong>!<\/p><\/blockquote>\n<p><em>\u00a0<\/em><em>Como, tendo sido \u00a0jogado na neve, depois disso serviu aos leprosos.<\/em><\/p>\n<p><em>Como reconstruiu tr\u00eas igrejas e mudou de veste pela segunda vez e buscando a perfei\u00e7\u00e3o evang\u00e9lica\u00a0 teve companheiros\u00a0 e reconheceu neles Esp\u00edrito de Deus em a\u00e7\u00e3o.<\/em><\/p>\n<h3><em>\u00a0<\/em>Sexta leitura<\/h3>\n<p>Uma vez cessada a persegui\u00e7\u00e3o paterna, Francisco usando de vestes como que de trapos, ele que antes usava trajes preciosos, certa vez, \u00a0quando cantava em franc\u00eas os louvores do Senhor, atravessando uma floresta, caiu nas m\u00e3os de bandidos. A esses que perguntavam sem delicadeza alguma quem ele era, respondeu com confian\u00e7a: \u201cEu sou o arauto do grande Rei!\u201d. Dando-lhe violentos socos, os bandidos jogaram-no numa vala cheia de neve. \u201cDeitado, dizem eles, reles campon\u00eas \u00a0que \u00e9s arauto de Deus\u201d. Dando-se conta que os bandidos tinham ido embora, sacudindo a neve, todo feliz, pulou fora da valeta. Chegando a uma casa de monges, foi tido por algu\u00e9m sem valor, autorizado apenas a servir na cozinha na qualidade de criado. Como ningu\u00e9m manifestasse piedade por sua nudez, impulsionado pela necessidade, saindo dali conseguiu uma simples t\u00fanica de um de seus antigos amigos da cidade de Gubbio.\u00a0 O prior do mosteiro acima aludido, tendo \u00a0tomado conhecimento da reputa\u00e7\u00e3o do homem de Deus, lembrando-se do que se havia feito com ele,\u00a0 lamentou muito \u00a0e humildemente pediu perd\u00e3o.<\/p>\n<h3>\u00a0S\u00e9tima leitura<\/h3>\n<p>Depois disto, o amante de toda humildade se transferiu para o meio dos leprosos; lavando humildemente as \u00falceras, n\u00e3o tinha medo de enxugar o pus de seus corpos.\u00a0 Em outros tempos, quando os avistava de longe ou via suas casas, fechava o nariz com as m\u00e3os. Mas um dia, \u00a0ainda com roupa secular, mas j\u00e1 tendo sido visitado pela gra\u00e7a de Deus, cruzando com um leproso, conseguiu maravilhosa\u00a0 vit\u00f3ria sobre si mesmo, \u00a0e ele o abra\u00e7ou.\u00a0 Assim, ardendo cada vez\u00a0 de desprezo de si mesmo, foi \u00a0mais e mais \u00a0progredindo nesse empenho. Permanecendo ainda no s\u00e9culo, \u00a0procurava satisfazer as necessidades de outros pobres, acreditando ser indigno recusar esmola a quem pedisse pelo amor de Deus.\u00a0 No primeiro ano de sua convers\u00e3o o bem-aventurado Francisco restaurou \u00a0com grande zelo, a igreja de S\u00e3o Dami\u00e3o, de constru\u00e7\u00e3o antiga, naquele momento reduzida a ru\u00ednas.\u00a0 Foi neste lugar, quando j\u00e1 se tinham passado quase seis anos da convers\u00e3o\u00a0 do bem-aventurado Francisco, que a bem-aventurada\u00a0 religi\u00e3o das Damas Pobres ganhou seu in\u00edcio pelo empenho deste bem-aventurado homem. Estas mulheres de santo comportamento e vida magn\u00edfica deveriam ser real\u00e7adas neste escrito. Para que esse elogio fosse feito seria preciso uma obra \u00e0 parte e \u00a0tempo para execut\u00e1-la.<\/p>\n<h3>\u00a0Oitava leitura<\/h3>\n<p>Em seguida, o bem-aventurado pai restaurou, da mesma forma, \u00a0outra igreja\u00a0 em ru\u00ednas nos arredores\u00a0 da cidade de Assis.\u00a0 Transferindo-se para um lugar conhecido como Porci\u00fancula, p\u00f4s-se a reconstruir uma igreja da bem-aventurada Virgem M\u00e3e, em ru\u00ednas ou quase inteiramente destru\u00edda. N\u00e3o descansou antes que tal prop\u00f3sito\u00a0 fosse \u00a0realizado.\u00a0 Era o terceiro ano depois de sua convers\u00e3o. Por esse tempo ele usava um h\u00e1bito de eremita, com um cinto, levando um bast\u00e3o \u00e0 m\u00e3o e com cal\u00e7ados nos p\u00e9s. Certo dia, no entanto, quando se lia nesta igreja o evangelho\u00a0 que fala do modo como o Senhor havia enviado seus disc\u00edpulos a pregar, escutando e compreendendo que os disc\u00edpulos de Cristo n\u00e3o podiam possuir\u00a0 nem ouro, nem prata, nem moedas, nem deviam levar\u00a0 bolsa ou alforje, nem p\u00e3o, nem bast\u00e3o, nem ter cal\u00e7ados, nem duas t\u00fanicas, mas pregar o Reino de Deus e a penit\u00eancia, o bem-aventurado Francisco, cheio da gra\u00e7a do Esp\u00edrito \u00a0Santo, disse:\u00a0 \u201c\u00c9 isso que eu quero, isso que desejo realizar com todas as minhas entranhas\u201d. Desamarrou imediatamente as sand\u00e1lias dos p\u00e9s, p\u00f4s de lado o bast\u00e3o e contentou-se com uma \u00fanica t\u00fanica bastante vil, substituindo a correia por um cord\u00e3o. Tudo o mais que ele havia ouvido a respeito da perfei\u00e7\u00e3o evang\u00e9lica, procurou, enquanto viveu\u00a0 observar \u00e0 letra\u00a0 com a mais elevada dilig\u00eancia.<\/p>\n<h3>\u00a0Nona leitura<\/h3>\n<p>Em seguida, cheio de grande fervor de esp\u00edrito, p\u00f4s-se a pregar a penit\u00eancia, atrav\u00e9s de palavras simples certamente, mas com um cora\u00e7\u00e3o magn\u00edfico. Cada vez que ele propunha a Palavra de Deus \u00e0s pessoas que se reuniam, como o Senhor lhe havia revelado, antes de tudo anunciava a paz:\u00a0 \u201cQue o\u00a0 Senhor vos d\u00ea a paz!\u201d. Anunciava esta paz aos homens e \u00e0s mulheres, e fazia a todos que encontrava. Gra\u00e7as a isto, muitos que haviam odiado a paz e a salva\u00e7\u00e3o,\u00a0 com a ajuda do Senhor, \u00a0abra\u00e7aram a paz de todo o cora\u00e7\u00e3o, fazendo-se eles tamb\u00e9m filhos da paz e disc\u00edpulos da salva\u00e7\u00e3o eterna. Entre eles, Frei Bernardo, da cidade de Assis, correu por primeiro no seguimento do santo de Deus.\u00a0 Vendendo todos os seus bens e distribuindo o produto aos pobres, realizou o conselho do santo Evangelho buscando uma vida perfeita: \u201cSe queres ser perfeito, vai, vende tudo o que tens, d\u00e1-o aos pobres e ter\u00e1s um tesouro nos c\u00e9us; vem e segue-me\u201d. Seis outros homens, imitando esse modelo associaram-se pela vida e pelo h\u00e1bito ao bem-aventurado Francisco. O feliz pai, com toda vigil\u00e2ncia e solicitude, ensinava-lhes cada dia a compreenderem o essencial da vida e lhes formava no sentido de seguirem com passo firme a santa pobreza\u00a0 e a bem-aventurada\u00a0 simplicidade.<\/p>\n<p>Como ele ardesse de suprema devo\u00e7\u00e3o no amor de Deus e desejasse com todo o seu esp\u00edrito o progresso de seus filhos, um dia\u00a0 dirigiu-se a um lugar de ora\u00e7\u00e3o, como fazia costumeiramente. Como permanecesse muito tempo possu\u00eddo pelo sopro da\u00a0 compun\u00e7\u00e3o sagrada e pensava, com amargura na alma no mal que havia feito, uma do\u00e7ura indiz\u00edvel e uma alegria que at\u00e9 ent\u00e3o\u00a0 ele nunca ele tinha experimentado\u00a0 irrigaram toda a secura de seu cora\u00e7\u00e3o, aquecendo a friagem e iluminando a obscuridade.\u00a0 Desprendendo-se de si mesmo foi arrebatado\u00a0 acima de si e totalmente envolto numa luz.\u00a0 Depois de ter recebido, sem sombra de d\u00favida, a remiss\u00e3o de seus pecados, perscrutando o seu esp\u00edrito, nitidamente viu o que ia se produzir.\u00a0 A respeito do que vivenciou \u00a0relatou alguns pontos indispens\u00e1veis aos seus irm\u00e3os, dizendo:\u00a0 \u201cComo agora me foi mostrado pelo Senhor, irm\u00e3os e filhos, Deus nos far\u00e1 crescer em\u00a0 imensa \u00a0multid\u00e3o e nos dilatar\u00e1 em grande n\u00famero at\u00e9 os confins da terra.\u00a0 Vi uma multid\u00e3o de homens vindo a n\u00f3s, \u00a0vivendo conosco\u00a0 sob\u00a0 o manto de santo comportamento, percorrendo conosco o mesmo caminho que come\u00e7amos a empreender.\u00a0 Vi uma grand\u00edssima multid\u00e3o de quase todas as na\u00e7\u00f5es confluir nessas regi\u00f5es e o som ainda est\u00e1 em meus ouvidos. Chegam os franceses, apressam-se\u00a0 os alem\u00e3es, acorrem os ingleses e\u00a0 de diversas outras l\u00ednguas se sucedem as na\u00e7\u00f5es\u201d. Quando os irm\u00e3os ouviram isto, ficaram cheios de alegria salutar, tanto pela gra\u00e7a que o Senhor Deus havia concedido ao seu santo quanto pela sede ardente de ganhar os pr\u00f3ximos, que desejavam que fossem numerosos,\u00a0 todos os que pudessem participar da mesma salva\u00e7\u00e3o.<\/p>\n<p><strong>Tradu\u00e7\u00e3o: Frei Almir Guimar\u00e3es<\/strong><\/p>\n<p>&nbsp;<\/p>\n<p>&nbsp;<\/p>\n","protected":false},"excerpt":{"rendered":"<p>Franciscanamente<\/p>\n","protected":false},"author":1,"featured_media":174722,"comment_status":"open","ping_status":"open","sticky":false,"template":"","format":"standard","meta":[],"categories":[11],"tags":[],"yoast_head":"<!-- This site is optimized with the Yoast SEO plugin v19.2 - https:\/\/yoast.com\/wordpress\/plugins\/seo\/ -->\n<title>Vida reencontrada de Francisco de Assis - parte final - Carisma - Franciscanos<\/title>\n<meta name=\"robots\" content=\"index, follow, max-snippet:-1, max-image-preview:large, max-video-preview:-1\" \/>\n<link rel=\"canonical\" href=\"https:\/\/franciscanos.org.br\/carisma\/vida-reencontrada-de-francisco-de-assis-ii.html\" \/>\n<meta property=\"og:locale\" content=\"pt_BR\" \/>\n<meta property=\"og:type\" content=\"article\" \/>\n<meta property=\"og:title\" content=\"Vida reencontrada de Francisco de Assis - parte final - Carisma - Franciscanos\" \/>\n<meta property=\"og:description\" content=\"Franciscanamente\" \/>\n<meta property=\"og:url\" content=\"https:\/\/franciscanos.org.br\/carisma\/vida-reencontrada-de-francisco-de-assis-ii.html\" \/>\n<meta property=\"og:site_name\" content=\"Carisma - Franciscanos\" \/>\n<meta property=\"article:published_time\" content=\"2017-07-25T10:22:33+00:00\" \/>\n<meta property=\"article:modified_time\" content=\"2018-11-08T15:58:39+00:00\" \/>\n<meta property=\"og:image\" content=\"https:\/\/franciscanos.org.br\/carisma\/wp-content\/uploads\/2018\/10\/porciuncula_250717.jpg\" \/>\n\t<meta property=\"og:image:width\" content=\"830\" \/>\n\t<meta property=\"og:image:height\" content=\"470\" \/>\n\t<meta property=\"og:image:type\" content=\"image\/jpeg\" \/>\n<meta name=\"author\" content=\"admin\" \/>\n<meta name=\"twitter:card\" content=\"summary_large_image\" \/>\n<meta name=\"twitter:label1\" content=\"Escrito por\" \/>\n\t<meta name=\"twitter:data1\" content=\"admin\" \/>\n\t<meta name=\"twitter:label2\" content=\"Est. tempo de leitura\" \/>\n\t<meta name=\"twitter:data2\" content=\"7 minutos\" \/>\n<script type=\"application\/ld+json\" class=\"yoast-schema-graph\">{\"@context\":\"https:\/\/schema.org\",\"@graph\":[{\"@type\":\"WebSite\",\"@id\":\"https:\/\/franciscanos.org.br\/carisma\/#website\",\"url\":\"https:\/\/franciscanos.org.br\/carisma\/\",\"name\":\"Carisma - Franciscanos\",\"description\":\"Prov\u00edncia Franciscana da Imaculada Concei\u00e7\u00e3o do Brasil - Ordem dos Frades Menores\",\"potentialAction\":[{\"@type\":\"SearchAction\",\"target\":{\"@type\":\"EntryPoint\",\"urlTemplate\":\"https:\/\/franciscanos.org.br\/carisma\/?s={search_term_string}\"},\"query-input\":\"required name=search_term_string\"}],\"inLanguage\":\"pt-BR\"},{\"@type\":\"ImageObject\",\"inLanguage\":\"pt-BR\",\"@id\":\"https:\/\/franciscanos.org.br\/carisma\/vida-reencontrada-de-francisco-de-assis-ii.html#primaryimage\",\"url\":\"https:\/\/franciscanos.org.br\/carisma\/wp-content\/uploads\/2018\/10\/porciuncula_250717.jpg\",\"contentUrl\":\"https:\/\/franciscanos.org.br\/carisma\/wp-content\/uploads\/2018\/10\/porciuncula_250717.jpg\",\"width\":830,\"height\":470},{\"@type\":\"WebPage\",\"@id\":\"https:\/\/franciscanos.org.br\/carisma\/vida-reencontrada-de-francisco-de-assis-ii.html#webpage\",\"url\":\"https:\/\/franciscanos.org.br\/carisma\/vida-reencontrada-de-francisco-de-assis-ii.html\",\"name\":\"Vida reencontrada de Francisco de Assis - parte final - Carisma - Franciscanos\",\"isPartOf\":{\"@id\":\"https:\/\/franciscanos.org.br\/carisma\/#website\"},\"primaryImageOfPage\":{\"@id\":\"https:\/\/franciscanos.org.br\/carisma\/vida-reencontrada-de-francisco-de-assis-ii.html#primaryimage\"},\"datePublished\":\"2017-07-25T10:22:33+00:00\",\"dateModified\":\"2018-11-08T15:58:39+00:00\",\"author\":{\"@id\":\"https:\/\/franciscanos.org.br\/carisma\/#\/schema\/person\/e352342a457f086dc6152f9c73a3d093\"},\"breadcrumb\":{\"@id\":\"https:\/\/franciscanos.org.br\/carisma\/vida-reencontrada-de-francisco-de-assis-ii.html#breadcrumb\"},\"inLanguage\":\"pt-BR\",\"potentialAction\":[{\"@type\":\"ReadAction\",\"target\":[\"https:\/\/franciscanos.org.br\/carisma\/vida-reencontrada-de-francisco-de-assis-ii.html\"]}]},{\"@type\":\"BreadcrumbList\",\"@id\":\"https:\/\/franciscanos.org.br\/carisma\/vida-reencontrada-de-francisco-de-assis-ii.html#breadcrumb\",\"itemListElement\":[{\"@type\":\"ListItem\",\"position\":1,\"name\":\"Home\",\"item\":\"https:\/\/franciscanos.org.br\/carisma\"},{\"@type\":\"ListItem\",\"position\":2,\"name\":\"Vida reencontrada de Francisco de Assis &#8211; parte final\"}]},{\"@type\":\"Person\",\"@id\":\"https:\/\/franciscanos.org.br\/carisma\/#\/schema\/person\/e352342a457f086dc6152f9c73a3d093\",\"name\":\"admin\",\"image\":{\"@type\":\"ImageObject\",\"inLanguage\":\"pt-BR\",\"@id\":\"https:\/\/franciscanos.org.br\/carisma\/#\/schema\/person\/image\/\",\"url\":\"https:\/\/secure.gravatar.com\/avatar\/e8495742d34d0ba6448ea1c628263b3e?s=96&d=mm&r=g\",\"contentUrl\":\"https:\/\/secure.gravatar.com\/avatar\/e8495742d34d0ba6448ea1c628263b3e?s=96&d=mm&r=g\",\"caption\":\"admin\"},\"url\":\"https:\/\/franciscanos.org.br\/carisma\/author\/admin\"}]}<\/script>\n<!-- \/ Yoast SEO plugin. -->","yoast_head_json":{"title":"Vida reencontrada de Francisco de Assis - parte final - Carisma - Franciscanos","robots":{"index":"index","follow":"follow","max-snippet":"max-snippet:-1","max-image-preview":"max-image-preview:large","max-video-preview":"max-video-preview:-1"},"canonical":"https:\/\/franciscanos.org.br\/carisma\/vida-reencontrada-de-francisco-de-assis-ii.html","og_locale":"pt_BR","og_type":"article","og_title":"Vida reencontrada de Francisco de Assis - parte final - Carisma - Franciscanos","og_description":"Franciscanamente","og_url":"https:\/\/franciscanos.org.br\/carisma\/vida-reencontrada-de-francisco-de-assis-ii.html","og_site_name":"Carisma - Franciscanos","article_published_time":"2017-07-25T10:22:33+00:00","article_modified_time":"2018-11-08T15:58:39+00:00","og_image":[{"width":830,"height":470,"url":"https:\/\/franciscanos.org.br\/carisma\/wp-content\/uploads\/2018\/10\/porciuncula_250717.jpg","type":"image\/jpeg"}],"author":"admin","twitter_card":"summary_large_image","twitter_misc":{"Escrito por":"admin","Est. tempo de leitura":"7 minutos"},"schema":{"@context":"https:\/\/schema.org","@graph":[{"@type":"WebSite","@id":"https:\/\/franciscanos.org.br\/carisma\/#website","url":"https:\/\/franciscanos.org.br\/carisma\/","name":"Carisma - Franciscanos","description":"Prov\u00edncia Franciscana da Imaculada Concei\u00e7\u00e3o do Brasil - Ordem dos Frades Menores","potentialAction":[{"@type":"SearchAction","target":{"@type":"EntryPoint","urlTemplate":"https:\/\/franciscanos.org.br\/carisma\/?s={search_term_string}"},"query-input":"required name=search_term_string"}],"inLanguage":"pt-BR"},{"@type":"ImageObject","inLanguage":"pt-BR","@id":"https:\/\/franciscanos.org.br\/carisma\/vida-reencontrada-de-francisco-de-assis-ii.html#primaryimage","url":"https:\/\/franciscanos.org.br\/carisma\/wp-content\/uploads\/2018\/10\/porciuncula_250717.jpg","contentUrl":"https:\/\/franciscanos.org.br\/carisma\/wp-content\/uploads\/2018\/10\/porciuncula_250717.jpg","width":830,"height":470},{"@type":"WebPage","@id":"https:\/\/franciscanos.org.br\/carisma\/vida-reencontrada-de-francisco-de-assis-ii.html#webpage","url":"https:\/\/franciscanos.org.br\/carisma\/vida-reencontrada-de-francisco-de-assis-ii.html","name":"Vida reencontrada de Francisco de Assis - parte final - Carisma - Franciscanos","isPartOf":{"@id":"https:\/\/franciscanos.org.br\/carisma\/#website"},"primaryImageOfPage":{"@id":"https:\/\/franciscanos.org.br\/carisma\/vida-reencontrada-de-francisco-de-assis-ii.html#primaryimage"},"datePublished":"2017-07-25T10:22:33+00:00","dateModified":"2018-11-08T15:58:39+00:00","author":{"@id":"https:\/\/franciscanos.org.br\/carisma\/#\/schema\/person\/e352342a457f086dc6152f9c73a3d093"},"breadcrumb":{"@id":"https:\/\/franciscanos.org.br\/carisma\/vida-reencontrada-de-francisco-de-assis-ii.html#breadcrumb"},"inLanguage":"pt-BR","potentialAction":[{"@type":"ReadAction","target":["https:\/\/franciscanos.org.br\/carisma\/vida-reencontrada-de-francisco-de-assis-ii.html"]}]},{"@type":"BreadcrumbList","@id":"https:\/\/franciscanos.org.br\/carisma\/vida-reencontrada-de-francisco-de-assis-ii.html#breadcrumb","itemListElement":[{"@type":"ListItem","position":1,"name":"Home","item":"https:\/\/franciscanos.org.br\/carisma"},{"@type":"ListItem","position":2,"name":"Vida reencontrada de Francisco de Assis &#8211; parte final"}]},{"@type":"Person","@id":"https:\/\/franciscanos.org.br\/carisma\/#\/schema\/person\/e352342a457f086dc6152f9c73a3d093","name":"admin","image":{"@type":"ImageObject","inLanguage":"pt-BR","@id":"https:\/\/franciscanos.org.br\/carisma\/#\/schema\/person\/image\/","url":"https:\/\/secure.gravatar.com\/avatar\/e8495742d34d0ba6448ea1c628263b3e?s=96&d=mm&r=g","contentUrl":"https:\/\/secure.gravatar.com\/avatar\/e8495742d34d0ba6448ea1c628263b3e?s=96&d=mm&r=g","caption":"admin"},"url":"https:\/\/franciscanos.org.br\/carisma\/author\/admin"}]}},"_links":{"self":[{"href":"https:\/\/franciscanos.org.br\/carisma\/wp-json\/wp\/v2\/posts\/138094"}],"collection":[{"href":"https:\/\/franciscanos.org.br\/carisma\/wp-json\/wp\/v2\/posts"}],"about":[{"href":"https:\/\/franciscanos.org.br\/carisma\/wp-json\/wp\/v2\/types\/post"}],"author":[{"embeddable":true,"href":"https:\/\/franciscanos.org.br\/carisma\/wp-json\/wp\/v2\/users\/1"}],"replies":[{"embeddable":true,"href":"https:\/\/franciscanos.org.br\/carisma\/wp-json\/wp\/v2\/comments?post=138094"}],"version-history":[{"count":0,"href":"https:\/\/franciscanos.org.br\/carisma\/wp-json\/wp\/v2\/posts\/138094\/revisions"}],"wp:featuredmedia":[{"embeddable":true,"href":"https:\/\/franciscanos.org.br\/carisma\/wp-json\/wp\/v2\/media\/174722"}],"wp:attachment":[{"href":"https:\/\/franciscanos.org.br\/carisma\/wp-json\/wp\/v2\/media?parent=138094"}],"wp:term":[{"taxonomy":"category","embeddable":true,"href":"https:\/\/franciscanos.org.br\/carisma\/wp-json\/wp\/v2\/categories?post=138094"},{"taxonomy":"post_tag","embeddable":true,"href":"https:\/\/franciscanos.org.br\/carisma\/wp-json\/wp\/v2\/tags?post=138094"}],"curies":[{"name":"wp","href":"https:\/\/api.w.org\/{rel}","templated":true}]}}