{"id":133076,"date":"2017-05-10T08:36:28","date_gmt":"2017-05-10T11:36:28","guid":{"rendered":"http:\/\/franciscanos.org.br\/?p=133076"},"modified":"2017-05-10T08:36:28","modified_gmt":"2017-05-10T11:36:28","slug":"impregnacao-de-valores-evangelico-franciscanos","status":"publish","type":"post","link":"https:\/\/franciscanos.org.br\/carisma\/impregnacao-de-valores-evangelico-franciscanos.html","title":{"rendered":"Impregna\u00e7\u00e3o de valores evang\u00e9lico-franciscanos"},"content":{"rendered":"<p><img loading=\"lazy\" src=\"http:\/\/franciscanos.org.br\/wp-content\/uploads\/2017\/05\/franciscanamenteG_100517.jpg\" alt=\"franciscanamenteG_100517\" width=\"830\" height=\"430\" \/><\/p>\n<p><strong>Forma\u00e7\u00e3o Franciscana<\/strong><\/p>\n<blockquote><p>A forma\u00e7\u00e3o do car\u00e1ter, a explora\u00e7\u00e3o de todas as riquezas que o Senhor colocou dentro de n\u00f3s \u00e9 tarefa que nunca acaba. Precisa ser retomada ao longo das esta\u00e7\u00f5es da vida. H\u00e1 a forma\u00e7\u00e3o do disc\u00edpulo mission\u00e1rio, do crist\u00e3o, do franciscano. Ensinar, formar, no dizer de Montaigne, n\u00e3o \u00e9 encher vasos, mas acender chamas.<\/p><\/blockquote>\n<p><strong>Frei Almir Ribeiro Guimar\u00e3es, OFM<\/strong><\/p>\n<p>A educa\u00e7\u00e3o\/forma\u00e7\u00e3o permanente leva a pessoa a se confrontar com sua verdade pessoal, detectar entraves e curar feridas do passado. Mostra caminhos que o levam a plena realiza\u00e7\u00e3o como pessoa, dona de sua hist\u00f3ria, buscadora do Transcendente, disc\u00edpula do Ressuscitado e seguidora do jeito franciscano de tudo viver. Comporta ensino, partilha e ora\u00e7\u00e3o.<\/p>\n<p>Lembramos, \u00e0 guisa de ilustra\u00e7\u00e3o, orienta\u00e7\u00f5es para a forma\u00e7\u00e3o do disc\u00edpulo mission\u00e1rio, segundo o Documento de Aparecida ( cf. nn. 276-278): encontro pessoal com Jesus; quem ouve o Senhor entra num processo de convers\u00e3o; uma catequese permanente faz com que o disc\u00edpulo persevere na vida crist\u00e3; ingresso numa universo de comunh\u00e3o fraterna; necessidade de experimentar a urg\u00eancia do ir pelo mundo, da miss\u00e3o.<\/p>\n<p>Trata-se de buscar a sua identidade pessoal e franciscana. Trata-se \u201cpersonaliza\u00e7\u00e3o\u201d. Trata-se de forjar convic\u00e7\u00f5es a partir do interior de cada um. Na forma\u00e7\u00e3o n\u00e3o se poder\u00e1 fazer economia de processos de interioriza\u00e7\u00e3o que permitam as pessoas de entrarem em sua pessoa e extra\u00edrem dali a fonte de seu ser. Esse processo formativo exige habilidade no manejo de algumas ferramentas b\u00e1sicas imprescind\u00edveis: conhecimento e dom\u00ednio no administrar os pr\u00f3prios sentimentos, certo grau de contempla\u00e7\u00e3o, capacidade de conviver consigo mesmo, cultivo da dimens\u00e3o do sil\u00eancio. A funda\u00e7\u00e3o da pessoa \u00e9 feita de pequenos e maiores compromissos. O primeiro e fundamental dos compromissos \u00e9 ser crist\u00e3o.<\/p>\n<p>Crist\u00e3os e franciscanos, em sua forma\u00e7\u00e3o inicial e permanente, s\u00e3o convidados a fazer tr\u00eas s\u00e9rias e grandes experi\u00eancias: descobrir o rosto de Deus e fazer disso realmente uma experi\u00eancia inolvid\u00e1vel; viver, de fato, experi\u00eancias de fraternidade; aprender a lavar as chagas dos leprosos.<\/p>\n<p>A forma\u00e7\u00e3o franciscana vai na linha da impregna\u00e7\u00e3o dos valores que marcaram Francisco e seus primeiros disc\u00edpulos:<\/p>\n<p>&#8211; Fascina\u00e7\u00e3o diante do Alt\u00edssimo e Bom Senhor;<br \/>\n&#8211; Reescrever em sua vida o evangelho do Cristo pobre e peregrino;<br \/>\n&#8211; Postura geral de simplicidade em tudo e por tudo, recusa de todo tipo de sofistica\u00e7\u00e3o;<br \/>\n&#8211; Prop\u00f3sito de levar uma vida marcada pelo despojamento e simplicidade;<br \/>\n&#8211; Agu\u00e7ada sensibilidade para com o fraterno: amar o irm\u00e3o com amor maternal;<br \/>\n&#8211; Trabalhar e agir com galhardia, mas sem perder o esp\u00edrito da santa ora\u00e7\u00e3o;<br \/>\n&#8211; N\u00e3o querer sobrepor-se aos outros;<br \/>\n&#8211; Ir decididamente pelo mundo, ao mesmo tempo com saudade do eremo;<br \/>\n&#8211; Exercitar-se na pr\u00e1xis na desapropria\u00e7\u00e3o;Saber extasiar-se diante de coisas simples: o desabrochar de uma flor, o sorriso de uma crian\u00e7a e um peda\u00e7o de p\u00e3o;<br \/>\n&#8211; Saber levar as coisas ao fundo do cora\u00e7\u00e3o, como fazia Maria, a M\u00e3e do Senhor;<br \/>\n&#8211; Sentir-se convocado a restaurar a Igreja.<\/p>\n<p><strong>Viver o Evangelho em comunh\u00e3o fraterna:<\/strong> \u201cA voca\u00e7\u00e3o franciscana \u00e9 um chamamento para se viver o Evangelho na Fraternidade e no mundo (&#8230;). A fraternidade evang\u00e9lica encontra seu fundamento em Cristo, primog\u00eanito de muitos irm\u00e3os, que faz de todos os homens uma verdadeira Fraternidade. A vida fraterna se edifica na medida em que faz <em>k\u00e9nosis<\/em>, da Encarna\u00e7\u00e3o e da P\u00e1scoa, seguindo as pegadas do Cristo Servo. Na verdade, \u201co Filho do Homem n\u00e3o veio para ser servido, mas para servir e dar a vida em resgate de muitos\u201d (Mt 20,28). A partir do momento em que Cristo deu a vida pelos outros, o servi\u00e7o passou a ser marcado pela ren\u00fancia, humildade, sacrif\u00edcio. O servi\u00e7o se situa na perspectiva da solidariedade, na dor, n\u00e3o na \u00f3tica da recompensa e do reconhecimento\u201d<\/p>\n<p><em><strong>&#8220;Manual para Assist\u00eancia \u00e0 Ordem Franciscana Secular (OFS) e Juventude Franciscana, OFS Secular do Brasil&#8221;<\/strong>, Rio de Janeiro, p. 89-90<\/em>.<\/p>\n","protected":false},"excerpt":{"rendered":"<p>Franciscanamente<\/p>\n","protected":false},"author":1,"featured_media":174719,"comment_status":"open","ping_status":"open","sticky":false,"template":"","format":"standard","meta":[],"categories":[11],"tags":[],"yoast_head":"<!-- This site is optimized with the Yoast SEO plugin v19.2 - https:\/\/yoast.com\/wordpress\/plugins\/seo\/ -->\n<title>Impregna\u00e7\u00e3o de valores evang\u00e9lico-franciscanos - Carisma - Franciscanos<\/title>\n<meta name=\"robots\" content=\"index, follow, max-snippet:-1, max-image-preview:large, max-video-preview:-1\" \/>\n<link rel=\"canonical\" href=\"https:\/\/franciscanos.org.br\/carisma\/impregnacao-de-valores-evangelico-franciscanos.html\" \/>\n<meta property=\"og:locale\" content=\"pt_BR\" \/>\n<meta property=\"og:type\" content=\"article\" \/>\n<meta property=\"og:title\" content=\"Impregna\u00e7\u00e3o de valores evang\u00e9lico-franciscanos - Carisma - Franciscanos\" \/>\n<meta property=\"og:description\" content=\"Franciscanamente\" \/>\n<meta property=\"og:url\" content=\"https:\/\/franciscanos.org.br\/carisma\/impregnacao-de-valores-evangelico-franciscanos.html\" \/>\n<meta property=\"og:site_name\" content=\"Carisma - Franciscanos\" \/>\n<meta property=\"article:published_time\" content=\"2017-05-10T11:36:28+00:00\" \/>\n<meta property=\"og:image\" content=\"https:\/\/franciscanos.org.br\/carisma\/wp-content\/uploads\/2018\/10\/franciscanamenteG_100517.jpg\" \/>\n\t<meta property=\"og:image:width\" content=\"830\" \/>\n\t<meta property=\"og:image:height\" content=\"430\" \/>\n\t<meta property=\"og:image:type\" content=\"image\/jpeg\" \/>\n<meta name=\"author\" content=\"admin\" \/>\n<meta name=\"twitter:card\" content=\"summary_large_image\" \/>\n<meta name=\"twitter:label1\" content=\"Escrito por\" \/>\n\t<meta name=\"twitter:data1\" content=\"admin\" \/>\n\t<meta name=\"twitter:label2\" content=\"Est. tempo de leitura\" \/>\n\t<meta name=\"twitter:data2\" content=\"4 minutos\" \/>\n<script type=\"application\/ld+json\" class=\"yoast-schema-graph\">{\"@context\":\"https:\/\/schema.org\",\"@graph\":[{\"@type\":\"WebSite\",\"@id\":\"https:\/\/franciscanos.org.br\/carisma\/#website\",\"url\":\"https:\/\/franciscanos.org.br\/carisma\/\",\"name\":\"Carisma - Franciscanos\",\"description\":\"Prov\u00edncia Franciscana da Imaculada Concei\u00e7\u00e3o do Brasil - Ordem dos Frades Menores\",\"potentialAction\":[{\"@type\":\"SearchAction\",\"target\":{\"@type\":\"EntryPoint\",\"urlTemplate\":\"https:\/\/franciscanos.org.br\/carisma\/?s={search_term_string}\"},\"query-input\":\"required name=search_term_string\"}],\"inLanguage\":\"pt-BR\"},{\"@type\":\"ImageObject\",\"inLanguage\":\"pt-BR\",\"@id\":\"https:\/\/franciscanos.org.br\/carisma\/impregnacao-de-valores-evangelico-franciscanos.html#primaryimage\",\"url\":\"https:\/\/franciscanos.org.br\/carisma\/wp-content\/uploads\/2018\/10\/franciscanamenteG_100517.jpg\",\"contentUrl\":\"https:\/\/franciscanos.org.br\/carisma\/wp-content\/uploads\/2018\/10\/franciscanamenteG_100517.jpg\",\"width\":830,\"height\":430},{\"@type\":\"WebPage\",\"@id\":\"https:\/\/franciscanos.org.br\/carisma\/impregnacao-de-valores-evangelico-franciscanos.html#webpage\",\"url\":\"https:\/\/franciscanos.org.br\/carisma\/impregnacao-de-valores-evangelico-franciscanos.html\",\"name\":\"Impregna\u00e7\u00e3o de valores evang\u00e9lico-franciscanos - Carisma - Franciscanos\",\"isPartOf\":{\"@id\":\"https:\/\/franciscanos.org.br\/carisma\/#website\"},\"primaryImageOfPage\":{\"@id\":\"https:\/\/franciscanos.org.br\/carisma\/impregnacao-de-valores-evangelico-franciscanos.html#primaryimage\"},\"datePublished\":\"2017-05-10T11:36:28+00:00\",\"dateModified\":\"2017-05-10T11:36:28+00:00\",\"author\":{\"@id\":\"https:\/\/franciscanos.org.br\/carisma\/#\/schema\/person\/e352342a457f086dc6152f9c73a3d093\"},\"breadcrumb\":{\"@id\":\"https:\/\/franciscanos.org.br\/carisma\/impregnacao-de-valores-evangelico-franciscanos.html#breadcrumb\"},\"inLanguage\":\"pt-BR\",\"potentialAction\":[{\"@type\":\"ReadAction\",\"target\":[\"https:\/\/franciscanos.org.br\/carisma\/impregnacao-de-valores-evangelico-franciscanos.html\"]}]},{\"@type\":\"BreadcrumbList\",\"@id\":\"https:\/\/franciscanos.org.br\/carisma\/impregnacao-de-valores-evangelico-franciscanos.html#breadcrumb\",\"itemListElement\":[{\"@type\":\"ListItem\",\"position\":1,\"name\":\"Home\",\"item\":\"https:\/\/franciscanos.org.br\/carisma\"},{\"@type\":\"ListItem\",\"position\":2,\"name\":\"Impregna\u00e7\u00e3o de valores evang\u00e9lico-franciscanos\"}]},{\"@type\":\"Person\",\"@id\":\"https:\/\/franciscanos.org.br\/carisma\/#\/schema\/person\/e352342a457f086dc6152f9c73a3d093\",\"name\":\"admin\",\"image\":{\"@type\":\"ImageObject\",\"inLanguage\":\"pt-BR\",\"@id\":\"https:\/\/franciscanos.org.br\/carisma\/#\/schema\/person\/image\/\",\"url\":\"https:\/\/secure.gravatar.com\/avatar\/e8495742d34d0ba6448ea1c628263b3e?s=96&d=mm&r=g\",\"contentUrl\":\"https:\/\/secure.gravatar.com\/avatar\/e8495742d34d0ba6448ea1c628263b3e?s=96&d=mm&r=g\",\"caption\":\"admin\"},\"url\":\"https:\/\/franciscanos.org.br\/carisma\/author\/admin\"}]}<\/script>\n<!-- \/ Yoast SEO plugin. -->","yoast_head_json":{"title":"Impregna\u00e7\u00e3o de valores evang\u00e9lico-franciscanos - Carisma - Franciscanos","robots":{"index":"index","follow":"follow","max-snippet":"max-snippet:-1","max-image-preview":"max-image-preview:large","max-video-preview":"max-video-preview:-1"},"canonical":"https:\/\/franciscanos.org.br\/carisma\/impregnacao-de-valores-evangelico-franciscanos.html","og_locale":"pt_BR","og_type":"article","og_title":"Impregna\u00e7\u00e3o de valores evang\u00e9lico-franciscanos - Carisma - Franciscanos","og_description":"Franciscanamente","og_url":"https:\/\/franciscanos.org.br\/carisma\/impregnacao-de-valores-evangelico-franciscanos.html","og_site_name":"Carisma - Franciscanos","article_published_time":"2017-05-10T11:36:28+00:00","og_image":[{"width":830,"height":430,"url":"https:\/\/franciscanos.org.br\/carisma\/wp-content\/uploads\/2018\/10\/franciscanamenteG_100517.jpg","type":"image\/jpeg"}],"author":"admin","twitter_card":"summary_large_image","twitter_misc":{"Escrito por":"admin","Est. tempo de leitura":"4 minutos"},"schema":{"@context":"https:\/\/schema.org","@graph":[{"@type":"WebSite","@id":"https:\/\/franciscanos.org.br\/carisma\/#website","url":"https:\/\/franciscanos.org.br\/carisma\/","name":"Carisma - Franciscanos","description":"Prov\u00edncia Franciscana da Imaculada Concei\u00e7\u00e3o do Brasil - Ordem dos Frades Menores","potentialAction":[{"@type":"SearchAction","target":{"@type":"EntryPoint","urlTemplate":"https:\/\/franciscanos.org.br\/carisma\/?s={search_term_string}"},"query-input":"required name=search_term_string"}],"inLanguage":"pt-BR"},{"@type":"ImageObject","inLanguage":"pt-BR","@id":"https:\/\/franciscanos.org.br\/carisma\/impregnacao-de-valores-evangelico-franciscanos.html#primaryimage","url":"https:\/\/franciscanos.org.br\/carisma\/wp-content\/uploads\/2018\/10\/franciscanamenteG_100517.jpg","contentUrl":"https:\/\/franciscanos.org.br\/carisma\/wp-content\/uploads\/2018\/10\/franciscanamenteG_100517.jpg","width":830,"height":430},{"@type":"WebPage","@id":"https:\/\/franciscanos.org.br\/carisma\/impregnacao-de-valores-evangelico-franciscanos.html#webpage","url":"https:\/\/franciscanos.org.br\/carisma\/impregnacao-de-valores-evangelico-franciscanos.html","name":"Impregna\u00e7\u00e3o de valores evang\u00e9lico-franciscanos - Carisma - Franciscanos","isPartOf":{"@id":"https:\/\/franciscanos.org.br\/carisma\/#website"},"primaryImageOfPage":{"@id":"https:\/\/franciscanos.org.br\/carisma\/impregnacao-de-valores-evangelico-franciscanos.html#primaryimage"},"datePublished":"2017-05-10T11:36:28+00:00","dateModified":"2017-05-10T11:36:28+00:00","author":{"@id":"https:\/\/franciscanos.org.br\/carisma\/#\/schema\/person\/e352342a457f086dc6152f9c73a3d093"},"breadcrumb":{"@id":"https:\/\/franciscanos.org.br\/carisma\/impregnacao-de-valores-evangelico-franciscanos.html#breadcrumb"},"inLanguage":"pt-BR","potentialAction":[{"@type":"ReadAction","target":["https:\/\/franciscanos.org.br\/carisma\/impregnacao-de-valores-evangelico-franciscanos.html"]}]},{"@type":"BreadcrumbList","@id":"https:\/\/franciscanos.org.br\/carisma\/impregnacao-de-valores-evangelico-franciscanos.html#breadcrumb","itemListElement":[{"@type":"ListItem","position":1,"name":"Home","item":"https:\/\/franciscanos.org.br\/carisma"},{"@type":"ListItem","position":2,"name":"Impregna\u00e7\u00e3o de valores evang\u00e9lico-franciscanos"}]},{"@type":"Person","@id":"https:\/\/franciscanos.org.br\/carisma\/#\/schema\/person\/e352342a457f086dc6152f9c73a3d093","name":"admin","image":{"@type":"ImageObject","inLanguage":"pt-BR","@id":"https:\/\/franciscanos.org.br\/carisma\/#\/schema\/person\/image\/","url":"https:\/\/secure.gravatar.com\/avatar\/e8495742d34d0ba6448ea1c628263b3e?s=96&d=mm&r=g","contentUrl":"https:\/\/secure.gravatar.com\/avatar\/e8495742d34d0ba6448ea1c628263b3e?s=96&d=mm&r=g","caption":"admin"},"url":"https:\/\/franciscanos.org.br\/carisma\/author\/admin"}]}},"_links":{"self":[{"href":"https:\/\/franciscanos.org.br\/carisma\/wp-json\/wp\/v2\/posts\/133076"}],"collection":[{"href":"https:\/\/franciscanos.org.br\/carisma\/wp-json\/wp\/v2\/posts"}],"about":[{"href":"https:\/\/franciscanos.org.br\/carisma\/wp-json\/wp\/v2\/types\/post"}],"author":[{"embeddable":true,"href":"https:\/\/franciscanos.org.br\/carisma\/wp-json\/wp\/v2\/users\/1"}],"replies":[{"embeddable":true,"href":"https:\/\/franciscanos.org.br\/carisma\/wp-json\/wp\/v2\/comments?post=133076"}],"version-history":[{"count":0,"href":"https:\/\/franciscanos.org.br\/carisma\/wp-json\/wp\/v2\/posts\/133076\/revisions"}],"wp:featuredmedia":[{"embeddable":true,"href":"https:\/\/franciscanos.org.br\/carisma\/wp-json\/wp\/v2\/media\/174719"}],"wp:attachment":[{"href":"https:\/\/franciscanos.org.br\/carisma\/wp-json\/wp\/v2\/media?parent=133076"}],"wp:term":[{"taxonomy":"category","embeddable":true,"href":"https:\/\/franciscanos.org.br\/carisma\/wp-json\/wp\/v2\/categories?post=133076"},{"taxonomy":"post_tag","embeddable":true,"href":"https:\/\/franciscanos.org.br\/carisma\/wp-json\/wp\/v2\/tags?post=133076"}],"curies":[{"name":"wp","href":"https:\/\/api.w.org\/{rel}","templated":true}]}}