{"id":123587,"date":"2017-01-11T07:59:48","date_gmt":"2017-01-11T09:59:48","guid":{"rendered":"http:\/\/franciscanos.org.br\/?p=123587"},"modified":"2018-11-08T15:51:20","modified_gmt":"2018-11-08T17:51:20","slug":"ofs-para-onde-sopram-os-ventos-ii","status":"publish","type":"post","link":"https:\/\/franciscanos.org.br\/carisma\/ofs-para-onde-sopram-os-ventos-ii.html","title":{"rendered":"Para onde sopram os ventos (II)"},"content":{"rendered":"<p><img loading=\"lazy\" src=\"http:\/\/franciscanos.org.br\/wp-content\/uploads\/2017\/01\/ordem_110117_830.jpg\" alt=\"Exif_JPEG_PICTURE\" width=\"830\" height=\"397\" \/><\/p>\n<p><strong>Frei Almir Guimar\u00e3es<\/strong><\/p>\n<p><strong>1.<\/strong> Para que o amanh\u00e3 da Ordem Franciscana Secular tenha for\u00e7a e vigor ser\u00e1 fundamental que as pessoas que nela ingressem tenham clareza a respeito de um chamamento, de uma voca\u00e7\u00e3o. N\u00e3o se trata de inscrever-se numa pia associa\u00e7\u00e3o de fi\u00e9is de boa vontade, apenas desejosos de rezar juntos. Trata-se de pessoas que, depois de um certo discernimento, chegaram \u00e0 conclus\u00e3o de que podem chegar a uma santidade de vida e dar uma colabora\u00e7\u00e3o efetiva \u00e0 Igreja e ao mundo ingressando nas fileiras de uma fraternidade franciscana. De alguma forma, trata-se de uma consagra\u00e7\u00e3o da vida a Deus e aos irm\u00e3os. S\u00e3o pessoas que experimentam o Evangelho como algo que tem que ser vivido em profundidade. Com sua op\u00e7\u00e3o e escolha \u201cfazem diferen\u00e7a\u201d.<\/p>\n<p><strong>2<\/strong>. Os que come\u00e7am sua caminhada na OFS e nela progridem s\u00e3o pessoas que desejam iluminar a sua vida com a claridade do Evangelho. Leitura, medita\u00e7\u00e3o, jogo de movimento entre leitura das p\u00e1ginas, encontro com Cristo e a vida. Tais pessoas desejam ser disc\u00edpulas e mission\u00e1rias. O documento de Aparecida fala dos disc\u00edpulos mission\u00e1rios: sentam-se \u00e0 mesa ou aos p\u00e9s do Mestre e est\u00e3o sempre com a bagagem leve pronta para ir, para tornar a o amor amado. S\u00e3o pessoas que se deixaram fisgar pelo Evangelho. O amanh\u00e3 da OFS tem que ser feito por contemplativos em a\u00e7\u00e3o. Os que nos v\u00eam t\u00eam o direito de os perguntar: \u201cO que voc\u00eas fazem?\u201d<\/p>\n<p><strong>3<\/strong>. O amanh\u00e3 da OFS \u00e9 feito de pessoas muito conscientes de que morreram com Cristo em sua morte e com ele ressuscitaram na manh\u00e3 de P\u00e1scoa. Renovam seu batismo, vivem intensamente as festividades pascais. Adentram-se no mist\u00e9rio pascal. Depois de um certo tempo de estudo e de discernimento fazem uma profiss\u00e3o que nada mais \u00e9 do que uma retomada do batismo que receberam mas talvez sem dele terem consci\u00eancia. Profiss\u00e3o livremente feita, compromisso, fidelidade \u00e0 palavra dada, para sua santidade, servi\u00e7o da Igreja.<\/p>\n<p><strong>4<\/strong>. A OFS ter\u00e1 futuro na medida em que se preocupar com o cultura do encontro: no seio da fraternidade, no ambiente paroquial (proximidade), com os diferentes, os vizinhos, pessoas de outros credos, encontro com os que mais sofrem. A vida dos franciscanos seculares \u00e9 sala de encontros.<\/p>\n<p><strong>5<\/strong>. O amanh\u00e3 da OFS ser\u00e1 vigoroso precisamente na medida em que encontrarmos novo t\u00f4nus para nossos encontros:<\/p>\n<p style=\"padding-left: 30px;\">\u2022 Reuni\u00f5es mensais de alta qualidade, n\u00e3o longas, mas densas e que sejam, de fato, tonificantes.<br \/>\n\u2022 Reuni\u00f5es e encontros em que se haver\u00e1 de discutir e estudar assuntos da atualidade, quest\u00f5es quentes e pol\u00eamicas, aprofundamento da f\u00e9. Precisamos ser crist\u00e3os adultos e n\u00e3o daqueles que se fanatizam por modismos.<br \/>\n\u2022 Alguns de nossos encontros ser\u00e3o realizados com a presen\u00e7a de familiares. Pensamos em reuni\u00f5es especiais, abertas, algumas vezes por ano.<br \/>\n\u2022 Nossos encontros ter\u00e3o constantemente presen\u00e7a da fraternidade de JUFRA, sem o que, seremos rios paralelos que n\u00e3o se encontram.<\/p>\n<p><strong>6.<\/strong> Nossos eventos e encontros ser\u00e3o marcados por alegria que n\u00e3o quer dizer arrua\u00e7a. A presen\u00e7a da m\u00fasica bela, de jovens que cantam \u00e9 de suma import\u00e2ncia. Um apostolado sempre v\u00e1lido \u00e9 das pessoas que n\u00e3o ruminam ressentimentos e tristezas, mas se mostram contentes e alegres.<\/p>\n<p><strong>7.<\/strong> N\u00e3o podemos imaginar o amanh\u00e3 de nossos regionais sem s\u00f3lidas lideran\u00e7as. O l\u00edder \u00e9 aquele que se imp\u00f5e por seu exemplo, seu car\u00e1ter, seu temperamento marcado pelo \u00e2nimo, pela confian\u00e7a no amanh\u00e3, nos outros, na fraternidade. Nossos irm\u00e3os precisam frequentar cursos, assumir responsabilidades em diferentes n\u00edveis para poderem, na for\u00e7a do Esp\u00edrito, levar a Ordem para paisagens novas.<\/p>\n<p><strong>8<\/strong>. O amanh\u00e3 da OFS ser\u00e1 risonho se for constitu\u00eddo de pessoas que alimentam e cultivam intimidade com o Senhor, isto \u00e9, pessoas que t\u00eam uma vida de ora\u00e7\u00e3o pessoal, que adotam a pr\u00e1tica da medita\u00e7\u00e3o frequente, da leitura dos santos m\u00edsticos da Ordem como Boaventura e outros.<\/p>\n<p><strong>9.<\/strong> A OFS n\u00e3o se constitui como um grupo de casais ou de fam\u00edlias. \u00c9 aberta a todos: solteiros, casados, vi\u00favos. Temos o direito de imaginar que as fraternidades de amanh\u00e3 tenham um n\u00famero razo\u00e1vel de casais. Estaremos assim dando nossa colabora\u00e7\u00e3o para formar Igrejas dom\u00e9sticas com as cores evang\u00e9lico-franciscanas. Poucas espiritualidades s\u00e3o t\u00e3o prop\u00edcias para a forma\u00e7\u00e3o de novas fam\u00edlias em nossos tempos.<\/p>\n<p><strong>10<\/strong>. Na medida em que nossas fraternidades franciscanas seculares estiverem antenadas no ar do tempo, desejosas de maneira bem pr\u00e1tica de dialogar com esse mundo ter\u00e3o chances de seres espa\u00e7os buscados e apreciados. Em reuni\u00f5es, encontros, os franciscanos seculares haver\u00e3o de buscar refletir sobre certas sombras: indiferen\u00e7a, superficialidade, consumismo, relativismo, falta de cuidado com nossa casa comum, pol\u00edtica, aten\u00e7\u00e3o especial a ser dada aos mais fr\u00e1geis. Seremos um laicato prof\u00e9tico, questionador, atuante. O lugar dos franciscanos seculares n\u00e3o \u00e9 a sacristia, mas o mundo.<\/p>\n<p><strong>11.<\/strong> Fazemos agora um elenco de posturas evang\u00e9lico-franciscanas que precisam estar estampadas na vida dos franciscanos seculares e que, automaticamente constituem propaganda vocacional e renova\u00e7\u00e3o das fraternidades:<\/p>\n<p style=\"padding-left: 30px;\">\u2022 postura de simplicidade;<br \/>\n\u2022 sensibilidade para com o irm\u00e3o (amar como uma m\u00e3e que ama seu filho);<br \/>\n\u2022 n\u00e3o querer sobrepor-se aos outros;<br \/>\n\u2022 n\u00e3o extinguir o Esp\u00edrito;<br \/>\n\u2022 trabalhar e a agir sem perder o esp\u00edrito da santa ora\u00e7\u00e3o;<br \/>\n\u2022 ir pelo mundo e, ao mesmo tempo, ter saudade do eremo;<br \/>\n\u2022 exercitar-se na pr\u00e1xis da desapropria\u00e7\u00e3o;<br \/>\n\u2022 saber extasiar-se das coisas simples: a beleza de uma crian\u00e7a, o encanto da natureza e a delicadeza de um ninho de beija-flor;<br \/>\n\u2022 saber levar as coisas ao fundo do cora\u00e7\u00e3o como Maria;<br \/>\n\u2022 aderir ao projeto pastoral do Papa Francisco, colocando-nos numa Igreja em sa\u00edda.<\/p>\n<p style=\"padding-left: 30px;\">LEIA TAMB\u00c9M O PRIMEIRO ARTIGO<\/p>\n<p style=\"padding-left: 30px;\"><strong><a href=\"http:\/\/franciscanos.org.br\/?p=123531\">Para onde sopram os ventos?<\/a><\/strong><\/p>\n","protected":false},"excerpt":{"rendered":"<p>OFS <\/p>\n","protected":false},"author":1,"featured_media":174784,"comment_status":"open","ping_status":"open","sticky":false,"template":"","format":"standard","meta":[],"categories":[14],"tags":[],"yoast_head":"<!-- This site is optimized with the Yoast SEO plugin v19.2 - https:\/\/yoast.com\/wordpress\/plugins\/seo\/ -->\n<title>Para onde sopram os ventos (II) - Carisma - Franciscanos<\/title>\n<meta name=\"robots\" content=\"index, follow, max-snippet:-1, max-image-preview:large, max-video-preview:-1\" \/>\n<link rel=\"canonical\" href=\"https:\/\/franciscanos.org.br\/carisma\/ofs-para-onde-sopram-os-ventos-ii.html\" \/>\n<meta property=\"og:locale\" content=\"pt_BR\" \/>\n<meta property=\"og:type\" content=\"article\" \/>\n<meta property=\"og:title\" content=\"Para onde sopram os ventos (II) - Carisma - Franciscanos\" \/>\n<meta property=\"og:description\" content=\"OFS\" \/>\n<meta property=\"og:url\" content=\"https:\/\/franciscanos.org.br\/carisma\/ofs-para-onde-sopram-os-ventos-ii.html\" \/>\n<meta property=\"og:site_name\" content=\"Carisma - Franciscanos\" \/>\n<meta property=\"article:published_time\" content=\"2017-01-11T09:59:48+00:00\" \/>\n<meta property=\"article:modified_time\" content=\"2018-11-08T17:51:20+00:00\" \/>\n<meta property=\"og:image\" content=\"https:\/\/franciscanos.org.br\/carisma\/wp-content\/uploads\/2018\/10\/ordem_110117_830.jpg\" \/>\n\t<meta property=\"og:image:width\" content=\"830\" \/>\n\t<meta property=\"og:image:height\" content=\"397\" \/>\n\t<meta property=\"og:image:type\" content=\"image\/jpeg\" \/>\n<meta name=\"author\" content=\"admin\" \/>\n<meta name=\"twitter:card\" content=\"summary_large_image\" \/>\n<meta name=\"twitter:label1\" content=\"Escrito por\" \/>\n\t<meta name=\"twitter:data1\" content=\"admin\" \/>\n\t<meta name=\"twitter:label2\" content=\"Est. tempo de leitura\" \/>\n\t<meta name=\"twitter:data2\" content=\"5 minutos\" \/>\n<script type=\"application\/ld+json\" class=\"yoast-schema-graph\">{\"@context\":\"https:\/\/schema.org\",\"@graph\":[{\"@type\":\"WebSite\",\"@id\":\"https:\/\/franciscanos.org.br\/carisma\/#website\",\"url\":\"https:\/\/franciscanos.org.br\/carisma\/\",\"name\":\"Carisma - Franciscanos\",\"description\":\"Prov\u00edncia Franciscana da Imaculada Concei\u00e7\u00e3o do Brasil - Ordem dos Frades Menores\",\"potentialAction\":[{\"@type\":\"SearchAction\",\"target\":{\"@type\":\"EntryPoint\",\"urlTemplate\":\"https:\/\/franciscanos.org.br\/carisma\/?s={search_term_string}\"},\"query-input\":\"required name=search_term_string\"}],\"inLanguage\":\"pt-BR\"},{\"@type\":\"ImageObject\",\"inLanguage\":\"pt-BR\",\"@id\":\"https:\/\/franciscanos.org.br\/carisma\/ofs-para-onde-sopram-os-ventos-ii.html#primaryimage\",\"url\":\"https:\/\/franciscanos.org.br\/carisma\/wp-content\/uploads\/2018\/10\/ordem_110117_830.jpg\",\"contentUrl\":\"https:\/\/franciscanos.org.br\/carisma\/wp-content\/uploads\/2018\/10\/ordem_110117_830.jpg\",\"width\":830,\"height\":397},{\"@type\":\"WebPage\",\"@id\":\"https:\/\/franciscanos.org.br\/carisma\/ofs-para-onde-sopram-os-ventos-ii.html#webpage\",\"url\":\"https:\/\/franciscanos.org.br\/carisma\/ofs-para-onde-sopram-os-ventos-ii.html\",\"name\":\"Para onde sopram os ventos (II) - Carisma - Franciscanos\",\"isPartOf\":{\"@id\":\"https:\/\/franciscanos.org.br\/carisma\/#website\"},\"primaryImageOfPage\":{\"@id\":\"https:\/\/franciscanos.org.br\/carisma\/ofs-para-onde-sopram-os-ventos-ii.html#primaryimage\"},\"datePublished\":\"2017-01-11T09:59:48+00:00\",\"dateModified\":\"2018-11-08T17:51:20+00:00\",\"author\":{\"@id\":\"https:\/\/franciscanos.org.br\/carisma\/#\/schema\/person\/e352342a457f086dc6152f9c73a3d093\"},\"breadcrumb\":{\"@id\":\"https:\/\/franciscanos.org.br\/carisma\/ofs-para-onde-sopram-os-ventos-ii.html#breadcrumb\"},\"inLanguage\":\"pt-BR\",\"potentialAction\":[{\"@type\":\"ReadAction\",\"target\":[\"https:\/\/franciscanos.org.br\/carisma\/ofs-para-onde-sopram-os-ventos-ii.html\"]}]},{\"@type\":\"BreadcrumbList\",\"@id\":\"https:\/\/franciscanos.org.br\/carisma\/ofs-para-onde-sopram-os-ventos-ii.html#breadcrumb\",\"itemListElement\":[{\"@type\":\"ListItem\",\"position\":1,\"name\":\"Home\",\"item\":\"https:\/\/franciscanos.org.br\/carisma\"},{\"@type\":\"ListItem\",\"position\":2,\"name\":\"Para onde sopram os ventos (II)\"}]},{\"@type\":\"Person\",\"@id\":\"https:\/\/franciscanos.org.br\/carisma\/#\/schema\/person\/e352342a457f086dc6152f9c73a3d093\",\"name\":\"admin\",\"image\":{\"@type\":\"ImageObject\",\"inLanguage\":\"pt-BR\",\"@id\":\"https:\/\/franciscanos.org.br\/carisma\/#\/schema\/person\/image\/\",\"url\":\"https:\/\/secure.gravatar.com\/avatar\/e8495742d34d0ba6448ea1c628263b3e?s=96&d=mm&r=g\",\"contentUrl\":\"https:\/\/secure.gravatar.com\/avatar\/e8495742d34d0ba6448ea1c628263b3e?s=96&d=mm&r=g\",\"caption\":\"admin\"},\"url\":\"https:\/\/franciscanos.org.br\/carisma\/author\/admin\"}]}<\/script>\n<!-- \/ Yoast SEO plugin. -->","yoast_head_json":{"title":"Para onde sopram os ventos (II) - Carisma - Franciscanos","robots":{"index":"index","follow":"follow","max-snippet":"max-snippet:-1","max-image-preview":"max-image-preview:large","max-video-preview":"max-video-preview:-1"},"canonical":"https:\/\/franciscanos.org.br\/carisma\/ofs-para-onde-sopram-os-ventos-ii.html","og_locale":"pt_BR","og_type":"article","og_title":"Para onde sopram os ventos (II) - Carisma - Franciscanos","og_description":"OFS","og_url":"https:\/\/franciscanos.org.br\/carisma\/ofs-para-onde-sopram-os-ventos-ii.html","og_site_name":"Carisma - Franciscanos","article_published_time":"2017-01-11T09:59:48+00:00","article_modified_time":"2018-11-08T17:51:20+00:00","og_image":[{"width":830,"height":397,"url":"https:\/\/franciscanos.org.br\/carisma\/wp-content\/uploads\/2018\/10\/ordem_110117_830.jpg","type":"image\/jpeg"}],"author":"admin","twitter_card":"summary_large_image","twitter_misc":{"Escrito por":"admin","Est. tempo de leitura":"5 minutos"},"schema":{"@context":"https:\/\/schema.org","@graph":[{"@type":"WebSite","@id":"https:\/\/franciscanos.org.br\/carisma\/#website","url":"https:\/\/franciscanos.org.br\/carisma\/","name":"Carisma - Franciscanos","description":"Prov\u00edncia Franciscana da Imaculada Concei\u00e7\u00e3o do Brasil - Ordem dos Frades Menores","potentialAction":[{"@type":"SearchAction","target":{"@type":"EntryPoint","urlTemplate":"https:\/\/franciscanos.org.br\/carisma\/?s={search_term_string}"},"query-input":"required name=search_term_string"}],"inLanguage":"pt-BR"},{"@type":"ImageObject","inLanguage":"pt-BR","@id":"https:\/\/franciscanos.org.br\/carisma\/ofs-para-onde-sopram-os-ventos-ii.html#primaryimage","url":"https:\/\/franciscanos.org.br\/carisma\/wp-content\/uploads\/2018\/10\/ordem_110117_830.jpg","contentUrl":"https:\/\/franciscanos.org.br\/carisma\/wp-content\/uploads\/2018\/10\/ordem_110117_830.jpg","width":830,"height":397},{"@type":"WebPage","@id":"https:\/\/franciscanos.org.br\/carisma\/ofs-para-onde-sopram-os-ventos-ii.html#webpage","url":"https:\/\/franciscanos.org.br\/carisma\/ofs-para-onde-sopram-os-ventos-ii.html","name":"Para onde sopram os ventos (II) - Carisma - Franciscanos","isPartOf":{"@id":"https:\/\/franciscanos.org.br\/carisma\/#website"},"primaryImageOfPage":{"@id":"https:\/\/franciscanos.org.br\/carisma\/ofs-para-onde-sopram-os-ventos-ii.html#primaryimage"},"datePublished":"2017-01-11T09:59:48+00:00","dateModified":"2018-11-08T17:51:20+00:00","author":{"@id":"https:\/\/franciscanos.org.br\/carisma\/#\/schema\/person\/e352342a457f086dc6152f9c73a3d093"},"breadcrumb":{"@id":"https:\/\/franciscanos.org.br\/carisma\/ofs-para-onde-sopram-os-ventos-ii.html#breadcrumb"},"inLanguage":"pt-BR","potentialAction":[{"@type":"ReadAction","target":["https:\/\/franciscanos.org.br\/carisma\/ofs-para-onde-sopram-os-ventos-ii.html"]}]},{"@type":"BreadcrumbList","@id":"https:\/\/franciscanos.org.br\/carisma\/ofs-para-onde-sopram-os-ventos-ii.html#breadcrumb","itemListElement":[{"@type":"ListItem","position":1,"name":"Home","item":"https:\/\/franciscanos.org.br\/carisma"},{"@type":"ListItem","position":2,"name":"Para onde sopram os ventos (II)"}]},{"@type":"Person","@id":"https:\/\/franciscanos.org.br\/carisma\/#\/schema\/person\/e352342a457f086dc6152f9c73a3d093","name":"admin","image":{"@type":"ImageObject","inLanguage":"pt-BR","@id":"https:\/\/franciscanos.org.br\/carisma\/#\/schema\/person\/image\/","url":"https:\/\/secure.gravatar.com\/avatar\/e8495742d34d0ba6448ea1c628263b3e?s=96&d=mm&r=g","contentUrl":"https:\/\/secure.gravatar.com\/avatar\/e8495742d34d0ba6448ea1c628263b3e?s=96&d=mm&r=g","caption":"admin"},"url":"https:\/\/franciscanos.org.br\/carisma\/author\/admin"}]}},"_links":{"self":[{"href":"https:\/\/franciscanos.org.br\/carisma\/wp-json\/wp\/v2\/posts\/123587"}],"collection":[{"href":"https:\/\/franciscanos.org.br\/carisma\/wp-json\/wp\/v2\/posts"}],"about":[{"href":"https:\/\/franciscanos.org.br\/carisma\/wp-json\/wp\/v2\/types\/post"}],"author":[{"embeddable":true,"href":"https:\/\/franciscanos.org.br\/carisma\/wp-json\/wp\/v2\/users\/1"}],"replies":[{"embeddable":true,"href":"https:\/\/franciscanos.org.br\/carisma\/wp-json\/wp\/v2\/comments?post=123587"}],"version-history":[{"count":0,"href":"https:\/\/franciscanos.org.br\/carisma\/wp-json\/wp\/v2\/posts\/123587\/revisions"}],"wp:featuredmedia":[{"embeddable":true,"href":"https:\/\/franciscanos.org.br\/carisma\/wp-json\/wp\/v2\/media\/174784"}],"wp:attachment":[{"href":"https:\/\/franciscanos.org.br\/carisma\/wp-json\/wp\/v2\/media?parent=123587"}],"wp:term":[{"taxonomy":"category","embeddable":true,"href":"https:\/\/franciscanos.org.br\/carisma\/wp-json\/wp\/v2\/categories?post=123587"},{"taxonomy":"post_tag","embeddable":true,"href":"https:\/\/franciscanos.org.br\/carisma\/wp-json\/wp\/v2\/tags?post=123587"}],"curies":[{"name":"wp","href":"https:\/\/api.w.org\/{rel}","templated":true}]}}