{"id":123531,"date":"2017-01-10T08:56:17","date_gmt":"2017-01-10T10:56:17","guid":{"rendered":"http:\/\/franciscanos.org.br\/?p=123531"},"modified":"2017-01-10T08:56:17","modified_gmt":"2017-01-10T10:56:17","slug":"ofs-para-onde-sopram-os-ventos","status":"publish","type":"post","link":"https:\/\/franciscanos.org.br\/carisma\/ofs-para-onde-sopram-os-ventos.html","title":{"rendered":"Para onde sopram os ventos?"},"content":{"rendered":"<p><img loading=\"lazy\" src=\"http:\/\/franciscanos.org.br\/wp-content\/uploads\/2017\/01\/ofs_100117.jpg\" alt=\"ofs_100117\" width=\"830\" height=\"612\" \/><\/p>\n<p><strong>Frei Almir Guimar\u00e3es<\/strong><\/p>\n<p><strong>1<\/strong>. \u00c9 curto o espa\u00e7o entre nosso nascer e o fim de nossa aventura existencial. Tudo passa depressa. Passamos n\u00f3s, passa o tempo, passam todas as coisas, passam as pessoas e passam as modas. A crian\u00e7a come\u00e7a a caminhar, falar e viver. Vem o tempo da juventude, tempo dos projetos e depois das concretiza\u00e7\u00f5es. Chega o tempo da maturidade. Todos sentimos que a vida vai se escoando por entre nossos dedos. Podemos viver por viver. Podemos simplesmente viver pelo fluir dos acontecimentos ou dar um sentido aos dias que se sucedem: casamento, fam\u00edlia, trabalho profissional, cuidado pelos parentes mais pr\u00f3ximos, educa\u00e7\u00e3o dos filhos, sa\u00fade e doen\u00e7a, vida e morte. Entre o momento que n\u00e3o exist\u00edamos e aquele em que seremos levados ao cemit\u00e9rio ou ao cremat\u00f3rio aconteceu a vida, a nossa vida, que ningu\u00e9m pode viver em nosso lugar.<\/p>\n<p style=\"padding-left: 30px;\"><strong>2<\/strong>. Somos cat\u00f3licos. N\u00e3o queremos que o adjetivo \u201ccat\u00f3lico\u201d seja para n\u00f3s simplesmente um r\u00f3tulo. Num determinado momento de nossa vida deixamos de viver uma f\u00e9 herdada, apenas f\u00e9 de costumes, devo\u00e7\u00f5es, ritos e encontramo-nos pessoalmente com Cristo vivo e ressuscitado. Houve uma ilumina\u00e7\u00e3o em nossa vida. Fomos despertados e quisemos ser, de fato, crist\u00e3os, disc\u00edpulos do Ressuscitado, no seio da Igreja. Vivenciamos como que uma saudade de Deus. E vivemos nossa f\u00e9 no seio da M\u00e3e Igreja. Procuramos nos interessar pelas coisas da f\u00e9 e dar nossa colabora\u00e7\u00e3o \u00e0s necessidades da Igreja. Come\u00e7amos a ser &#8220;espetados&#8221; pela for\u00e7a nem sempre c\u00f4moda do Evangelho.<\/p>\n<p><strong>3<\/strong>. Aconteceu que, por diferentes circunst\u00e2ncias, quisemos ou viemos fazer parte de uma fam\u00edlia espiritual inspirada em Francisco e Clara de Assis, continuando a viver no meio das tarefas da vida e do mundo, n\u00e3o nos tornando religiosos e religiosas com votos. Como nasceu esse desejo de sermos franciscanos seculares? Cada um tem sua hist\u00f3ria e conhece sua biografia. H\u00e1 pessoas acreditaram que essa espiritualidade as ajudaria a chegar a uma santidade de vida: \u201cNo seio da dita fam\u00edlia ocupa posi\u00e7\u00e3o espec\u00edfica a Ordem Franciscana Secular que se configura como uma uni\u00e3o org\u00e2nica de todas as fraternidades cat\u00f3licas espalhadas pelo mundo e abertas a todos os grupos de fi\u00e9is. Nelas, os irm\u00e3os e irm\u00e3s, impulsionados pelo Esp\u00edrito a atingir a perfei\u00e7\u00e3o da caridade no pr\u00f3prio estado secular, s\u00e3o empenhados pela Profiss\u00e3o a viver o Evangelho \u00e0 maneira de S\u00e3o Francisco e mediante esta Regra aprovada pela Igreja\u201d (Regra n.2). Um desejo de santidade, vontade de viver com outras pessoas, fazendo a experi\u00eancia do \u201cvede como eles se amam\u201d. Houve um tempo de enamoramento, de forma\u00e7\u00e3o e de assun\u00e7\u00e3o de um compromisso alegre, de uma profiss\u00e3o.<\/p>\n<p style=\"padding-left: 30px;\"><strong>4.<\/strong> Regra, reuni\u00f5es, reflex\u00f5es, conviv\u00eancia fraterna, tarefas ad intra e ad extra foram alimentando nosso projeto humano, crist\u00e3o e franciscano. Por detr\u00e1s de tudo o que foi e vai tecendo nossa vida franciscana est\u00e1 uma presen\u00e7a importante fundamental: o Cristo vivo e ressuscitado. Vivemos em sua presen\u00e7a. Contemplamos seu amor na cruz olhando com Francisco e Clara o crucificado que pede aos dois que restaurem a Igreja com sua vida, Cristo vivo no rosto dos mais desgra\u00e7adas como os leprosos, presente no seio da fraternidade. No seio da Ordem queremos ser disc\u00edpulos do Cristo vivo e ressuscitado. O amanh\u00e3 da Ordem passa por uma purifica\u00e7\u00e3o de nossa coloca\u00e7\u00e3o diante de um Jesus vivo e presente.<\/p>\n<p><strong>5<\/strong>. O amanh\u00e3 da Ordem Franciscana Secular n\u00e3o acontece com mudan\u00e7as organizacionais. Depende, antes de tudo, da transforma\u00e7\u00e3o do cora\u00e7\u00e3o de cada irm\u00e3o. Em nossas fraternidades locais somos convocados a viver em estado de convers\u00e3o, de penit\u00eancia, de transforma\u00e7\u00e3o. O amanh\u00e3 da OFS ser\u00e1 vi\u00e7oso se os irm\u00e3os e irm\u00e3s forem capazes de alimentar a convers\u00e3o segundo as orienta\u00e7\u00f5es do Serm\u00e3o da Montanha (Mt 5, 1-12). Como se opera e se alimenta a convers\u00e3o? Vivendo verdade para consigo mesmo, leitura do Evangelho, medita\u00e7\u00e3o, retiros, constantes revis\u00f5es de vida, compreens\u00e3o nova do sacramento da penit\u00eancia ou da confiss\u00e3o.<\/p>\n<p style=\"padding-left: 30px;\"><strong>6.<\/strong> Trata-se de um prop\u00f3sito de sair da mediocridade e da superficialidade. Para que nos pr\u00f3ximos tempos a OFS tenha significa\u00e7\u00e3o importante que seus membros tendam explicitamente para a santidade, sem \u201ccarolice\u201d. Trata-se de fugir de toda viv\u00eancia crist\u00e3 epid\u00e9rmica, sem profundidade, rotina. Importante o estudo, a leitura espiritual, o abeirar-se das fontes, principalmente dos escritos de S\u00e3o Francisco.<\/p>\n<p><strong>7.<\/strong> A palavra fraternidade \u00e9 m\u00e1gica. N\u00e3o se pode imaginar o amanh\u00e3 dos franciscanos seculares sem n\u00edtidas express\u00f5es de estima e de bem-querer. Pensamos aqui na qualidade humana e crist\u00e3 de nossas fraternidades. As reuni\u00f5es dos irm\u00e3os, mormente a reuni\u00e3o geral, constituem sacramento da fraternidade. O amanh\u00e3 da OFS depende de vigorosas fraternidades marcadas pela presen\u00e7a de irm\u00e3os com esp\u00edrito de f\u00e9. N\u00e3o se trata apenas de uma mera simpatia, mas da conviv\u00eancia, anos a fio, com irm\u00e3os e irm\u00e3s que aprendemos a estimar e com os quais fazemos a experi\u00eancia do \u201cvede como se amam\u201d. A OFS do amanh\u00e3 ser\u00e1 feita na medida em que tivermos reuni\u00f5es \u201csuculentas\u201d, bem preparadas, bem participadas. Nossos encontros deixar\u00e3o sempre o gosto de \u201cquero mais\u201d. Vivemos tempos de individualismo, viol\u00eancia e indiferen\u00e7a. A OFS \u00e9 de amanh\u00e3 viver\u00e1 inteiramente a fraternidade-servi\u00e7o no seio dos irm\u00e3os e para fora. Nossa vida fraterna e nossa abrangente compreens\u00e3o do fraternismo constituem um ant\u00eddoto do mundo que nos cerca.<\/p>\n<p style=\"padding-left: 30px;\"><strong>8.<\/strong> Vivemos um mundo plural, de questionamentos, de dilaceramentos, perplexidades. As fraternidades OFS ser\u00e3o lugares para discuss\u00e3o dos grandes temas da f\u00e9 e do mundo. Isso se concretizar\u00e1 em dias de estudo, tardes de mesas redondas, leitura de obras que formem os irm\u00e3os para sua a\u00e7\u00e3o no mundo e na pastoral.<\/p>\n<p><em>Continua amanh\u00e3&#8230;<\/em><\/p>\n","protected":false},"excerpt":{"rendered":"<p>OFS<\/p>\n","protected":false},"author":1,"featured_media":174783,"comment_status":"open","ping_status":"open","sticky":false,"template":"","format":"standard","meta":[],"categories":[14],"tags":[],"yoast_head":"<!-- This site is optimized with the Yoast SEO plugin v19.2 - https:\/\/yoast.com\/wordpress\/plugins\/seo\/ -->\n<title>Para onde sopram os ventos? - Carisma - Franciscanos<\/title>\n<meta name=\"robots\" content=\"index, follow, max-snippet:-1, max-image-preview:large, max-video-preview:-1\" \/>\n<link rel=\"canonical\" href=\"https:\/\/franciscanos.org.br\/carisma\/ofs-para-onde-sopram-os-ventos.html\" \/>\n<meta property=\"og:locale\" content=\"pt_BR\" \/>\n<meta property=\"og:type\" content=\"article\" \/>\n<meta property=\"og:title\" content=\"Para onde sopram os ventos? - Carisma - Franciscanos\" \/>\n<meta property=\"og:description\" content=\"OFS\" \/>\n<meta property=\"og:url\" content=\"https:\/\/franciscanos.org.br\/carisma\/ofs-para-onde-sopram-os-ventos.html\" \/>\n<meta property=\"og:site_name\" content=\"Carisma - Franciscanos\" \/>\n<meta property=\"article:published_time\" content=\"2017-01-10T10:56:17+00:00\" \/>\n<meta property=\"og:image\" content=\"https:\/\/franciscanos.org.br\/carisma\/wp-content\/uploads\/2018\/10\/ofs_100117.jpg\" \/>\n\t<meta property=\"og:image:width\" content=\"830\" \/>\n\t<meta property=\"og:image:height\" content=\"612\" \/>\n\t<meta property=\"og:image:type\" content=\"image\/jpeg\" \/>\n<meta name=\"author\" content=\"admin\" \/>\n<meta name=\"twitter:card\" content=\"summary_large_image\" \/>\n<meta name=\"twitter:label1\" content=\"Escrito por\" \/>\n\t<meta name=\"twitter:data1\" content=\"admin\" \/>\n\t<meta name=\"twitter:label2\" content=\"Est. tempo de leitura\" \/>\n\t<meta name=\"twitter:data2\" content=\"5 minutos\" \/>\n<script type=\"application\/ld+json\" class=\"yoast-schema-graph\">{\"@context\":\"https:\/\/schema.org\",\"@graph\":[{\"@type\":\"WebSite\",\"@id\":\"https:\/\/franciscanos.org.br\/carisma\/#website\",\"url\":\"https:\/\/franciscanos.org.br\/carisma\/\",\"name\":\"Carisma - Franciscanos\",\"description\":\"Prov\u00edncia Franciscana da Imaculada Concei\u00e7\u00e3o do Brasil - Ordem dos Frades Menores\",\"potentialAction\":[{\"@type\":\"SearchAction\",\"target\":{\"@type\":\"EntryPoint\",\"urlTemplate\":\"https:\/\/franciscanos.org.br\/carisma\/?s={search_term_string}\"},\"query-input\":\"required name=search_term_string\"}],\"inLanguage\":\"pt-BR\"},{\"@type\":\"ImageObject\",\"inLanguage\":\"pt-BR\",\"@id\":\"https:\/\/franciscanos.org.br\/carisma\/ofs-para-onde-sopram-os-ventos.html#primaryimage\",\"url\":\"https:\/\/franciscanos.org.br\/carisma\/wp-content\/uploads\/2018\/10\/ofs_100117.jpg\",\"contentUrl\":\"https:\/\/franciscanos.org.br\/carisma\/wp-content\/uploads\/2018\/10\/ofs_100117.jpg\",\"width\":830,\"height\":612},{\"@type\":\"WebPage\",\"@id\":\"https:\/\/franciscanos.org.br\/carisma\/ofs-para-onde-sopram-os-ventos.html#webpage\",\"url\":\"https:\/\/franciscanos.org.br\/carisma\/ofs-para-onde-sopram-os-ventos.html\",\"name\":\"Para onde sopram os ventos? - Carisma - Franciscanos\",\"isPartOf\":{\"@id\":\"https:\/\/franciscanos.org.br\/carisma\/#website\"},\"primaryImageOfPage\":{\"@id\":\"https:\/\/franciscanos.org.br\/carisma\/ofs-para-onde-sopram-os-ventos.html#primaryimage\"},\"datePublished\":\"2017-01-10T10:56:17+00:00\",\"dateModified\":\"2017-01-10T10:56:17+00:00\",\"author\":{\"@id\":\"https:\/\/franciscanos.org.br\/carisma\/#\/schema\/person\/e352342a457f086dc6152f9c73a3d093\"},\"breadcrumb\":{\"@id\":\"https:\/\/franciscanos.org.br\/carisma\/ofs-para-onde-sopram-os-ventos.html#breadcrumb\"},\"inLanguage\":\"pt-BR\",\"potentialAction\":[{\"@type\":\"ReadAction\",\"target\":[\"https:\/\/franciscanos.org.br\/carisma\/ofs-para-onde-sopram-os-ventos.html\"]}]},{\"@type\":\"BreadcrumbList\",\"@id\":\"https:\/\/franciscanos.org.br\/carisma\/ofs-para-onde-sopram-os-ventos.html#breadcrumb\",\"itemListElement\":[{\"@type\":\"ListItem\",\"position\":1,\"name\":\"Home\",\"item\":\"https:\/\/franciscanos.org.br\/carisma\"},{\"@type\":\"ListItem\",\"position\":2,\"name\":\"Para onde sopram os ventos?\"}]},{\"@type\":\"Person\",\"@id\":\"https:\/\/franciscanos.org.br\/carisma\/#\/schema\/person\/e352342a457f086dc6152f9c73a3d093\",\"name\":\"admin\",\"image\":{\"@type\":\"ImageObject\",\"inLanguage\":\"pt-BR\",\"@id\":\"https:\/\/franciscanos.org.br\/carisma\/#\/schema\/person\/image\/\",\"url\":\"https:\/\/secure.gravatar.com\/avatar\/e8495742d34d0ba6448ea1c628263b3e?s=96&d=mm&r=g\",\"contentUrl\":\"https:\/\/secure.gravatar.com\/avatar\/e8495742d34d0ba6448ea1c628263b3e?s=96&d=mm&r=g\",\"caption\":\"admin\"},\"url\":\"https:\/\/franciscanos.org.br\/carisma\/author\/admin\"}]}<\/script>\n<!-- \/ Yoast SEO plugin. -->","yoast_head_json":{"title":"Para onde sopram os ventos? - Carisma - Franciscanos","robots":{"index":"index","follow":"follow","max-snippet":"max-snippet:-1","max-image-preview":"max-image-preview:large","max-video-preview":"max-video-preview:-1"},"canonical":"https:\/\/franciscanos.org.br\/carisma\/ofs-para-onde-sopram-os-ventos.html","og_locale":"pt_BR","og_type":"article","og_title":"Para onde sopram os ventos? - Carisma - Franciscanos","og_description":"OFS","og_url":"https:\/\/franciscanos.org.br\/carisma\/ofs-para-onde-sopram-os-ventos.html","og_site_name":"Carisma - Franciscanos","article_published_time":"2017-01-10T10:56:17+00:00","og_image":[{"width":830,"height":612,"url":"https:\/\/franciscanos.org.br\/carisma\/wp-content\/uploads\/2018\/10\/ofs_100117.jpg","type":"image\/jpeg"}],"author":"admin","twitter_card":"summary_large_image","twitter_misc":{"Escrito por":"admin","Est. tempo de leitura":"5 minutos"},"schema":{"@context":"https:\/\/schema.org","@graph":[{"@type":"WebSite","@id":"https:\/\/franciscanos.org.br\/carisma\/#website","url":"https:\/\/franciscanos.org.br\/carisma\/","name":"Carisma - Franciscanos","description":"Prov\u00edncia Franciscana da Imaculada Concei\u00e7\u00e3o do Brasil - Ordem dos Frades Menores","potentialAction":[{"@type":"SearchAction","target":{"@type":"EntryPoint","urlTemplate":"https:\/\/franciscanos.org.br\/carisma\/?s={search_term_string}"},"query-input":"required name=search_term_string"}],"inLanguage":"pt-BR"},{"@type":"ImageObject","inLanguage":"pt-BR","@id":"https:\/\/franciscanos.org.br\/carisma\/ofs-para-onde-sopram-os-ventos.html#primaryimage","url":"https:\/\/franciscanos.org.br\/carisma\/wp-content\/uploads\/2018\/10\/ofs_100117.jpg","contentUrl":"https:\/\/franciscanos.org.br\/carisma\/wp-content\/uploads\/2018\/10\/ofs_100117.jpg","width":830,"height":612},{"@type":"WebPage","@id":"https:\/\/franciscanos.org.br\/carisma\/ofs-para-onde-sopram-os-ventos.html#webpage","url":"https:\/\/franciscanos.org.br\/carisma\/ofs-para-onde-sopram-os-ventos.html","name":"Para onde sopram os ventos? - Carisma - Franciscanos","isPartOf":{"@id":"https:\/\/franciscanos.org.br\/carisma\/#website"},"primaryImageOfPage":{"@id":"https:\/\/franciscanos.org.br\/carisma\/ofs-para-onde-sopram-os-ventos.html#primaryimage"},"datePublished":"2017-01-10T10:56:17+00:00","dateModified":"2017-01-10T10:56:17+00:00","author":{"@id":"https:\/\/franciscanos.org.br\/carisma\/#\/schema\/person\/e352342a457f086dc6152f9c73a3d093"},"breadcrumb":{"@id":"https:\/\/franciscanos.org.br\/carisma\/ofs-para-onde-sopram-os-ventos.html#breadcrumb"},"inLanguage":"pt-BR","potentialAction":[{"@type":"ReadAction","target":["https:\/\/franciscanos.org.br\/carisma\/ofs-para-onde-sopram-os-ventos.html"]}]},{"@type":"BreadcrumbList","@id":"https:\/\/franciscanos.org.br\/carisma\/ofs-para-onde-sopram-os-ventos.html#breadcrumb","itemListElement":[{"@type":"ListItem","position":1,"name":"Home","item":"https:\/\/franciscanos.org.br\/carisma"},{"@type":"ListItem","position":2,"name":"Para onde sopram os ventos?"}]},{"@type":"Person","@id":"https:\/\/franciscanos.org.br\/carisma\/#\/schema\/person\/e352342a457f086dc6152f9c73a3d093","name":"admin","image":{"@type":"ImageObject","inLanguage":"pt-BR","@id":"https:\/\/franciscanos.org.br\/carisma\/#\/schema\/person\/image\/","url":"https:\/\/secure.gravatar.com\/avatar\/e8495742d34d0ba6448ea1c628263b3e?s=96&d=mm&r=g","contentUrl":"https:\/\/secure.gravatar.com\/avatar\/e8495742d34d0ba6448ea1c628263b3e?s=96&d=mm&r=g","caption":"admin"},"url":"https:\/\/franciscanos.org.br\/carisma\/author\/admin"}]}},"_links":{"self":[{"href":"https:\/\/franciscanos.org.br\/carisma\/wp-json\/wp\/v2\/posts\/123531"}],"collection":[{"href":"https:\/\/franciscanos.org.br\/carisma\/wp-json\/wp\/v2\/posts"}],"about":[{"href":"https:\/\/franciscanos.org.br\/carisma\/wp-json\/wp\/v2\/types\/post"}],"author":[{"embeddable":true,"href":"https:\/\/franciscanos.org.br\/carisma\/wp-json\/wp\/v2\/users\/1"}],"replies":[{"embeddable":true,"href":"https:\/\/franciscanos.org.br\/carisma\/wp-json\/wp\/v2\/comments?post=123531"}],"version-history":[{"count":0,"href":"https:\/\/franciscanos.org.br\/carisma\/wp-json\/wp\/v2\/posts\/123531\/revisions"}],"wp:featuredmedia":[{"embeddable":true,"href":"https:\/\/franciscanos.org.br\/carisma\/wp-json\/wp\/v2\/media\/174783"}],"wp:attachment":[{"href":"https:\/\/franciscanos.org.br\/carisma\/wp-json\/wp\/v2\/media?parent=123531"}],"wp:term":[{"taxonomy":"category","embeddable":true,"href":"https:\/\/franciscanos.org.br\/carisma\/wp-json\/wp\/v2\/categories?post=123531"},{"taxonomy":"post_tag","embeddable":true,"href":"https:\/\/franciscanos.org.br\/carisma\/wp-json\/wp\/v2\/tags?post=123531"}],"curies":[{"name":"wp","href":"https:\/\/api.w.org\/{rel}","templated":true}]}}