{"id":114591,"date":"2016-08-18T07:16:37","date_gmt":"2016-08-18T10:16:37","guid":{"rendered":"http:\/\/franciscanos.org.br\/?p=114591"},"modified":"2018-11-08T14:14:08","modified_gmt":"2018-11-08T16:14:08","slug":"grandes-periodos-da-vida-de-francisco-de-assis-2","status":"publish","type":"post","link":"https:\/\/franciscanos.org.br\/carisma\/grandes-periodos-da-vida-de-francisco-de-assis-2.html","title":{"rendered":"Grandes per\u00edodos da vida de Francisco de Assis (2)"},"content":{"rendered":"<p><strong><img loading=\"lazy\" class=\"alignright size-full wp-image-175111\" src=\"http:\/\/franciscanos.org.br\/carisma\/wp-content\/uploads\/2016\/08\/francisco_180816_1.jpg\" alt=\"\" width=\"359\" height=\"500\" srcset=\"https:\/\/franciscanos.org.br\/carisma\/wp-content\/uploads\/2016\/08\/francisco_180816_1.jpg 359w, https:\/\/franciscanos.org.br\/carisma\/wp-content\/uploads\/2016\/08\/francisco_180816_1-323x450.jpg 323w, https:\/\/franciscanos.org.br\/carisma\/wp-content\/uploads\/2016\/08\/francisco_180816_1-150x209.jpg 150w\" sizes=\"(max-width: 359px) 100vw, 359px\" \/>Frei Almir Guimar\u00e3es<\/strong><\/p>\n<blockquote><p>Continuamos a elencar os grandes per\u00edodos da biografia do Poverello segundo Cesare Vaiani, OFM (Storia e teologia dell\u2019esperienza spirituale de Francesco d\u2019Assisi, Edizioni Biblioteca Francescana, Milano).<\/p><\/blockquote>\n<p><span style=\"text-decoration: underline;\"><strong>6. Retorno e pedido de demiss\u00e3o (setembro 1220) &#8211;<\/strong><\/span> Tendo sido chamado por alguns frades, ele mesmo muito preocupado com os problemas da Ordem, Francisco volta \u00e0 It\u00e1lia no ver\u00e3o de 1220. Obt\u00e9m do Papa a determina\u00e7\u00e3o de que o Cardeal Hugolino venha a ser o protetor da Ordem e no Cap\u00edtulo de S\u00e3o Miguel (29 de setembro de 1220) apresenta sua demiss\u00e3o.<\/p>\n<p>N\u00e3o estamos diante de um per\u00edodo, mas de um fato preciso e datado. A raz\u00e3o se explica pela mudan\u00e7a ou transforma\u00e7\u00e3o que se verifica no relacionamento de Francisco com a fraternidade. N\u00e3o se pode esquecer o peso &#8220;institucional\u201d. Juridicamente, Francisco continua sendo refer\u00eancia para a C\u00faria Romana, como se verifica pelo fato de que ele elabora a Regra e busca sua aprova\u00e7\u00e3o. A demiss\u00e3o \u00e9 vivida pessoalmente por ele como afastamento do governo da Ordem. Mostram-no suas inequ\u00edvocas afirma\u00e7\u00f5es em Escritos datados desta \u00e9poca.<\/p>\n<p><span style=\"text-decoration: underline;\"><strong>7. Anos de prova\u00e7\u00e3o e de apostolado (1220-1224)<\/strong> <\/span>&#8211; Aparecem dois elementos aparentemente contradit\u00f3rios: de um lado uma atividade evangelizadora intensa, documentada em suas cartas circulares e, de outro lado um certo isolamento da Ordem como consequ\u00eancia de sua demiss\u00e3o. Fala-se de uma \u201ccrise\u201d de Francisco. Algumas fontes assinalam-na como grav\u00edssima tenta\u00e7\u00e3o do esp\u00edrito, que teria durado dois anos e o afastado dos irm\u00e3os. Embora aparentemente contradit\u00f3rios os dois elementos caminhavam paralelamente. Repetimos: Francisco, depois de 1221 dedica-se ao trabalho de reelabora\u00e7\u00e3o da Regra que desembocar\u00e1 na Regra bulada de 1223, contando com a assist\u00eancia do Cardeal Hugolino e provavelmente de alguns frades. Nesse labor, Francisco \u00e9 contrariado pelo grupo dirigente da Ordem. Manifestam-se sintomas do avan\u00e7o de enfermidades (f\u00edgado e est\u00f4mago, al\u00e9m da doen\u00e7a das vistas). No per\u00edodo em quest\u00e3o emerge um Francisco que sofre no corpo e na alma. No final desse per\u00edodo situa-se o epis\u00f3dio de Greccio, a celebra\u00e7\u00e3o do Natal (1223).<\/p>\n<p><span style=\"text-decoration: underline;\"><strong>8. Os estigmas (setembro de 1224, no alto do Monte Alverne)<\/strong> <\/span>&#8211; Aqui n\u00e3o se trata de um per\u00edodo, mas de fato singular. No \u00e2mbito de toda a trajet\u00f3ria de Francisco a estigmatiza\u00e7\u00e3o deixa marca profunda. Segundo Cesare Vaiani n\u00e3o se pode deixar de colocar o fato nessa \u201cperiodiza\u00e7\u00e3o\u201d da vida de Francisco. O estigmas n\u00e3o constituem o centro da vida e da experi\u00eancia de Francisco para o qual convergiria, como parecem crer alguns de seus bi\u00f3grafos. O epis\u00f3dio coloca-se na esteira de todo um labor espiritual do Poverello e, quem sabe, se poderia dizer que os estigmas seriam uma resposta de Deus ao que Francisco estava vivendo. Depois do Alverne ele conhecer\u00e1 a paz da cruz.<\/p>\n<p><span style=\"text-decoration: underline;\"><strong>9. Os dois \u00faltimos anos (1224-1226)<\/strong><\/span> &#8211; Francisco vive cercado de alguns poucos companheiros que dele cuidam, protegem e, de certo modo, isolam-no da Ordem. Durante a estadia de cinquenta dias em S\u00e3o Dami\u00e3o, na primavera de 1225, dita o C\u00e2ntico do Irm\u00e3o Sol. Tem vontade de se ocupar novamente dos leprosos, como no come\u00e7o, realiza um giro de prega\u00e7\u00f5es. O Testamento prova que mesmo demission\u00e1rio n\u00e3o deixou de cuidar dos irm\u00e3os. No atual per\u00edodo, Francisco est\u00e1 muito doente e um pouco isolado.<\/p>\n<p><span style=\"text-decoration: underline;\"><strong>10. A morte (3 de outubro de 1226)<\/strong><\/span> &#8211; Nas primeiras v\u00e9speras do domingo 4 de outubro, Francisco morre na Porci\u00fancula, deitado na terra nua.<\/p>\n<p><strong>Fim<\/strong><\/p>\n<p>LEIA TAMB\u00c9M A <a href=\"http:\/\/franciscanos.org.br\/carisma\/grandes-periodos-da-biografia-de-francisco-de-assis-1.html\"><strong>PRIMEIRA PARTE<\/strong><\/a><\/p>\n","protected":false},"excerpt":{"rendered":"<p>Franciscanamente<\/p>\n","protected":false},"author":1,"featured_media":175113,"comment_status":"open","ping_status":"open","sticky":false,"template":"","format":"standard","meta":[],"categories":[11],"tags":[],"yoast_head":"<!-- This site is optimized with the Yoast SEO plugin v19.2 - https:\/\/yoast.com\/wordpress\/plugins\/seo\/ -->\n<title>Grandes per\u00edodos da vida de Francisco de Assis (2) - Carisma - Franciscanos<\/title>\n<meta name=\"robots\" content=\"index, follow, max-snippet:-1, max-image-preview:large, max-video-preview:-1\" \/>\n<link rel=\"canonical\" href=\"https:\/\/franciscanos.org.br\/carisma\/grandes-periodos-da-vida-de-francisco-de-assis-2.html\" \/>\n<meta property=\"og:locale\" content=\"pt_BR\" \/>\n<meta property=\"og:type\" content=\"article\" \/>\n<meta property=\"og:title\" content=\"Grandes per\u00edodos da vida de Francisco de Assis (2) - Carisma - Franciscanos\" \/>\n<meta property=\"og:description\" content=\"Franciscanamente\" \/>\n<meta property=\"og:url\" content=\"https:\/\/franciscanos.org.br\/carisma\/grandes-periodos-da-vida-de-francisco-de-assis-2.html\" \/>\n<meta property=\"og:site_name\" content=\"Carisma - Franciscanos\" \/>\n<meta property=\"article:published_time\" content=\"2016-08-18T10:16:37+00:00\" \/>\n<meta property=\"article:modified_time\" content=\"2018-11-08T16:14:08+00:00\" \/>\n<meta property=\"og:image\" content=\"https:\/\/franciscanos.org.br\/carisma\/wp-content\/uploads\/2016\/08\/francisco_g.jpg\" \/>\n\t<meta property=\"og:image:width\" content=\"370\" \/>\n\t<meta property=\"og:image:height\" content=\"252\" \/>\n\t<meta property=\"og:image:type\" content=\"image\/jpeg\" \/>\n<meta name=\"author\" content=\"admin\" \/>\n<meta name=\"twitter:card\" content=\"summary_large_image\" \/>\n<meta name=\"twitter:label1\" content=\"Escrito por\" \/>\n\t<meta name=\"twitter:data1\" content=\"admin\" \/>\n\t<meta name=\"twitter:label2\" content=\"Est. tempo de leitura\" \/>\n\t<meta name=\"twitter:data2\" content=\"3 minutos\" \/>\n<script type=\"application\/ld+json\" class=\"yoast-schema-graph\">{\"@context\":\"https:\/\/schema.org\",\"@graph\":[{\"@type\":\"WebSite\",\"@id\":\"https:\/\/franciscanos.org.br\/carisma\/#website\",\"url\":\"https:\/\/franciscanos.org.br\/carisma\/\",\"name\":\"Carisma - Franciscanos\",\"description\":\"Prov\u00edncia Franciscana da Imaculada Concei\u00e7\u00e3o do Brasil - Ordem dos Frades Menores\",\"potentialAction\":[{\"@type\":\"SearchAction\",\"target\":{\"@type\":\"EntryPoint\",\"urlTemplate\":\"https:\/\/franciscanos.org.br\/carisma\/?s={search_term_string}\"},\"query-input\":\"required name=search_term_string\"}],\"inLanguage\":\"pt-BR\"},{\"@type\":\"ImageObject\",\"inLanguage\":\"pt-BR\",\"@id\":\"https:\/\/franciscanos.org.br\/carisma\/grandes-periodos-da-vida-de-francisco-de-assis-2.html#primaryimage\",\"url\":\"https:\/\/franciscanos.org.br\/carisma\/wp-content\/uploads\/2016\/08\/francisco_g.jpg\",\"contentUrl\":\"https:\/\/franciscanos.org.br\/carisma\/wp-content\/uploads\/2016\/08\/francisco_g.jpg\",\"width\":370,\"height\":252},{\"@type\":\"WebPage\",\"@id\":\"https:\/\/franciscanos.org.br\/carisma\/grandes-periodos-da-vida-de-francisco-de-assis-2.html#webpage\",\"url\":\"https:\/\/franciscanos.org.br\/carisma\/grandes-periodos-da-vida-de-francisco-de-assis-2.html\",\"name\":\"Grandes per\u00edodos da vida de Francisco de Assis (2) - Carisma - Franciscanos\",\"isPartOf\":{\"@id\":\"https:\/\/franciscanos.org.br\/carisma\/#website\"},\"primaryImageOfPage\":{\"@id\":\"https:\/\/franciscanos.org.br\/carisma\/grandes-periodos-da-vida-de-francisco-de-assis-2.html#primaryimage\"},\"datePublished\":\"2016-08-18T10:16:37+00:00\",\"dateModified\":\"2018-11-08T16:14:08+00:00\",\"author\":{\"@id\":\"https:\/\/franciscanos.org.br\/carisma\/#\/schema\/person\/e352342a457f086dc6152f9c73a3d093\"},\"breadcrumb\":{\"@id\":\"https:\/\/franciscanos.org.br\/carisma\/grandes-periodos-da-vida-de-francisco-de-assis-2.html#breadcrumb\"},\"inLanguage\":\"pt-BR\",\"potentialAction\":[{\"@type\":\"ReadAction\",\"target\":[\"https:\/\/franciscanos.org.br\/carisma\/grandes-periodos-da-vida-de-francisco-de-assis-2.html\"]}]},{\"@type\":\"BreadcrumbList\",\"@id\":\"https:\/\/franciscanos.org.br\/carisma\/grandes-periodos-da-vida-de-francisco-de-assis-2.html#breadcrumb\",\"itemListElement\":[{\"@type\":\"ListItem\",\"position\":1,\"name\":\"Home\",\"item\":\"https:\/\/franciscanos.org.br\/carisma\"},{\"@type\":\"ListItem\",\"position\":2,\"name\":\"Grandes per\u00edodos da vida de Francisco de Assis (2)\"}]},{\"@type\":\"Person\",\"@id\":\"https:\/\/franciscanos.org.br\/carisma\/#\/schema\/person\/e352342a457f086dc6152f9c73a3d093\",\"name\":\"admin\",\"image\":{\"@type\":\"ImageObject\",\"inLanguage\":\"pt-BR\",\"@id\":\"https:\/\/franciscanos.org.br\/carisma\/#\/schema\/person\/image\/\",\"url\":\"https:\/\/secure.gravatar.com\/avatar\/e8495742d34d0ba6448ea1c628263b3e?s=96&d=mm&r=g\",\"contentUrl\":\"https:\/\/secure.gravatar.com\/avatar\/e8495742d34d0ba6448ea1c628263b3e?s=96&d=mm&r=g\",\"caption\":\"admin\"},\"url\":\"https:\/\/franciscanos.org.br\/carisma\/author\/admin\"}]}<\/script>\n<!-- \/ Yoast SEO plugin. -->","yoast_head_json":{"title":"Grandes per\u00edodos da vida de Francisco de Assis (2) - Carisma - Franciscanos","robots":{"index":"index","follow":"follow","max-snippet":"max-snippet:-1","max-image-preview":"max-image-preview:large","max-video-preview":"max-video-preview:-1"},"canonical":"https:\/\/franciscanos.org.br\/carisma\/grandes-periodos-da-vida-de-francisco-de-assis-2.html","og_locale":"pt_BR","og_type":"article","og_title":"Grandes per\u00edodos da vida de Francisco de Assis (2) - Carisma - Franciscanos","og_description":"Franciscanamente","og_url":"https:\/\/franciscanos.org.br\/carisma\/grandes-periodos-da-vida-de-francisco-de-assis-2.html","og_site_name":"Carisma - Franciscanos","article_published_time":"2016-08-18T10:16:37+00:00","article_modified_time":"2018-11-08T16:14:08+00:00","og_image":[{"width":370,"height":252,"url":"https:\/\/franciscanos.org.br\/carisma\/wp-content\/uploads\/2016\/08\/francisco_g.jpg","type":"image\/jpeg"}],"author":"admin","twitter_card":"summary_large_image","twitter_misc":{"Escrito por":"admin","Est. tempo de leitura":"3 minutos"},"schema":{"@context":"https:\/\/schema.org","@graph":[{"@type":"WebSite","@id":"https:\/\/franciscanos.org.br\/carisma\/#website","url":"https:\/\/franciscanos.org.br\/carisma\/","name":"Carisma - Franciscanos","description":"Prov\u00edncia Franciscana da Imaculada Concei\u00e7\u00e3o do Brasil - Ordem dos Frades Menores","potentialAction":[{"@type":"SearchAction","target":{"@type":"EntryPoint","urlTemplate":"https:\/\/franciscanos.org.br\/carisma\/?s={search_term_string}"},"query-input":"required name=search_term_string"}],"inLanguage":"pt-BR"},{"@type":"ImageObject","inLanguage":"pt-BR","@id":"https:\/\/franciscanos.org.br\/carisma\/grandes-periodos-da-vida-de-francisco-de-assis-2.html#primaryimage","url":"https:\/\/franciscanos.org.br\/carisma\/wp-content\/uploads\/2016\/08\/francisco_g.jpg","contentUrl":"https:\/\/franciscanos.org.br\/carisma\/wp-content\/uploads\/2016\/08\/francisco_g.jpg","width":370,"height":252},{"@type":"WebPage","@id":"https:\/\/franciscanos.org.br\/carisma\/grandes-periodos-da-vida-de-francisco-de-assis-2.html#webpage","url":"https:\/\/franciscanos.org.br\/carisma\/grandes-periodos-da-vida-de-francisco-de-assis-2.html","name":"Grandes per\u00edodos da vida de Francisco de Assis (2) - Carisma - Franciscanos","isPartOf":{"@id":"https:\/\/franciscanos.org.br\/carisma\/#website"},"primaryImageOfPage":{"@id":"https:\/\/franciscanos.org.br\/carisma\/grandes-periodos-da-vida-de-francisco-de-assis-2.html#primaryimage"},"datePublished":"2016-08-18T10:16:37+00:00","dateModified":"2018-11-08T16:14:08+00:00","author":{"@id":"https:\/\/franciscanos.org.br\/carisma\/#\/schema\/person\/e352342a457f086dc6152f9c73a3d093"},"breadcrumb":{"@id":"https:\/\/franciscanos.org.br\/carisma\/grandes-periodos-da-vida-de-francisco-de-assis-2.html#breadcrumb"},"inLanguage":"pt-BR","potentialAction":[{"@type":"ReadAction","target":["https:\/\/franciscanos.org.br\/carisma\/grandes-periodos-da-vida-de-francisco-de-assis-2.html"]}]},{"@type":"BreadcrumbList","@id":"https:\/\/franciscanos.org.br\/carisma\/grandes-periodos-da-vida-de-francisco-de-assis-2.html#breadcrumb","itemListElement":[{"@type":"ListItem","position":1,"name":"Home","item":"https:\/\/franciscanos.org.br\/carisma"},{"@type":"ListItem","position":2,"name":"Grandes per\u00edodos da vida de Francisco de Assis (2)"}]},{"@type":"Person","@id":"https:\/\/franciscanos.org.br\/carisma\/#\/schema\/person\/e352342a457f086dc6152f9c73a3d093","name":"admin","image":{"@type":"ImageObject","inLanguage":"pt-BR","@id":"https:\/\/franciscanos.org.br\/carisma\/#\/schema\/person\/image\/","url":"https:\/\/secure.gravatar.com\/avatar\/e8495742d34d0ba6448ea1c628263b3e?s=96&d=mm&r=g","contentUrl":"https:\/\/secure.gravatar.com\/avatar\/e8495742d34d0ba6448ea1c628263b3e?s=96&d=mm&r=g","caption":"admin"},"url":"https:\/\/franciscanos.org.br\/carisma\/author\/admin"}]}},"_links":{"self":[{"href":"https:\/\/franciscanos.org.br\/carisma\/wp-json\/wp\/v2\/posts\/114591"}],"collection":[{"href":"https:\/\/franciscanos.org.br\/carisma\/wp-json\/wp\/v2\/posts"}],"about":[{"href":"https:\/\/franciscanos.org.br\/carisma\/wp-json\/wp\/v2\/types\/post"}],"author":[{"embeddable":true,"href":"https:\/\/franciscanos.org.br\/carisma\/wp-json\/wp\/v2\/users\/1"}],"replies":[{"embeddable":true,"href":"https:\/\/franciscanos.org.br\/carisma\/wp-json\/wp\/v2\/comments?post=114591"}],"version-history":[{"count":0,"href":"https:\/\/franciscanos.org.br\/carisma\/wp-json\/wp\/v2\/posts\/114591\/revisions"}],"wp:featuredmedia":[{"embeddable":true,"href":"https:\/\/franciscanos.org.br\/carisma\/wp-json\/wp\/v2\/media\/175113"}],"wp:attachment":[{"href":"https:\/\/franciscanos.org.br\/carisma\/wp-json\/wp\/v2\/media?parent=114591"}],"wp:term":[{"taxonomy":"category","embeddable":true,"href":"https:\/\/franciscanos.org.br\/carisma\/wp-json\/wp\/v2\/categories?post=114591"},{"taxonomy":"post_tag","embeddable":true,"href":"https:\/\/franciscanos.org.br\/carisma\/wp-json\/wp\/v2\/tags?post=114591"}],"curies":[{"name":"wp","href":"https:\/\/api.w.org\/{rel}","templated":true}]}}