{"id":114008,"date":"2016-08-12T07:26:09","date_gmt":"2016-08-12T10:26:09","guid":{"rendered":"http:\/\/franciscanos.org.br\/?p=114008"},"modified":"2016-08-12T07:26:09","modified_gmt":"2016-08-12T10:26:09","slug":"um-certo-modo-de-viver-o-que-fomos-fazendo-da-vida-ou-a-vida-foi-fazendo-de-nos","status":"publish","type":"post","link":"https:\/\/franciscanos.org.br\/carisma\/um-certo-modo-de-viver-o-que-fomos-fazendo-da-vida-ou-a-vida-foi-fazendo-de-nos.html","title":{"rendered":"O que fomos fazendo da vida ou a vida foi fazendo de n\u00f3s?"},"content":{"rendered":"<p><img loading=\"lazy\" src=\"http:\/\/franciscanos.org.br\/wp-content\/uploads\/2016\/08\/francisco_120816.jpg\" alt=\"francisco_120816\" width=\"820\" height=\"464\" \/><\/p>\n<h3>UM CERTO MODO DE VIVER<\/h3>\n<p><strong>Frei Almir Ribeiro Guimar\u00e3es, OFM<\/strong><\/p>\n<p><strong>1<\/strong>. \u00c9 curto o espa\u00e7o entre o nascer e o fim dos dias que nos s\u00e3o dados a viver. Tudo passa depressa, depressa demais. Passamos n\u00f3s, passa o tempo, passam as coisas, passam as pessoas, passam as modas. Tudo muda. A crian\u00e7a, o adolescente, o rapaz e a mo\u00e7a em plena forma, a idade adulta e depois vem o decl\u00ednio. Por vezes temos a tenta\u00e7\u00e3o de dizer que nada \u00e9 importante, de deixar as coisas correrem, acontecerem e, pregui\u00e7osamente, observar esse correr das coisas para o fim, coisas que se repetem, rotineiramente. Temos a tenta\u00e7\u00e3o de deixar a vida nos levar, viver por viver. Entre o momento em que n\u00e3o exist\u00edamos e aquele em que nosso corpo inerte for levado ao cemit\u00e9rio ou a um cremat\u00f3rio aconteceu a vida, a minha vida, a nossa vida, que ningu\u00e9m vive em meu lugar, em nosso lugar. O que estamos fazendo de nossas vidas?<\/p>\n<p><strong>2.<\/strong> Fizemos o prop\u00f3sito de viver crist\u00e3mente. Nossos pais, parentes e conhecidos nos orientaram, ou nos encaminharam em que f\u00f4ssemos adotando um g\u00eanero de vida crist\u00e3o. Pode ter acontecido que tenhamos sido batizados, crismados, que tenhamos recebido a comunh\u00e3o no corpo de Cristo e tudo o mais que t\u00ednhamos direito: b\u00ean\u00e7\u00e3o da garganta pela intercess\u00e3o de S\u00e3o Br\u00e1s, cinzas na fronte no come\u00e7o da Quaresma, jejum na sexta-feira da Paix\u00e3o e tudo o mais. Pode ter acontecido que tenhamos vivido tudo isso sem grande profundidade, sem consci\u00eancia clara a beleza e do esplendor do estilo de vida crist\u00e3o. Por \u00fanica gra\u00e7a do Senhor fomos despertados de nossa indol\u00eancia e de um torpor religioso e nasceu em n\u00f3s o desejo de viver intensamente nosso seguimento de Cristo. Quisemos deixar a pr\u00e1tica de uma religi\u00e3o sem vida e desejamos ser disc\u00edpulos do Senhor Jesus, vivo e ressuscitado, que foi, por diferentes circunst\u00e2ncias se insinuando em nossas vidas. Experimentamos como que uma saudade de Deus e nasceu em n\u00f3s o desejo de sermos crist\u00e3os de verdade.<\/p>\n<p><strong>3<\/strong>. Alguns entramos na Ordem Primeira de Francisco de Assis, parte da fam\u00edlia espiritual suscitada pelo Santo Esp\u00edrito. Outros aderiram ao franciscanismo vivido pelos seculares. No seio da fam\u00edlia franciscana \u201cocupa posi\u00e7\u00e3o espec\u00edfica a Ordem Franciscana Secular que se configura como uma uni\u00e3o org\u00e2nica de todas as fraternidades cat\u00f3licas espalhadas pelo mundo e abertas a todos os grupos e fi\u00e9is. Nelas, os irm\u00e3os e irm\u00e3s, impulsionados pelo Esp\u00edrito a atingir a perfei\u00e7\u00e3o da caridade no pr\u00f3prio estado secular, s\u00e3o empenhados pela profiss\u00e3o a viver o Evangelho \u00e0 maneira de S\u00e3o Francisco e mediante a Regra, confirmada pela Igreja\u201d (Regra, n.2).<\/p>\n<p><strong>4<\/strong>. Reiteramos nossa op\u00e7\u00e3o pelo caminho crist\u00e3o de viver, abra\u00e7amos o Evangelho. Tomamos plena consci\u00eancia de que Cristo vive em n\u00f3s, que o Esp\u00edrito do Senhor foi derramado em nossos cora\u00e7\u00f5es, que morremos e renascemos na paix\u00e3o, morte e ressurrei\u00e7\u00e3o do Senhor, revestimo-nos do Evangelho vivo, fomos compreendendo que n\u00e3o existe maior amor do que dar a vida pelos outros. Estas afirma\u00e7\u00f5es n\u00e3o s\u00e3o meramente frases feitas salpicadas de \u00e1gua benta, mas convic\u00e7\u00f5es que nos animam a partir de nosso n\u00f3 interior, precisamente l\u00e1 onde come\u00e7a nossa vida.<\/p>\n<p><strong>5<\/strong>. Fazemos e queremos continuar a fazer de nossa vida um dom. Recebemo-la de Deus e aos outros vamos do\u00e1-la. N\u00e3o queremos reter nada para n\u00f3s. Dom no seio de nossa fam\u00edlia, junto aos que vivem e trabalham conosco, na comunidade crist\u00e3 e em nossa fraternidade franciscana secular. Aos poucos vamos nos tornando disc\u00edpulos ardorosos do Senhor. Nem sempre conseguimos.<\/p>\n<p><strong>6<\/strong>. Os que ingressam na fam\u00edlia franciscana s\u00e3o pessoas que n\u00e3o se contentam com a mediocridade e a superficialidade. S\u00e3o disc\u00edpulos do serafim de Assis, do ardoroso homem do amor a Deus e aos homens. \u00c0 maneira de Francisco e de Clara buscam corresponder ao amor de Deus no meio do mundo. N\u00e3o buscam a santidade \u00e0 maneira dos que professam a vida consagrada, mas no meio do s\u00e9culo.<\/p>\n<p>7. Vivem e querem sempre mais viver o fraternismo. Regularmente se re\u00fanem com seus irm\u00e3os de ideal. Mas s\u00e3o sempre fraternos: gostam das pessoas, acolhem os diferentes, criam a paz onde h\u00e1 divis\u00e3o, corrigem firme e carinhosamente os irm\u00e3os para que estes n\u00e3o enveredem por mais que n\u00e3o levam a lugar nenhum, t\u00eam como ponto de honra lavar os p\u00e9s dos outros, evitam alimentar sentimentos de competi\u00e7\u00e3o.<\/p>\n<p><strong>8<\/strong>. N\u00e3o gostam de estar sob a claridade dos holofotes. Tudo o que fazem, fazem da melhor maneira que podem. Fazem-se presentes sem chamar aten\u00e7\u00e3o. Mas tamb\u00e9m n\u00e3o admitem uma falsa humildade.<\/p>\n<p><strong>9.<\/strong> Podem e devem dizer que s\u00e3o \u201camigos do Senhor\u201d. Abrem suas vidas para encontros gratuitos, regulares e, por vezes, saborosos com o Senhor mesmo com as tarefas pesadas que precisam exercer em sua vida secular. Fazem o que podem e n\u00e3o podem para n\u00e3o perder o esp\u00edrito da devo\u00e7\u00e3o e da santa ora\u00e7\u00e3o.<\/p>\n<p><strong>10<\/strong>. Est\u00e3o dispostos a mudar<\/p>\n<blockquote><p>\u2022 o cora\u00e7\u00e3o atrav\u00e9s de constantes revis\u00f5es de vida, exames interiores e da alegre e grata recep\u00e7\u00e3o do sacramento da reconcilia\u00e7\u00e3o;<\/p>\n<p>\u2022 a organiza\u00e7\u00e3o de suas vidas, simplificando tudo o que puderem (comportamento, modo de comer, de vestir-se, de administrar os bens e o dinheiro, de usar o tempo livre;<\/p>\n<p>\u2022 a maneira de realizar seus encontros e reuni\u00f5es que ser\u00e3o suculentos, sinceros, realizados com equil\u00edbrio entre ora\u00e7\u00e3o, estudo e carinho fraterno, espa\u00e7os que s\u00e3o verdadeira salas de espera para acolher o Senhor que se faz presente na Palavra proclamada e no rosto dos irm\u00e3os;<\/p>\n<p>\u2022 o modo de atuar na par\u00f3quia e na evangeliza\u00e7\u00e3o; n\u00e3o querem dar a impress\u00e3o de serem meros \u201cfuncion\u00e1rios\u201d de uma firma, \u201ctropa de choque\u201d, mas gente que age e atua com esp\u00edrito cr\u00edtico, discernimento preparando os cora\u00e7\u00f5es para que acolham a novidade esplendorosa de Deus em suas vidas.<\/p><\/blockquote>\n","protected":false},"excerpt":{"rendered":"<p>OFS<\/p>\n","protected":false},"author":1,"featured_media":174782,"comment_status":"open","ping_status":"open","sticky":false,"template":"","format":"standard","meta":[],"categories":[14],"tags":[],"yoast_head":"<!-- This site is optimized with the Yoast SEO plugin v19.2 - https:\/\/yoast.com\/wordpress\/plugins\/seo\/ -->\n<title>O que fomos fazendo da vida ou a vida foi fazendo de n\u00f3s? - Carisma - Franciscanos<\/title>\n<meta name=\"robots\" content=\"index, follow, max-snippet:-1, max-image-preview:large, max-video-preview:-1\" \/>\n<link rel=\"canonical\" href=\"https:\/\/franciscanos.org.br\/carisma\/um-certo-modo-de-viver-o-que-fomos-fazendo-da-vida-ou-a-vida-foi-fazendo-de-nos.html\" \/>\n<meta property=\"og:locale\" content=\"pt_BR\" \/>\n<meta property=\"og:type\" content=\"article\" \/>\n<meta property=\"og:title\" content=\"O que fomos fazendo da vida ou a vida foi fazendo de n\u00f3s? - Carisma - Franciscanos\" \/>\n<meta property=\"og:description\" content=\"OFS\" \/>\n<meta property=\"og:url\" content=\"https:\/\/franciscanos.org.br\/carisma\/um-certo-modo-de-viver-o-que-fomos-fazendo-da-vida-ou-a-vida-foi-fazendo-de-nos.html\" \/>\n<meta property=\"og:site_name\" content=\"Carisma - Franciscanos\" \/>\n<meta property=\"article:published_time\" content=\"2016-08-12T10:26:09+00:00\" \/>\n<meta property=\"og:image\" content=\"https:\/\/franciscanos.org.br\/carisma\/wp-content\/uploads\/2018\/10\/francisco_120816.jpg\" \/>\n\t<meta property=\"og:image:width\" content=\"820\" \/>\n\t<meta property=\"og:image:height\" content=\"464\" \/>\n\t<meta property=\"og:image:type\" content=\"image\/jpeg\" \/>\n<meta name=\"author\" content=\"admin\" \/>\n<meta name=\"twitter:card\" content=\"summary_large_image\" \/>\n<meta name=\"twitter:label1\" content=\"Escrito por\" \/>\n\t<meta name=\"twitter:data1\" content=\"admin\" \/>\n\t<meta name=\"twitter:label2\" content=\"Est. tempo de leitura\" \/>\n\t<meta name=\"twitter:data2\" content=\"5 minutos\" \/>\n<script type=\"application\/ld+json\" class=\"yoast-schema-graph\">{\"@context\":\"https:\/\/schema.org\",\"@graph\":[{\"@type\":\"WebSite\",\"@id\":\"https:\/\/franciscanos.org.br\/carisma\/#website\",\"url\":\"https:\/\/franciscanos.org.br\/carisma\/\",\"name\":\"Carisma - Franciscanos\",\"description\":\"Prov\u00edncia Franciscana da Imaculada Concei\u00e7\u00e3o do Brasil - Ordem dos Frades Menores\",\"potentialAction\":[{\"@type\":\"SearchAction\",\"target\":{\"@type\":\"EntryPoint\",\"urlTemplate\":\"https:\/\/franciscanos.org.br\/carisma\/?s={search_term_string}\"},\"query-input\":\"required name=search_term_string\"}],\"inLanguage\":\"pt-BR\"},{\"@type\":\"ImageObject\",\"inLanguage\":\"pt-BR\",\"@id\":\"https:\/\/franciscanos.org.br\/carisma\/um-certo-modo-de-viver-o-que-fomos-fazendo-da-vida-ou-a-vida-foi-fazendo-de-nos.html#primaryimage\",\"url\":\"https:\/\/franciscanos.org.br\/carisma\/wp-content\/uploads\/2018\/10\/francisco_120816.jpg\",\"contentUrl\":\"https:\/\/franciscanos.org.br\/carisma\/wp-content\/uploads\/2018\/10\/francisco_120816.jpg\",\"width\":820,\"height\":464},{\"@type\":\"WebPage\",\"@id\":\"https:\/\/franciscanos.org.br\/carisma\/um-certo-modo-de-viver-o-que-fomos-fazendo-da-vida-ou-a-vida-foi-fazendo-de-nos.html#webpage\",\"url\":\"https:\/\/franciscanos.org.br\/carisma\/um-certo-modo-de-viver-o-que-fomos-fazendo-da-vida-ou-a-vida-foi-fazendo-de-nos.html\",\"name\":\"O que fomos fazendo da vida ou a vida foi fazendo de n\u00f3s? - Carisma - Franciscanos\",\"isPartOf\":{\"@id\":\"https:\/\/franciscanos.org.br\/carisma\/#website\"},\"primaryImageOfPage\":{\"@id\":\"https:\/\/franciscanos.org.br\/carisma\/um-certo-modo-de-viver-o-que-fomos-fazendo-da-vida-ou-a-vida-foi-fazendo-de-nos.html#primaryimage\"},\"datePublished\":\"2016-08-12T10:26:09+00:00\",\"dateModified\":\"2016-08-12T10:26:09+00:00\",\"author\":{\"@id\":\"https:\/\/franciscanos.org.br\/carisma\/#\/schema\/person\/e352342a457f086dc6152f9c73a3d093\"},\"breadcrumb\":{\"@id\":\"https:\/\/franciscanos.org.br\/carisma\/um-certo-modo-de-viver-o-que-fomos-fazendo-da-vida-ou-a-vida-foi-fazendo-de-nos.html#breadcrumb\"},\"inLanguage\":\"pt-BR\",\"potentialAction\":[{\"@type\":\"ReadAction\",\"target\":[\"https:\/\/franciscanos.org.br\/carisma\/um-certo-modo-de-viver-o-que-fomos-fazendo-da-vida-ou-a-vida-foi-fazendo-de-nos.html\"]}]},{\"@type\":\"BreadcrumbList\",\"@id\":\"https:\/\/franciscanos.org.br\/carisma\/um-certo-modo-de-viver-o-que-fomos-fazendo-da-vida-ou-a-vida-foi-fazendo-de-nos.html#breadcrumb\",\"itemListElement\":[{\"@type\":\"ListItem\",\"position\":1,\"name\":\"Home\",\"item\":\"https:\/\/franciscanos.org.br\/carisma\"},{\"@type\":\"ListItem\",\"position\":2,\"name\":\"O que fomos fazendo da vida ou a vida foi fazendo de n\u00f3s?\"}]},{\"@type\":\"Person\",\"@id\":\"https:\/\/franciscanos.org.br\/carisma\/#\/schema\/person\/e352342a457f086dc6152f9c73a3d093\",\"name\":\"admin\",\"image\":{\"@type\":\"ImageObject\",\"inLanguage\":\"pt-BR\",\"@id\":\"https:\/\/franciscanos.org.br\/carisma\/#\/schema\/person\/image\/\",\"url\":\"https:\/\/secure.gravatar.com\/avatar\/e8495742d34d0ba6448ea1c628263b3e?s=96&d=mm&r=g\",\"contentUrl\":\"https:\/\/secure.gravatar.com\/avatar\/e8495742d34d0ba6448ea1c628263b3e?s=96&d=mm&r=g\",\"caption\":\"admin\"},\"url\":\"https:\/\/franciscanos.org.br\/carisma\/author\/admin\"}]}<\/script>\n<!-- \/ Yoast SEO plugin. -->","yoast_head_json":{"title":"O que fomos fazendo da vida ou a vida foi fazendo de n\u00f3s? - Carisma - Franciscanos","robots":{"index":"index","follow":"follow","max-snippet":"max-snippet:-1","max-image-preview":"max-image-preview:large","max-video-preview":"max-video-preview:-1"},"canonical":"https:\/\/franciscanos.org.br\/carisma\/um-certo-modo-de-viver-o-que-fomos-fazendo-da-vida-ou-a-vida-foi-fazendo-de-nos.html","og_locale":"pt_BR","og_type":"article","og_title":"O que fomos fazendo da vida ou a vida foi fazendo de n\u00f3s? - Carisma - Franciscanos","og_description":"OFS","og_url":"https:\/\/franciscanos.org.br\/carisma\/um-certo-modo-de-viver-o-que-fomos-fazendo-da-vida-ou-a-vida-foi-fazendo-de-nos.html","og_site_name":"Carisma - Franciscanos","article_published_time":"2016-08-12T10:26:09+00:00","og_image":[{"width":820,"height":464,"url":"https:\/\/franciscanos.org.br\/carisma\/wp-content\/uploads\/2018\/10\/francisco_120816.jpg","type":"image\/jpeg"}],"author":"admin","twitter_card":"summary_large_image","twitter_misc":{"Escrito por":"admin","Est. tempo de leitura":"5 minutos"},"schema":{"@context":"https:\/\/schema.org","@graph":[{"@type":"WebSite","@id":"https:\/\/franciscanos.org.br\/carisma\/#website","url":"https:\/\/franciscanos.org.br\/carisma\/","name":"Carisma - Franciscanos","description":"Prov\u00edncia Franciscana da Imaculada Concei\u00e7\u00e3o do Brasil - Ordem dos Frades Menores","potentialAction":[{"@type":"SearchAction","target":{"@type":"EntryPoint","urlTemplate":"https:\/\/franciscanos.org.br\/carisma\/?s={search_term_string}"},"query-input":"required name=search_term_string"}],"inLanguage":"pt-BR"},{"@type":"ImageObject","inLanguage":"pt-BR","@id":"https:\/\/franciscanos.org.br\/carisma\/um-certo-modo-de-viver-o-que-fomos-fazendo-da-vida-ou-a-vida-foi-fazendo-de-nos.html#primaryimage","url":"https:\/\/franciscanos.org.br\/carisma\/wp-content\/uploads\/2018\/10\/francisco_120816.jpg","contentUrl":"https:\/\/franciscanos.org.br\/carisma\/wp-content\/uploads\/2018\/10\/francisco_120816.jpg","width":820,"height":464},{"@type":"WebPage","@id":"https:\/\/franciscanos.org.br\/carisma\/um-certo-modo-de-viver-o-que-fomos-fazendo-da-vida-ou-a-vida-foi-fazendo-de-nos.html#webpage","url":"https:\/\/franciscanos.org.br\/carisma\/um-certo-modo-de-viver-o-que-fomos-fazendo-da-vida-ou-a-vida-foi-fazendo-de-nos.html","name":"O que fomos fazendo da vida ou a vida foi fazendo de n\u00f3s? - Carisma - Franciscanos","isPartOf":{"@id":"https:\/\/franciscanos.org.br\/carisma\/#website"},"primaryImageOfPage":{"@id":"https:\/\/franciscanos.org.br\/carisma\/um-certo-modo-de-viver-o-que-fomos-fazendo-da-vida-ou-a-vida-foi-fazendo-de-nos.html#primaryimage"},"datePublished":"2016-08-12T10:26:09+00:00","dateModified":"2016-08-12T10:26:09+00:00","author":{"@id":"https:\/\/franciscanos.org.br\/carisma\/#\/schema\/person\/e352342a457f086dc6152f9c73a3d093"},"breadcrumb":{"@id":"https:\/\/franciscanos.org.br\/carisma\/um-certo-modo-de-viver-o-que-fomos-fazendo-da-vida-ou-a-vida-foi-fazendo-de-nos.html#breadcrumb"},"inLanguage":"pt-BR","potentialAction":[{"@type":"ReadAction","target":["https:\/\/franciscanos.org.br\/carisma\/um-certo-modo-de-viver-o-que-fomos-fazendo-da-vida-ou-a-vida-foi-fazendo-de-nos.html"]}]},{"@type":"BreadcrumbList","@id":"https:\/\/franciscanos.org.br\/carisma\/um-certo-modo-de-viver-o-que-fomos-fazendo-da-vida-ou-a-vida-foi-fazendo-de-nos.html#breadcrumb","itemListElement":[{"@type":"ListItem","position":1,"name":"Home","item":"https:\/\/franciscanos.org.br\/carisma"},{"@type":"ListItem","position":2,"name":"O que fomos fazendo da vida ou a vida foi fazendo de n\u00f3s?"}]},{"@type":"Person","@id":"https:\/\/franciscanos.org.br\/carisma\/#\/schema\/person\/e352342a457f086dc6152f9c73a3d093","name":"admin","image":{"@type":"ImageObject","inLanguage":"pt-BR","@id":"https:\/\/franciscanos.org.br\/carisma\/#\/schema\/person\/image\/","url":"https:\/\/secure.gravatar.com\/avatar\/e8495742d34d0ba6448ea1c628263b3e?s=96&d=mm&r=g","contentUrl":"https:\/\/secure.gravatar.com\/avatar\/e8495742d34d0ba6448ea1c628263b3e?s=96&d=mm&r=g","caption":"admin"},"url":"https:\/\/franciscanos.org.br\/carisma\/author\/admin"}]}},"_links":{"self":[{"href":"https:\/\/franciscanos.org.br\/carisma\/wp-json\/wp\/v2\/posts\/114008"}],"collection":[{"href":"https:\/\/franciscanos.org.br\/carisma\/wp-json\/wp\/v2\/posts"}],"about":[{"href":"https:\/\/franciscanos.org.br\/carisma\/wp-json\/wp\/v2\/types\/post"}],"author":[{"embeddable":true,"href":"https:\/\/franciscanos.org.br\/carisma\/wp-json\/wp\/v2\/users\/1"}],"replies":[{"embeddable":true,"href":"https:\/\/franciscanos.org.br\/carisma\/wp-json\/wp\/v2\/comments?post=114008"}],"version-history":[{"count":0,"href":"https:\/\/franciscanos.org.br\/carisma\/wp-json\/wp\/v2\/posts\/114008\/revisions"}],"wp:featuredmedia":[{"embeddable":true,"href":"https:\/\/franciscanos.org.br\/carisma\/wp-json\/wp\/v2\/media\/174782"}],"wp:attachment":[{"href":"https:\/\/franciscanos.org.br\/carisma\/wp-json\/wp\/v2\/media?parent=114008"}],"wp:term":[{"taxonomy":"category","embeddable":true,"href":"https:\/\/franciscanos.org.br\/carisma\/wp-json\/wp\/v2\/categories?post=114008"},{"taxonomy":"post_tag","embeddable":true,"href":"https:\/\/franciscanos.org.br\/carisma\/wp-json\/wp\/v2\/tags?post=114008"}],"curies":[{"name":"wp","href":"https:\/\/api.w.org\/{rel}","templated":true}]}}