{"id":107644,"date":"2016-04-14T07:53:36","date_gmt":"2016-04-14T10:53:36","guid":{"rendered":"http:\/\/franciscanos.org.br\/?p=107644"},"modified":"2016-04-14T07:53:36","modified_gmt":"2016-04-14T10:53:36","slug":"a-compaixao-em-sao-francisco-de-assis","status":"publish","type":"post","link":"https:\/\/franciscanos.org.br\/carisma\/a-compaixao-em-sao-francisco-de-assis.html","title":{"rendered":"A respeito da compaix\u00e3o em S\u00e3o Francisco de Assis"},"content":{"rendered":"<h2><img loading=\"lazy\" src=\"http:\/\/franciscanos.org.br\/wp-content\/uploads\/2016\/04\/francisco_dito.jpg\" alt=\"francisco_dito\" width=\"820\" height=\"717\" \/><\/h2>\n<h2>Chorar e dar<\/h2>\n<blockquote><p>Jubileu extraordin\u00e1rio da miseric\u00f3rdia! Em todos os lugares se ouve falar do tema. Inspiramo-nos aqui numa reflex\u00e3o de Nicole Granger, terceira franciscana francesa, estampada na Revista \u00c9vangile Aujourd\u2019hui (n. 198, 2003, p. 29-35) a respeito da compaix\u00e3o em S\u00e3o Francisco.<br \/>\n<strong>Frei Almir Guimar\u00e3es<\/strong><\/p><\/blockquote>\n<p><strong>1.<\/strong> \u00a0 Compaix\u00e3o e simpatia n\u00e3o s\u00e3o palavras sin\u00f4nimas. Os dois termos, no entanto, remetem para a mesma ideia: uma aptid\u00e3o de sofrer com&#8230;, de sentir com. Simpatia \u00e9 a face solar de sentimentos partilhados, a compaix\u00e3o seu lado dolorido. A compaix\u00e3o seria doce se pudesse se revestir de sentimentos de simpatia. A simpatia seria indulgente, se ela n\u00e3o ignorasse a compaix\u00e3o. Em S\u00e3o Francisco os dois sentimentos se unem quando a Regra n\u00e3o bulada afirma: \u201cE devem (os irm\u00e3os) estar satisfeitos quando est\u00e3o no meio de gente comum e desprezada, de pobres e fracos, enfermos e leprosos e mendigos de rua\u201d (Regra n\u00e3o bulada 9,3). Em resumo, os irm\u00e3os se fa\u00e7am presentes na vida de todos aqueles que carecem de compaix\u00e3o.<\/p>\n<p><strong>2.<\/strong> A palavra compaix\u00e3o n\u00e3o faz parte do vocabul\u00e1rio de Francisco em seus escritos. O termo, por\u00e9m, \u00e9 usado frequentemente por seus bi\u00f3grafos e de maneira muito tocante: \u201cQuem poderia descrever, afirma Celano, sua imensa compaix\u00e3o para com os pobres?\u201d (2Cel 83). Compaix\u00e3o aparece na emo\u00e7\u00e3o do santo diante das \u201cm\u00e3os aleijadas de uma pobre mulher\u201d (1Cel 67), no fato de beijar os rostos desfigurados dos leprosos (Leg. Maior I,6), ao contemplar as mis\u00e9rias e desgra\u00e7as do cora\u00e7\u00e3o. Fazia suas as dores dos sofredores e se extasiava dolentemente diante das dores do Crucificado. Fez a experi\u00eancia da dores do Amado de modo particular no alto do Alverne.<\/p>\n<p><strong>3.<\/strong> Se o corpo de Francisco, quase no final de sua trajet\u00f3ria, \u00e9 assinalado pelas chagas de Cristo, tantas vezes contempladas e pranteadas com amor, \u00e9 porque seu caminho de compaix\u00e3o fez com que de homem em homem, de irm\u00e3o em irm\u00e3o ele acolhesse em a si a dor dos outros, n\u00e3o de maneira passiva e estereotipada mas com originalidade pr\u00f3pria de tal forma que cada franciscano que contempla o modo de Francisco exercer a compaix\u00e3o disp\u00f5e de um \u201cvade-m\u00e9cum\u201d , um \u201cmodo de fazer\u201d a compaix\u00e3o, uma \u201creceita do bolo\u201d.<\/p>\n<p><strong>4.<\/strong> Chorar &#8211; A compaix\u00e3o n\u00e3o necessita for\u00e7osamente se exprimir por l\u00e1grimas. Muitas vezes chorar, gemer, pode significar ensimesmamento, preocupa\u00e7\u00e3o com a pr\u00f3pria sensibilidade, decep\u00e7\u00e3o raivosa do pr\u00f3prio ego. E no entanto, as l\u00e1grimas n\u00e3o s\u00e3o coisas banais. Chorar pode ser express\u00e3o de uma tristeza. H\u00e1 os que afirmam que aquele que perdura na tristeza anda fazendo alian\u00e7a com o diabo. O diabo fica alegre quando pode surrupiar a alegria do cora\u00e7\u00e3o das pessoas. Por pequenas brechas o inimigo tira a candura da mente: \u201cA maior alegria do diabo \u00e9 quando pode roubar ao servo de Deus o gozo do esp\u00edrito. Carrega um p\u00f3 para jogar nos menores meandros da consci\u00eancia para emporcalhar a candura da mente e a pureza da vida\u201d (2Cel 125). Quando algu\u00e9m \u00e9 dominado pela tristeza precisar\u00e1 chorar. \u201c&#8230; se n\u00e3o for lavado pelas l\u00e1grimas produzir\u00e1 no cora\u00e7\u00e3o uma ferrugem que vai ficar\u201d (Idem).<\/p>\n<p>Algo de diferente parece estar representado no famoso quadro que representa Francisco enxugando as l\u00e1grimas com um len\u00e7o. O quadro nos leva a pensar que a compaix\u00e3o pelos outros se traduz em abundantes l\u00e1grimas. A compaix\u00e3o \u00e9 um movimento que atinge o pr\u00f3prio corpo, que suscita e faz nascer inten\u00e7\u00e3o de colocar gestos precisos de compreens\u00e3o e de miseric\u00f3rdia. L\u00e1grimas de compaix\u00e3o s\u00e3o aquelas que nos permitem ver mais claro, caracterizadas por lucidez e n\u00e3o por um nevoeiro afetivo e sentimental.<\/p>\n<p><strong>5.<\/strong> Dar &#8211; Como primeiro gesto de compaix\u00e3o Francisco costumava se desfazer de alguma coisa que tinha em favor dos outros. \u201cCom rela\u00e7\u00e3o a todas as coisas que que lhe davam para aliviar as necessidades do corpo, ele estava acostumado a pedir licen\u00e7a aos doadores para poder distribu\u00ed-las licitamente se encontrasse algu\u00e9m mais pobre. N\u00e3o poupava absolutamente nada, nem mantos, nem t\u00fanicas, nem livros, nem sequer os paramentos do altar, sem deixar de dar tudo isso aos pobres enquanto podia para cumprir o dever da piedade. Muitas vezes vemo-lo carregar sobre seus ombros a carga que pobres andavam carregando.<\/p>\n<p>\u201cA m\u00e3e de dois frades veio uma vez ter com o santo, pedindo esmola com confian\u00e7a. Compadecendo-se dela, o santo Pai disse a Frei Pedro Cattani, seu vig\u00e1rio: \u2018Podemos dar alguma esmola \u00e0 nossa m\u00e3e?\u2019 Na verdade ,ele dizia que a m\u00e3e de algum irm\u00e3o, era tamb\u00e9m sua m\u00e3e e de todos os irm\u00e3os. Respondeu-lhe Frei Pedro: \u2018N\u00e3o h\u00e1 em casa nada que lhe possa ser dado\u2019. E acrescentou: \u2018Temos um Novo Testamento em que, por n\u00e3o termos brevi\u00e1rios, fazemos as leituras de Matinas. Disse-lhe o bem-aventurado Francisco: \u2018D\u00e1 o Novo Testamento a nossa m\u00e3e para que ela o venda para sua necessidade, porque por ele somos admoestados a ajudar os pobres. Creio realmente que mais agradar\u00e1 a Deus a doa\u00e7\u00e3o do que a leitura\u2019\u201d (2Cel 91).<\/p>\n<p>Outro dom de Francisco foi o da sua palavra. O santo conhecia bem o desespero, pobreza, sofrimento moral e estado de inani\u00e7\u00e3o de seus contempor\u00e2neos. Muitas vezes ele lhes dirigia a palavra com tanto fervor que eles se sentiam consolados. Ora, a palavra que consola \u00e9 uma palavra de compaix\u00e3o. A palavra que consola alivia o peso que os outros carregam e faz com que sequem as l\u00e1grimas de seus rostos.<br \/>\n<em>Refer\u00eancia<\/em><br \/>\n<em>Nicole Granger, &#8220;La compassion chez saint Fran\u00e7ois&#8221; &#8211; \u00c9vangile Aujourd\u2019hui n. 198, p. 29ss<\/em><\/p>\n","protected":false},"excerpt":{"rendered":"<p>Franciscanamente<\/p>\n","protected":false},"author":1,"featured_media":174713,"comment_status":"open","ping_status":"open","sticky":false,"template":"","format":"standard","meta":[],"categories":[11],"tags":[],"yoast_head":"<!-- This site is optimized with the Yoast SEO plugin v19.2 - https:\/\/yoast.com\/wordpress\/plugins\/seo\/ -->\n<title>A respeito da compaix\u00e3o em S\u00e3o Francisco de Assis - Carisma - Franciscanos<\/title>\n<meta name=\"robots\" content=\"index, follow, max-snippet:-1, max-image-preview:large, max-video-preview:-1\" \/>\n<link rel=\"canonical\" href=\"https:\/\/franciscanos.org.br\/carisma\/a-compaixao-em-sao-francisco-de-assis.html\" \/>\n<meta property=\"og:locale\" content=\"pt_BR\" \/>\n<meta property=\"og:type\" content=\"article\" \/>\n<meta property=\"og:title\" content=\"A respeito da compaix\u00e3o em S\u00e3o Francisco de Assis - Carisma - Franciscanos\" \/>\n<meta property=\"og:description\" content=\"Franciscanamente\" \/>\n<meta property=\"og:url\" content=\"https:\/\/franciscanos.org.br\/carisma\/a-compaixao-em-sao-francisco-de-assis.html\" \/>\n<meta property=\"og:site_name\" content=\"Carisma - Franciscanos\" \/>\n<meta property=\"article:published_time\" content=\"2016-04-14T10:53:36+00:00\" \/>\n<meta property=\"og:image\" content=\"https:\/\/franciscanos.org.br\/carisma\/wp-content\/uploads\/2018\/10\/francisco_dito.jpg\" \/>\n\t<meta property=\"og:image:width\" content=\"820\" \/>\n\t<meta property=\"og:image:height\" content=\"717\" \/>\n\t<meta property=\"og:image:type\" content=\"image\/jpeg\" \/>\n<meta name=\"author\" content=\"admin\" \/>\n<meta name=\"twitter:card\" content=\"summary_large_image\" \/>\n<meta name=\"twitter:label1\" content=\"Escrito por\" \/>\n\t<meta name=\"twitter:data1\" content=\"admin\" \/>\n\t<meta name=\"twitter:label2\" content=\"Est. tempo de leitura\" \/>\n\t<meta name=\"twitter:data2\" content=\"5 minutos\" \/>\n<script type=\"application\/ld+json\" class=\"yoast-schema-graph\">{\"@context\":\"https:\/\/schema.org\",\"@graph\":[{\"@type\":\"WebSite\",\"@id\":\"https:\/\/franciscanos.org.br\/carisma\/#website\",\"url\":\"https:\/\/franciscanos.org.br\/carisma\/\",\"name\":\"Carisma - Franciscanos\",\"description\":\"Prov\u00edncia Franciscana da Imaculada Concei\u00e7\u00e3o do Brasil - Ordem dos Frades Menores\",\"potentialAction\":[{\"@type\":\"SearchAction\",\"target\":{\"@type\":\"EntryPoint\",\"urlTemplate\":\"https:\/\/franciscanos.org.br\/carisma\/?s={search_term_string}\"},\"query-input\":\"required name=search_term_string\"}],\"inLanguage\":\"pt-BR\"},{\"@type\":\"ImageObject\",\"inLanguage\":\"pt-BR\",\"@id\":\"https:\/\/franciscanos.org.br\/carisma\/a-compaixao-em-sao-francisco-de-assis.html#primaryimage\",\"url\":\"https:\/\/franciscanos.org.br\/carisma\/wp-content\/uploads\/2018\/10\/francisco_dito.jpg\",\"contentUrl\":\"https:\/\/franciscanos.org.br\/carisma\/wp-content\/uploads\/2018\/10\/francisco_dito.jpg\",\"width\":820,\"height\":717},{\"@type\":\"WebPage\",\"@id\":\"https:\/\/franciscanos.org.br\/carisma\/a-compaixao-em-sao-francisco-de-assis.html#webpage\",\"url\":\"https:\/\/franciscanos.org.br\/carisma\/a-compaixao-em-sao-francisco-de-assis.html\",\"name\":\"A respeito da compaix\u00e3o em S\u00e3o Francisco de Assis - Carisma - Franciscanos\",\"isPartOf\":{\"@id\":\"https:\/\/franciscanos.org.br\/carisma\/#website\"},\"primaryImageOfPage\":{\"@id\":\"https:\/\/franciscanos.org.br\/carisma\/a-compaixao-em-sao-francisco-de-assis.html#primaryimage\"},\"datePublished\":\"2016-04-14T10:53:36+00:00\",\"dateModified\":\"2016-04-14T10:53:36+00:00\",\"author\":{\"@id\":\"https:\/\/franciscanos.org.br\/carisma\/#\/schema\/person\/e352342a457f086dc6152f9c73a3d093\"},\"breadcrumb\":{\"@id\":\"https:\/\/franciscanos.org.br\/carisma\/a-compaixao-em-sao-francisco-de-assis.html#breadcrumb\"},\"inLanguage\":\"pt-BR\",\"potentialAction\":[{\"@type\":\"ReadAction\",\"target\":[\"https:\/\/franciscanos.org.br\/carisma\/a-compaixao-em-sao-francisco-de-assis.html\"]}]},{\"@type\":\"BreadcrumbList\",\"@id\":\"https:\/\/franciscanos.org.br\/carisma\/a-compaixao-em-sao-francisco-de-assis.html#breadcrumb\",\"itemListElement\":[{\"@type\":\"ListItem\",\"position\":1,\"name\":\"Home\",\"item\":\"https:\/\/franciscanos.org.br\/carisma\"},{\"@type\":\"ListItem\",\"position\":2,\"name\":\"A respeito da compaix\u00e3o em S\u00e3o Francisco de Assis\"}]},{\"@type\":\"Person\",\"@id\":\"https:\/\/franciscanos.org.br\/carisma\/#\/schema\/person\/e352342a457f086dc6152f9c73a3d093\",\"name\":\"admin\",\"image\":{\"@type\":\"ImageObject\",\"inLanguage\":\"pt-BR\",\"@id\":\"https:\/\/franciscanos.org.br\/carisma\/#\/schema\/person\/image\/\",\"url\":\"https:\/\/secure.gravatar.com\/avatar\/e8495742d34d0ba6448ea1c628263b3e?s=96&d=mm&r=g\",\"contentUrl\":\"https:\/\/secure.gravatar.com\/avatar\/e8495742d34d0ba6448ea1c628263b3e?s=96&d=mm&r=g\",\"caption\":\"admin\"},\"url\":\"https:\/\/franciscanos.org.br\/carisma\/author\/admin\"}]}<\/script>\n<!-- \/ Yoast SEO plugin. -->","yoast_head_json":{"title":"A respeito da compaix\u00e3o em S\u00e3o Francisco de Assis - Carisma - Franciscanos","robots":{"index":"index","follow":"follow","max-snippet":"max-snippet:-1","max-image-preview":"max-image-preview:large","max-video-preview":"max-video-preview:-1"},"canonical":"https:\/\/franciscanos.org.br\/carisma\/a-compaixao-em-sao-francisco-de-assis.html","og_locale":"pt_BR","og_type":"article","og_title":"A respeito da compaix\u00e3o em S\u00e3o Francisco de Assis - Carisma - Franciscanos","og_description":"Franciscanamente","og_url":"https:\/\/franciscanos.org.br\/carisma\/a-compaixao-em-sao-francisco-de-assis.html","og_site_name":"Carisma - Franciscanos","article_published_time":"2016-04-14T10:53:36+00:00","og_image":[{"width":820,"height":717,"url":"https:\/\/franciscanos.org.br\/carisma\/wp-content\/uploads\/2018\/10\/francisco_dito.jpg","type":"image\/jpeg"}],"author":"admin","twitter_card":"summary_large_image","twitter_misc":{"Escrito por":"admin","Est. tempo de leitura":"5 minutos"},"schema":{"@context":"https:\/\/schema.org","@graph":[{"@type":"WebSite","@id":"https:\/\/franciscanos.org.br\/carisma\/#website","url":"https:\/\/franciscanos.org.br\/carisma\/","name":"Carisma - Franciscanos","description":"Prov\u00edncia Franciscana da Imaculada Concei\u00e7\u00e3o do Brasil - Ordem dos Frades Menores","potentialAction":[{"@type":"SearchAction","target":{"@type":"EntryPoint","urlTemplate":"https:\/\/franciscanos.org.br\/carisma\/?s={search_term_string}"},"query-input":"required name=search_term_string"}],"inLanguage":"pt-BR"},{"@type":"ImageObject","inLanguage":"pt-BR","@id":"https:\/\/franciscanos.org.br\/carisma\/a-compaixao-em-sao-francisco-de-assis.html#primaryimage","url":"https:\/\/franciscanos.org.br\/carisma\/wp-content\/uploads\/2018\/10\/francisco_dito.jpg","contentUrl":"https:\/\/franciscanos.org.br\/carisma\/wp-content\/uploads\/2018\/10\/francisco_dito.jpg","width":820,"height":717},{"@type":"WebPage","@id":"https:\/\/franciscanos.org.br\/carisma\/a-compaixao-em-sao-francisco-de-assis.html#webpage","url":"https:\/\/franciscanos.org.br\/carisma\/a-compaixao-em-sao-francisco-de-assis.html","name":"A respeito da compaix\u00e3o em S\u00e3o Francisco de Assis - Carisma - Franciscanos","isPartOf":{"@id":"https:\/\/franciscanos.org.br\/carisma\/#website"},"primaryImageOfPage":{"@id":"https:\/\/franciscanos.org.br\/carisma\/a-compaixao-em-sao-francisco-de-assis.html#primaryimage"},"datePublished":"2016-04-14T10:53:36+00:00","dateModified":"2016-04-14T10:53:36+00:00","author":{"@id":"https:\/\/franciscanos.org.br\/carisma\/#\/schema\/person\/e352342a457f086dc6152f9c73a3d093"},"breadcrumb":{"@id":"https:\/\/franciscanos.org.br\/carisma\/a-compaixao-em-sao-francisco-de-assis.html#breadcrumb"},"inLanguage":"pt-BR","potentialAction":[{"@type":"ReadAction","target":["https:\/\/franciscanos.org.br\/carisma\/a-compaixao-em-sao-francisco-de-assis.html"]}]},{"@type":"BreadcrumbList","@id":"https:\/\/franciscanos.org.br\/carisma\/a-compaixao-em-sao-francisco-de-assis.html#breadcrumb","itemListElement":[{"@type":"ListItem","position":1,"name":"Home","item":"https:\/\/franciscanos.org.br\/carisma"},{"@type":"ListItem","position":2,"name":"A respeito da compaix\u00e3o em S\u00e3o Francisco de Assis"}]},{"@type":"Person","@id":"https:\/\/franciscanos.org.br\/carisma\/#\/schema\/person\/e352342a457f086dc6152f9c73a3d093","name":"admin","image":{"@type":"ImageObject","inLanguage":"pt-BR","@id":"https:\/\/franciscanos.org.br\/carisma\/#\/schema\/person\/image\/","url":"https:\/\/secure.gravatar.com\/avatar\/e8495742d34d0ba6448ea1c628263b3e?s=96&d=mm&r=g","contentUrl":"https:\/\/secure.gravatar.com\/avatar\/e8495742d34d0ba6448ea1c628263b3e?s=96&d=mm&r=g","caption":"admin"},"url":"https:\/\/franciscanos.org.br\/carisma\/author\/admin"}]}},"_links":{"self":[{"href":"https:\/\/franciscanos.org.br\/carisma\/wp-json\/wp\/v2\/posts\/107644"}],"collection":[{"href":"https:\/\/franciscanos.org.br\/carisma\/wp-json\/wp\/v2\/posts"}],"about":[{"href":"https:\/\/franciscanos.org.br\/carisma\/wp-json\/wp\/v2\/types\/post"}],"author":[{"embeddable":true,"href":"https:\/\/franciscanos.org.br\/carisma\/wp-json\/wp\/v2\/users\/1"}],"replies":[{"embeddable":true,"href":"https:\/\/franciscanos.org.br\/carisma\/wp-json\/wp\/v2\/comments?post=107644"}],"version-history":[{"count":0,"href":"https:\/\/franciscanos.org.br\/carisma\/wp-json\/wp\/v2\/posts\/107644\/revisions"}],"wp:featuredmedia":[{"embeddable":true,"href":"https:\/\/franciscanos.org.br\/carisma\/wp-json\/wp\/v2\/media\/174713"}],"wp:attachment":[{"href":"https:\/\/franciscanos.org.br\/carisma\/wp-json\/wp\/v2\/media?parent=107644"}],"wp:term":[{"taxonomy":"category","embeddable":true,"href":"https:\/\/franciscanos.org.br\/carisma\/wp-json\/wp\/v2\/categories?post=107644"},{"taxonomy":"post_tag","embeddable":true,"href":"https:\/\/franciscanos.org.br\/carisma\/wp-json\/wp\/v2\/tags?post=107644"}],"curies":[{"name":"wp","href":"https:\/\/api.w.org\/{rel}","templated":true}]}}