{"id":106386,"date":"2016-03-23T08:04:29","date_gmt":"2016-03-23T11:04:29","guid":{"rendered":"http:\/\/franciscanos.org.br\/?p=106386"},"modified":"2016-03-23T08:04:29","modified_gmt":"2016-03-23T11:04:29","slug":"mandamentos-do-assistente-espiritual-na-ofs","status":"publish","type":"post","link":"https:\/\/franciscanos.org.br\/carisma\/mandamentos-do-assistente-espiritual-na-ofs.html","title":{"rendered":"Mandamentos do assistente espiritual na OFS"},"content":{"rendered":"<p><img loading=\"lazy\" src=\"http:\/\/franciscanos.org.br\/wp-content\/uploads\/2016\/03\/ofs.jpg\" alt=\"ofs\" width=\"820\" height=\"515\" \/><\/p>\n<blockquote><p>\u2022 Nossas Fraternidades Franciscanas Seculares s\u00e3o animadas por um Conselho do qual faz parte um Assistente Espiritual, religioso de um dos ramos da Ordem I ou da TOR. N\u00e3o se trata de uma figura decorativa e que tem apenas a miss\u00e3o de \u201cdirigir\u201d rezas. Ele assegura a liga\u00e7\u00e3o das Fraternidades Seculares com o carisma. N\u00e3o \u00e9 dono da fraternidade, nem diretor, mas um irm\u00e3o que educa, forma e acompanha.<\/p><\/blockquote>\n<p style=\"padding-left: 30px;\">\u2022 Os que s\u00e3o nomeados Assistentes precisam acreditar no carisma franciscano vivido no mundo. N\u00e3o podem pensar que ali se inserindo s\u00e3o como que capel\u00e3es ou diretores. Precisam \u201cvestir\u201d a camisa e saber que est\u00e3o colaborando com a Igreja em sua a\u00e7\u00e3o mission\u00e1ria.<\/p>\n<blockquote><p>\u2022 Precisam acreditar na cria\u00e7\u00e3o e fomento de um s\u00f3lido laicato crist\u00e3o marcado por pessoas que vivam no mundo, na fam\u00edlia, no trabalho, na pol\u00edtica o ideal evang\u00e9lico vivido e difundido por Francisco. N\u00e3o permitir\u00e3o que as Fraternidades se refugiem nas sacristias e se comprazam apenas em servi\u00e7os lit\u00fargicos.<\/p><\/blockquote>\n<p style=\"padding-left: 30px;\">\u2022 O Assistente ser\u00e1 colaborador na forma\u00e7\u00e3o de uma elite que deseja buscar a santidade e ser fermento no mundo. Insisto no termo elite. N\u00e3o se trata de elite de poder, mas elite de disc\u00edpulos do Serm\u00e3o da Montanha. Ajudar\u00e1 a equipe de forma\u00e7\u00e3o que, em muitas fraternidades, carece de pessoas bem preparadas, sem ser seu dono.<\/p>\n<blockquote><p>\u2022 Cuidar\u00e1 que os irm\u00e3os e irm\u00e3s se aprofundem na ora\u00e7\u00e3o, que cres\u00e7am na intimidade com Deus de tal forma que possam chegar a altos graus de ora\u00e7\u00e3o contemplativa e m\u00edstica, que vivam de verdade os sacramentos, que sejam eles mesmos ora\u00e7\u00e3o. Haver\u00e1 de lutar para que os seculares fujam de toda rotina, mesmice e mediocridade.<\/p><\/blockquote>\n<p style=\"padding-left: 30px;\">\u2022 Suas interven\u00e7\u00f5es nas reuni\u00f5es gerais s\u00e3o indispens\u00e1veis. \u00c9 um acompanhador de vidas trabalhadas por Deus.<\/p>\n<blockquote><p>\u2022 Faz-se presente nas reuni\u00f5es do Conselho com sua sabedoria e discernimento.<\/p><\/blockquote>\n<p style=\"padding-left: 30px;\">\u2022 Nunca falta \u00e0 reuni\u00e3o geral e sua presen\u00e7a \u00e9 a de um irm\u00e3o mais velho que caminha junto e inspira confian\u00e7a.<\/p>\n<blockquote><p>\u2022 Importante que possa dar um parecer s\u00f3lido a respeito dos irm\u00e3os que pedem a profiss\u00e3o. Conv\u00e9m que ele tenham di\u00e1logos com cada irm\u00e3o pessoalmente ao longo da inicia\u00e7\u00e3o e forma\u00e7\u00e3o.<\/p><\/blockquote>\n<p style=\"padding-left: 30px;\">\u2022 O Assistente far\u00e1 de sorte que as celebra\u00e7\u00f5es lit\u00fargicas sejam realizadas com esmero, verdade e conforme o esp\u00edrito da santa liturgia.<\/p>\n<blockquote><p>\u2022 O Assistente \u00e9 um irm\u00e3o mais velho e n\u00e3o apenas um \u201ccompanheirinho\u201d do grupo ou um anci\u00e3o que mais se assemelharia a um cansado vov\u00f4. Mesmo com idade \u00e9 pessoa cheia do fogo do Evangelho.<\/p><\/blockquote>\n<p style=\"padding-left: 30px;\"><strong>Frei Almir Guimar\u00e3es, assistente nacional da OFS<\/strong><\/p>\n","protected":false},"excerpt":{"rendered":"<p>Artigo<\/p>\n","protected":false},"author":1,"featured_media":174781,"comment_status":"open","ping_status":"open","sticky":false,"template":"","format":"standard","meta":[],"categories":[14],"tags":[],"yoast_head":"<!-- This site is optimized with the Yoast SEO plugin v19.2 - https:\/\/yoast.com\/wordpress\/plugins\/seo\/ -->\n<title>Mandamentos do assistente espiritual na OFS - Carisma - Franciscanos<\/title>\n<meta name=\"robots\" content=\"index, follow, max-snippet:-1, max-image-preview:large, max-video-preview:-1\" \/>\n<link rel=\"canonical\" href=\"https:\/\/franciscanos.org.br\/carisma\/mandamentos-do-assistente-espiritual-na-ofs.html\" \/>\n<meta property=\"og:locale\" content=\"pt_BR\" \/>\n<meta property=\"og:type\" content=\"article\" \/>\n<meta property=\"og:title\" content=\"Mandamentos do assistente espiritual na OFS - Carisma - Franciscanos\" \/>\n<meta property=\"og:description\" content=\"Artigo\" \/>\n<meta property=\"og:url\" content=\"https:\/\/franciscanos.org.br\/carisma\/mandamentos-do-assistente-espiritual-na-ofs.html\" \/>\n<meta property=\"og:site_name\" content=\"Carisma - Franciscanos\" \/>\n<meta property=\"article:published_time\" content=\"2016-03-23T11:04:29+00:00\" \/>\n<meta property=\"og:image\" content=\"https:\/\/franciscanos.org.br\/carisma\/wp-content\/uploads\/2018\/10\/ofs-1.jpg\" \/>\n\t<meta property=\"og:image:width\" content=\"820\" \/>\n\t<meta property=\"og:image:height\" content=\"515\" \/>\n\t<meta property=\"og:image:type\" content=\"image\/jpeg\" \/>\n<meta name=\"author\" content=\"admin\" \/>\n<meta name=\"twitter:card\" content=\"summary_large_image\" \/>\n<meta name=\"twitter:label1\" content=\"Escrito por\" \/>\n\t<meta name=\"twitter:data1\" content=\"admin\" \/>\n\t<meta name=\"twitter:label2\" content=\"Est. tempo de leitura\" \/>\n\t<meta name=\"twitter:data2\" content=\"2 minutos\" \/>\n<script type=\"application\/ld+json\" class=\"yoast-schema-graph\">{\"@context\":\"https:\/\/schema.org\",\"@graph\":[{\"@type\":\"WebSite\",\"@id\":\"https:\/\/franciscanos.org.br\/carisma\/#website\",\"url\":\"https:\/\/franciscanos.org.br\/carisma\/\",\"name\":\"Carisma - Franciscanos\",\"description\":\"Prov\u00edncia Franciscana da Imaculada Concei\u00e7\u00e3o do Brasil - Ordem dos Frades Menores\",\"potentialAction\":[{\"@type\":\"SearchAction\",\"target\":{\"@type\":\"EntryPoint\",\"urlTemplate\":\"https:\/\/franciscanos.org.br\/carisma\/?s={search_term_string}\"},\"query-input\":\"required name=search_term_string\"}],\"inLanguage\":\"pt-BR\"},{\"@type\":\"ImageObject\",\"inLanguage\":\"pt-BR\",\"@id\":\"https:\/\/franciscanos.org.br\/carisma\/mandamentos-do-assistente-espiritual-na-ofs.html#primaryimage\",\"url\":\"https:\/\/franciscanos.org.br\/carisma\/wp-content\/uploads\/2018\/10\/ofs-1.jpg\",\"contentUrl\":\"https:\/\/franciscanos.org.br\/carisma\/wp-content\/uploads\/2018\/10\/ofs-1.jpg\",\"width\":820,\"height\":515},{\"@type\":\"WebPage\",\"@id\":\"https:\/\/franciscanos.org.br\/carisma\/mandamentos-do-assistente-espiritual-na-ofs.html#webpage\",\"url\":\"https:\/\/franciscanos.org.br\/carisma\/mandamentos-do-assistente-espiritual-na-ofs.html\",\"name\":\"Mandamentos do assistente espiritual na OFS - Carisma - Franciscanos\",\"isPartOf\":{\"@id\":\"https:\/\/franciscanos.org.br\/carisma\/#website\"},\"primaryImageOfPage\":{\"@id\":\"https:\/\/franciscanos.org.br\/carisma\/mandamentos-do-assistente-espiritual-na-ofs.html#primaryimage\"},\"datePublished\":\"2016-03-23T11:04:29+00:00\",\"dateModified\":\"2016-03-23T11:04:29+00:00\",\"author\":{\"@id\":\"https:\/\/franciscanos.org.br\/carisma\/#\/schema\/person\/e352342a457f086dc6152f9c73a3d093\"},\"breadcrumb\":{\"@id\":\"https:\/\/franciscanos.org.br\/carisma\/mandamentos-do-assistente-espiritual-na-ofs.html#breadcrumb\"},\"inLanguage\":\"pt-BR\",\"potentialAction\":[{\"@type\":\"ReadAction\",\"target\":[\"https:\/\/franciscanos.org.br\/carisma\/mandamentos-do-assistente-espiritual-na-ofs.html\"]}]},{\"@type\":\"BreadcrumbList\",\"@id\":\"https:\/\/franciscanos.org.br\/carisma\/mandamentos-do-assistente-espiritual-na-ofs.html#breadcrumb\",\"itemListElement\":[{\"@type\":\"ListItem\",\"position\":1,\"name\":\"Home\",\"item\":\"https:\/\/franciscanos.org.br\/carisma\"},{\"@type\":\"ListItem\",\"position\":2,\"name\":\"Mandamentos do assistente espiritual na OFS\"}]},{\"@type\":\"Person\",\"@id\":\"https:\/\/franciscanos.org.br\/carisma\/#\/schema\/person\/e352342a457f086dc6152f9c73a3d093\",\"name\":\"admin\",\"image\":{\"@type\":\"ImageObject\",\"inLanguage\":\"pt-BR\",\"@id\":\"https:\/\/franciscanos.org.br\/carisma\/#\/schema\/person\/image\/\",\"url\":\"https:\/\/secure.gravatar.com\/avatar\/e8495742d34d0ba6448ea1c628263b3e?s=96&d=mm&r=g\",\"contentUrl\":\"https:\/\/secure.gravatar.com\/avatar\/e8495742d34d0ba6448ea1c628263b3e?s=96&d=mm&r=g\",\"caption\":\"admin\"},\"url\":\"https:\/\/franciscanos.org.br\/carisma\/author\/admin\"}]}<\/script>\n<!-- \/ Yoast SEO plugin. -->","yoast_head_json":{"title":"Mandamentos do assistente espiritual na OFS - Carisma - Franciscanos","robots":{"index":"index","follow":"follow","max-snippet":"max-snippet:-1","max-image-preview":"max-image-preview:large","max-video-preview":"max-video-preview:-1"},"canonical":"https:\/\/franciscanos.org.br\/carisma\/mandamentos-do-assistente-espiritual-na-ofs.html","og_locale":"pt_BR","og_type":"article","og_title":"Mandamentos do assistente espiritual na OFS - Carisma - Franciscanos","og_description":"Artigo","og_url":"https:\/\/franciscanos.org.br\/carisma\/mandamentos-do-assistente-espiritual-na-ofs.html","og_site_name":"Carisma - Franciscanos","article_published_time":"2016-03-23T11:04:29+00:00","og_image":[{"width":820,"height":515,"url":"https:\/\/franciscanos.org.br\/carisma\/wp-content\/uploads\/2018\/10\/ofs-1.jpg","type":"image\/jpeg"}],"author":"admin","twitter_card":"summary_large_image","twitter_misc":{"Escrito por":"admin","Est. tempo de leitura":"2 minutos"},"schema":{"@context":"https:\/\/schema.org","@graph":[{"@type":"WebSite","@id":"https:\/\/franciscanos.org.br\/carisma\/#website","url":"https:\/\/franciscanos.org.br\/carisma\/","name":"Carisma - Franciscanos","description":"Prov\u00edncia Franciscana da Imaculada Concei\u00e7\u00e3o do Brasil - Ordem dos Frades Menores","potentialAction":[{"@type":"SearchAction","target":{"@type":"EntryPoint","urlTemplate":"https:\/\/franciscanos.org.br\/carisma\/?s={search_term_string}"},"query-input":"required name=search_term_string"}],"inLanguage":"pt-BR"},{"@type":"ImageObject","inLanguage":"pt-BR","@id":"https:\/\/franciscanos.org.br\/carisma\/mandamentos-do-assistente-espiritual-na-ofs.html#primaryimage","url":"https:\/\/franciscanos.org.br\/carisma\/wp-content\/uploads\/2018\/10\/ofs-1.jpg","contentUrl":"https:\/\/franciscanos.org.br\/carisma\/wp-content\/uploads\/2018\/10\/ofs-1.jpg","width":820,"height":515},{"@type":"WebPage","@id":"https:\/\/franciscanos.org.br\/carisma\/mandamentos-do-assistente-espiritual-na-ofs.html#webpage","url":"https:\/\/franciscanos.org.br\/carisma\/mandamentos-do-assistente-espiritual-na-ofs.html","name":"Mandamentos do assistente espiritual na OFS - Carisma - Franciscanos","isPartOf":{"@id":"https:\/\/franciscanos.org.br\/carisma\/#website"},"primaryImageOfPage":{"@id":"https:\/\/franciscanos.org.br\/carisma\/mandamentos-do-assistente-espiritual-na-ofs.html#primaryimage"},"datePublished":"2016-03-23T11:04:29+00:00","dateModified":"2016-03-23T11:04:29+00:00","author":{"@id":"https:\/\/franciscanos.org.br\/carisma\/#\/schema\/person\/e352342a457f086dc6152f9c73a3d093"},"breadcrumb":{"@id":"https:\/\/franciscanos.org.br\/carisma\/mandamentos-do-assistente-espiritual-na-ofs.html#breadcrumb"},"inLanguage":"pt-BR","potentialAction":[{"@type":"ReadAction","target":["https:\/\/franciscanos.org.br\/carisma\/mandamentos-do-assistente-espiritual-na-ofs.html"]}]},{"@type":"BreadcrumbList","@id":"https:\/\/franciscanos.org.br\/carisma\/mandamentos-do-assistente-espiritual-na-ofs.html#breadcrumb","itemListElement":[{"@type":"ListItem","position":1,"name":"Home","item":"https:\/\/franciscanos.org.br\/carisma"},{"@type":"ListItem","position":2,"name":"Mandamentos do assistente espiritual na OFS"}]},{"@type":"Person","@id":"https:\/\/franciscanos.org.br\/carisma\/#\/schema\/person\/e352342a457f086dc6152f9c73a3d093","name":"admin","image":{"@type":"ImageObject","inLanguage":"pt-BR","@id":"https:\/\/franciscanos.org.br\/carisma\/#\/schema\/person\/image\/","url":"https:\/\/secure.gravatar.com\/avatar\/e8495742d34d0ba6448ea1c628263b3e?s=96&d=mm&r=g","contentUrl":"https:\/\/secure.gravatar.com\/avatar\/e8495742d34d0ba6448ea1c628263b3e?s=96&d=mm&r=g","caption":"admin"},"url":"https:\/\/franciscanos.org.br\/carisma\/author\/admin"}]}},"_links":{"self":[{"href":"https:\/\/franciscanos.org.br\/carisma\/wp-json\/wp\/v2\/posts\/106386"}],"collection":[{"href":"https:\/\/franciscanos.org.br\/carisma\/wp-json\/wp\/v2\/posts"}],"about":[{"href":"https:\/\/franciscanos.org.br\/carisma\/wp-json\/wp\/v2\/types\/post"}],"author":[{"embeddable":true,"href":"https:\/\/franciscanos.org.br\/carisma\/wp-json\/wp\/v2\/users\/1"}],"replies":[{"embeddable":true,"href":"https:\/\/franciscanos.org.br\/carisma\/wp-json\/wp\/v2\/comments?post=106386"}],"version-history":[{"count":0,"href":"https:\/\/franciscanos.org.br\/carisma\/wp-json\/wp\/v2\/posts\/106386\/revisions"}],"wp:featuredmedia":[{"embeddable":true,"href":"https:\/\/franciscanos.org.br\/carisma\/wp-json\/wp\/v2\/media\/174781"}],"wp:attachment":[{"href":"https:\/\/franciscanos.org.br\/carisma\/wp-json\/wp\/v2\/media?parent=106386"}],"wp:term":[{"taxonomy":"category","embeddable":true,"href":"https:\/\/franciscanos.org.br\/carisma\/wp-json\/wp\/v2\/categories?post=106386"},{"taxonomy":"post_tag","embeddable":true,"href":"https:\/\/franciscanos.org.br\/carisma\/wp-json\/wp\/v2\/tags?post=106386"}],"curies":[{"name":"wp","href":"https:\/\/api.w.org\/{rel}","templated":true}]}}