{"id":105414,"date":"2016-03-07T08:23:26","date_gmt":"2016-03-07T11:23:26","guid":{"rendered":"http:\/\/franciscanos.org.br\/?p=105414"},"modified":"2016-03-07T08:23:26","modified_gmt":"2016-03-07T11:23:26","slug":"a-dimensao-social-do-minorismo","status":"publish","type":"post","link":"https:\/\/franciscanos.org.br\/carisma\/a-dimensao-social-do-minorismo.html","title":{"rendered":"A dimens\u00e3o social do minorismo"},"content":{"rendered":"<h3><img loading=\"lazy\" src=\"http:\/\/franciscanos.org.br\/wp-content\/uploads\/2016\/03\/minorismo_820.jpg\" alt=\"minorismo_820\" width=\"820\" height=\"546\" \/><br \/>\nO servi\u00e7o minor\u00edtico<\/h3>\n<p>O minorismo \u00e9 uma maneira de seguir os tra\u00e7os de Cristo-servo. Quando esta vontade humilde de servi\u00e7o tem suas ra\u00edzes na pessoa de Jesus Cristo, necessariamente vai se encarnar na realidade cotidiana. Seria trair a Francisco dissociar uma leitura espiritualista de uma leitura sociol\u00f3gica desta no\u00e7\u00e3o de minorismo. Seu enraizamento \u00e9 cristol\u00f3gico, sua aplica\u00e7\u00e3o \u00e9 sociol\u00f3gica.<\/p>\n<p>Francisco insiste na pedagogia do \u201cfazer\u201d. Repete muitas vezes que s\u00f3 se compreende bem aquilo que se experimentou e que nossas a\u00e7\u00f5es convertem mais do que mil pensamentos. Cristo conclui a cena do lava-p\u00e9s, dizendo: \u201cSereis felizes se o fizerdes\u201d (Jo 13.1-17).<\/p>\n<p>Francisco e a tradi\u00e7\u00e3o franciscana haver\u00e3o de descobrir m\u00faltiplas aplica\u00e7\u00f5es desse minorismo-servi\u00e7o, desse submeter-se voluntariamente aos outros, no plano dos relacionamentos interpessoais, no exerc\u00edcio da autoridade, no servir e trabalhar na propriedade de outros, no modo de conceber a miss\u00e3o, na maneira de se situar perante a Igreja, no posicionamento diante das criaturas. Vale sempre a lei do servi\u00e7o minor\u00edtico.<\/p>\n<p>Sabemos que Francisco ouviu o Evangelho no encontro entre seu tempo e a Palavra de Deus. Ora, em sua \u00e9poca, os minores eram tamb\u00e9m, em sentido sociol\u00f3gico do termo, o \u201cpovinho\u201d, esses que eram desprezados, exclu\u00eddos pelos maiores, a nova classe dos dirigentes burgueses que confiscaram o poder gra\u00e7as \u00e0s suas riquezas. Na l\u00f3gica do lava-p\u00e9s, Francisco e seus companheiros optaram pelos marginais em benef\u00edcio dos quais os movimentos medievais nada fizeram sen\u00e3o que trocassem de patr\u00f5es. Os frades menores espontaneamente se sentir\u00e3o solid\u00e1rios destas pessoas de baixa condi\u00e7\u00e3o e tantas vezes desprezadas: \u201cE os irm\u00e3os devem alegrar-se quando viverem entre pessoas insignificantes e desprezadas, entre os pobres, fracos, enfermos, leprosos e os que mendigam pela rua\u201d (Regra n\u00e3o bulada, IX).<\/p>\n<p>Neste contexto, encontramos o minorismo em sua acep\u00e7\u00e3o original de servi\u00e7o, ou seja, vontade deliberada de servir ocupando o \u00faltimo lugar. Para Francisco e seus irm\u00e3os, tal n\u00e3o significa uma submiss\u00e3o vil e indigna do homem, mas uma op\u00e7\u00e3o, uma escolha volunt\u00e1ria, uma miss\u00e3o recebida do Senhor que necessita de uma s\u00f3lida identidade interior enraizada na pessoa de Cristo. Em nossa sociedade ocidental e em tantas culturas, o minorismo n\u00e3o constitui um valor que se imponha por si mesmo. \u00c9 um desafio, quer dizer, o desafio do Evangelho, de um Deus cuja revela\u00e7\u00e3o \u00e9 humanamente desconcertante. O minorismo n\u00e3o se concebe sem refer\u00eancia a um chamamento da parte do Senhor e ao dom do Esp\u00edrito. Somente a f\u00e9 e a caridade podem dar um sentido libertador a este incompreens\u00edvel minorismo que ser\u00e1 necess\u00e1rio sempre reinventar no plano familiar, profissional e social.<\/p>\n<p>O frade menor \u00e9 o homem do lava-p\u00e9s. N\u00e3o \u00e9 nem um \u201cminus\u201d, nem um \u201cplus\u201d, mas um irm\u00e3o que compreendeu que o verdadeiro poder \u00e9 o do amor que serve. O frade menor tenta, apesar de covardias e de fragilidade, hoje, \u00e0 sua maneira, exprimir a ternura do Cristo-servo que liberta os homens e os reabilita em sua dignidade de filhos de Deus. Que esse Testamento de Cristo-servo toque nossas fibras interiores a exemplo de Francisco que, antes de dar o \u00faltimo suspiro, quis uma vez ainda ouvir o cap\u00edtulo 13 de Jo\u00e3o l\u00e1 onde Cristo lava os p\u00e9s dos seus.<\/p>\n<p>Finalmente, esse minorismo nada mais \u00e9 que o abaixamento de Cristo, do Criador que mergulha na finitude do Homem, que nada mais \u00e9 do que um corpo dilacerado na cruz, objeto de piedade e de zombaria, despojado de toda apar\u00eancia de poder. E, no entanto, a maior revolu\u00e7\u00e3o da hist\u00f3ria germinava desse crucificado, cujo \u201cminorismo\u201d encobria o triunfo do Amor, o \u00fanico poder que tem para ele promessas de eternidade.<\/p>\n<p><strong>Frei Almir Guimar\u00e3es<\/strong><\/p>\n<p><em>Refer\u00eancia: Michel Hubaut, Chemins d\u2019int\u00e9riorit\u00e9 avec saint Fran\u00e7ois, \u00c9ditions franciscaines 2012, p.132-136<\/em><\/p>\n","protected":false},"excerpt":{"rendered":"<p>Franciscanamente<\/p>\n","protected":false},"author":1,"featured_media":174712,"comment_status":"open","ping_status":"open","sticky":false,"template":"","format":"standard","meta":[],"categories":[11],"tags":[],"yoast_head":"<!-- This site is optimized with the Yoast SEO plugin v19.2 - https:\/\/yoast.com\/wordpress\/plugins\/seo\/ -->\n<title>A dimens\u00e3o social do minorismo - Carisma - Franciscanos<\/title>\n<meta name=\"robots\" content=\"index, follow, max-snippet:-1, max-image-preview:large, max-video-preview:-1\" \/>\n<link rel=\"canonical\" href=\"https:\/\/franciscanos.org.br\/carisma\/a-dimensao-social-do-minorismo.html\" \/>\n<meta property=\"og:locale\" content=\"pt_BR\" \/>\n<meta property=\"og:type\" content=\"article\" \/>\n<meta property=\"og:title\" content=\"A dimens\u00e3o social do minorismo - Carisma - Franciscanos\" \/>\n<meta property=\"og:description\" content=\"Franciscanamente\" \/>\n<meta property=\"og:url\" content=\"https:\/\/franciscanos.org.br\/carisma\/a-dimensao-social-do-minorismo.html\" \/>\n<meta property=\"og:site_name\" content=\"Carisma - Franciscanos\" \/>\n<meta property=\"article:published_time\" content=\"2016-03-07T11:23:26+00:00\" \/>\n<meta property=\"og:image\" content=\"https:\/\/franciscanos.org.br\/carisma\/wp-content\/uploads\/2018\/10\/minorismo_820.jpg\" \/>\n\t<meta property=\"og:image:width\" content=\"820\" \/>\n\t<meta property=\"og:image:height\" content=\"546\" \/>\n\t<meta property=\"og:image:type\" content=\"image\/jpeg\" \/>\n<meta name=\"author\" content=\"admin\" \/>\n<meta name=\"twitter:card\" content=\"summary_large_image\" \/>\n<meta name=\"twitter:label1\" content=\"Escrito por\" \/>\n\t<meta name=\"twitter:data1\" content=\"admin\" \/>\n\t<meta name=\"twitter:label2\" content=\"Est. tempo de leitura\" \/>\n\t<meta name=\"twitter:data2\" content=\"3 minutos\" \/>\n<script type=\"application\/ld+json\" class=\"yoast-schema-graph\">{\"@context\":\"https:\/\/schema.org\",\"@graph\":[{\"@type\":\"WebSite\",\"@id\":\"https:\/\/franciscanos.org.br\/carisma\/#website\",\"url\":\"https:\/\/franciscanos.org.br\/carisma\/\",\"name\":\"Carisma - Franciscanos\",\"description\":\"Prov\u00edncia Franciscana da Imaculada Concei\u00e7\u00e3o do Brasil - Ordem dos Frades Menores\",\"potentialAction\":[{\"@type\":\"SearchAction\",\"target\":{\"@type\":\"EntryPoint\",\"urlTemplate\":\"https:\/\/franciscanos.org.br\/carisma\/?s={search_term_string}\"},\"query-input\":\"required name=search_term_string\"}],\"inLanguage\":\"pt-BR\"},{\"@type\":\"ImageObject\",\"inLanguage\":\"pt-BR\",\"@id\":\"https:\/\/franciscanos.org.br\/carisma\/a-dimensao-social-do-minorismo.html#primaryimage\",\"url\":\"https:\/\/franciscanos.org.br\/carisma\/wp-content\/uploads\/2018\/10\/minorismo_820.jpg\",\"contentUrl\":\"https:\/\/franciscanos.org.br\/carisma\/wp-content\/uploads\/2018\/10\/minorismo_820.jpg\",\"width\":820,\"height\":546},{\"@type\":\"WebPage\",\"@id\":\"https:\/\/franciscanos.org.br\/carisma\/a-dimensao-social-do-minorismo.html#webpage\",\"url\":\"https:\/\/franciscanos.org.br\/carisma\/a-dimensao-social-do-minorismo.html\",\"name\":\"A dimens\u00e3o social do minorismo - Carisma - Franciscanos\",\"isPartOf\":{\"@id\":\"https:\/\/franciscanos.org.br\/carisma\/#website\"},\"primaryImageOfPage\":{\"@id\":\"https:\/\/franciscanos.org.br\/carisma\/a-dimensao-social-do-minorismo.html#primaryimage\"},\"datePublished\":\"2016-03-07T11:23:26+00:00\",\"dateModified\":\"2016-03-07T11:23:26+00:00\",\"author\":{\"@id\":\"https:\/\/franciscanos.org.br\/carisma\/#\/schema\/person\/e352342a457f086dc6152f9c73a3d093\"},\"breadcrumb\":{\"@id\":\"https:\/\/franciscanos.org.br\/carisma\/a-dimensao-social-do-minorismo.html#breadcrumb\"},\"inLanguage\":\"pt-BR\",\"potentialAction\":[{\"@type\":\"ReadAction\",\"target\":[\"https:\/\/franciscanos.org.br\/carisma\/a-dimensao-social-do-minorismo.html\"]}]},{\"@type\":\"BreadcrumbList\",\"@id\":\"https:\/\/franciscanos.org.br\/carisma\/a-dimensao-social-do-minorismo.html#breadcrumb\",\"itemListElement\":[{\"@type\":\"ListItem\",\"position\":1,\"name\":\"Home\",\"item\":\"https:\/\/franciscanos.org.br\/carisma\"},{\"@type\":\"ListItem\",\"position\":2,\"name\":\"A dimens\u00e3o social do minorismo\"}]},{\"@type\":\"Person\",\"@id\":\"https:\/\/franciscanos.org.br\/carisma\/#\/schema\/person\/e352342a457f086dc6152f9c73a3d093\",\"name\":\"admin\",\"image\":{\"@type\":\"ImageObject\",\"inLanguage\":\"pt-BR\",\"@id\":\"https:\/\/franciscanos.org.br\/carisma\/#\/schema\/person\/image\/\",\"url\":\"https:\/\/secure.gravatar.com\/avatar\/e8495742d34d0ba6448ea1c628263b3e?s=96&d=mm&r=g\",\"contentUrl\":\"https:\/\/secure.gravatar.com\/avatar\/e8495742d34d0ba6448ea1c628263b3e?s=96&d=mm&r=g\",\"caption\":\"admin\"},\"url\":\"https:\/\/franciscanos.org.br\/carisma\/author\/admin\"}]}<\/script>\n<!-- \/ Yoast SEO plugin. -->","yoast_head_json":{"title":"A dimens\u00e3o social do minorismo - Carisma - Franciscanos","robots":{"index":"index","follow":"follow","max-snippet":"max-snippet:-1","max-image-preview":"max-image-preview:large","max-video-preview":"max-video-preview:-1"},"canonical":"https:\/\/franciscanos.org.br\/carisma\/a-dimensao-social-do-minorismo.html","og_locale":"pt_BR","og_type":"article","og_title":"A dimens\u00e3o social do minorismo - Carisma - Franciscanos","og_description":"Franciscanamente","og_url":"https:\/\/franciscanos.org.br\/carisma\/a-dimensao-social-do-minorismo.html","og_site_name":"Carisma - Franciscanos","article_published_time":"2016-03-07T11:23:26+00:00","og_image":[{"width":820,"height":546,"url":"https:\/\/franciscanos.org.br\/carisma\/wp-content\/uploads\/2018\/10\/minorismo_820.jpg","type":"image\/jpeg"}],"author":"admin","twitter_card":"summary_large_image","twitter_misc":{"Escrito por":"admin","Est. tempo de leitura":"3 minutos"},"schema":{"@context":"https:\/\/schema.org","@graph":[{"@type":"WebSite","@id":"https:\/\/franciscanos.org.br\/carisma\/#website","url":"https:\/\/franciscanos.org.br\/carisma\/","name":"Carisma - Franciscanos","description":"Prov\u00edncia Franciscana da Imaculada Concei\u00e7\u00e3o do Brasil - Ordem dos Frades Menores","potentialAction":[{"@type":"SearchAction","target":{"@type":"EntryPoint","urlTemplate":"https:\/\/franciscanos.org.br\/carisma\/?s={search_term_string}"},"query-input":"required name=search_term_string"}],"inLanguage":"pt-BR"},{"@type":"ImageObject","inLanguage":"pt-BR","@id":"https:\/\/franciscanos.org.br\/carisma\/a-dimensao-social-do-minorismo.html#primaryimage","url":"https:\/\/franciscanos.org.br\/carisma\/wp-content\/uploads\/2018\/10\/minorismo_820.jpg","contentUrl":"https:\/\/franciscanos.org.br\/carisma\/wp-content\/uploads\/2018\/10\/minorismo_820.jpg","width":820,"height":546},{"@type":"WebPage","@id":"https:\/\/franciscanos.org.br\/carisma\/a-dimensao-social-do-minorismo.html#webpage","url":"https:\/\/franciscanos.org.br\/carisma\/a-dimensao-social-do-minorismo.html","name":"A dimens\u00e3o social do minorismo - Carisma - Franciscanos","isPartOf":{"@id":"https:\/\/franciscanos.org.br\/carisma\/#website"},"primaryImageOfPage":{"@id":"https:\/\/franciscanos.org.br\/carisma\/a-dimensao-social-do-minorismo.html#primaryimage"},"datePublished":"2016-03-07T11:23:26+00:00","dateModified":"2016-03-07T11:23:26+00:00","author":{"@id":"https:\/\/franciscanos.org.br\/carisma\/#\/schema\/person\/e352342a457f086dc6152f9c73a3d093"},"breadcrumb":{"@id":"https:\/\/franciscanos.org.br\/carisma\/a-dimensao-social-do-minorismo.html#breadcrumb"},"inLanguage":"pt-BR","potentialAction":[{"@type":"ReadAction","target":["https:\/\/franciscanos.org.br\/carisma\/a-dimensao-social-do-minorismo.html"]}]},{"@type":"BreadcrumbList","@id":"https:\/\/franciscanos.org.br\/carisma\/a-dimensao-social-do-minorismo.html#breadcrumb","itemListElement":[{"@type":"ListItem","position":1,"name":"Home","item":"https:\/\/franciscanos.org.br\/carisma"},{"@type":"ListItem","position":2,"name":"A dimens\u00e3o social do minorismo"}]},{"@type":"Person","@id":"https:\/\/franciscanos.org.br\/carisma\/#\/schema\/person\/e352342a457f086dc6152f9c73a3d093","name":"admin","image":{"@type":"ImageObject","inLanguage":"pt-BR","@id":"https:\/\/franciscanos.org.br\/carisma\/#\/schema\/person\/image\/","url":"https:\/\/secure.gravatar.com\/avatar\/e8495742d34d0ba6448ea1c628263b3e?s=96&d=mm&r=g","contentUrl":"https:\/\/secure.gravatar.com\/avatar\/e8495742d34d0ba6448ea1c628263b3e?s=96&d=mm&r=g","caption":"admin"},"url":"https:\/\/franciscanos.org.br\/carisma\/author\/admin"}]}},"_links":{"self":[{"href":"https:\/\/franciscanos.org.br\/carisma\/wp-json\/wp\/v2\/posts\/105414"}],"collection":[{"href":"https:\/\/franciscanos.org.br\/carisma\/wp-json\/wp\/v2\/posts"}],"about":[{"href":"https:\/\/franciscanos.org.br\/carisma\/wp-json\/wp\/v2\/types\/post"}],"author":[{"embeddable":true,"href":"https:\/\/franciscanos.org.br\/carisma\/wp-json\/wp\/v2\/users\/1"}],"replies":[{"embeddable":true,"href":"https:\/\/franciscanos.org.br\/carisma\/wp-json\/wp\/v2\/comments?post=105414"}],"version-history":[{"count":0,"href":"https:\/\/franciscanos.org.br\/carisma\/wp-json\/wp\/v2\/posts\/105414\/revisions"}],"wp:featuredmedia":[{"embeddable":true,"href":"https:\/\/franciscanos.org.br\/carisma\/wp-json\/wp\/v2\/media\/174712"}],"wp:attachment":[{"href":"https:\/\/franciscanos.org.br\/carisma\/wp-json\/wp\/v2\/media?parent=105414"}],"wp:term":[{"taxonomy":"category","embeddable":true,"href":"https:\/\/franciscanos.org.br\/carisma\/wp-json\/wp\/v2\/categories?post=105414"},{"taxonomy":"post_tag","embeddable":true,"href":"https:\/\/franciscanos.org.br\/carisma\/wp-json\/wp\/v2\/tags?post=105414"}],"curies":[{"name":"wp","href":"https:\/\/api.w.org\/{rel}","templated":true}]}}