{"id":105000,"date":"2016-02-25T08:08:41","date_gmt":"2016-02-25T11:08:41","guid":{"rendered":"http:\/\/franciscanos.org.br\/?p=105000"},"modified":"2016-02-25T08:08:41","modified_gmt":"2016-02-25T11:08:41","slug":"francisco-um-misterio-a-ser-descoberto","status":"publish","type":"post","link":"https:\/\/franciscanos.org.br\/carisma\/francisco-um-misterio-a-ser-descoberto.html","title":{"rendered":"Francisco de Assis, um mist\u00e9rio a ser descoberto"},"content":{"rendered":"<p><img loading=\"lazy\" src=\"http:\/\/franciscanos.org.br\/wp-content\/uploads\/2016\/02\/francisco_25.jpg\" alt=\"francisco_25\" width=\"820\" height=\"513\" \/><\/p>\n<p><strong>Frei Almir Guimar\u00e3es<\/strong><\/p>\n<p>Esse Francisco, esse homem de Assis \u00e9 um mist\u00e9rio. N\u00e3o podemos permanecer eternamente presos ao Francisco das pombinhas e dos animais, da poesia e do sentimentalismo, ao Francisco meio et\u00e9reo, nem homem, nem anjo, nem tampouco ao Francisco das Ordens ditas franciscanas. Francisco n\u00e3o cabe em nossas estruturas acanhadas e m\u00edopes. \u00c9 maior que o franciscanismo, que a Igreja. Francisco \u00e9 do mundo todo.<\/p>\n<p>Ali\u00e1s, cada pessoa \u00e9 um mist\u00e9rio. O mist\u00e9rio de cada um n\u00e3o pode ser resumido a meia d\u00fazia de aspectos mais ou menos secund\u00e1rios e exteriores, a qualidades meio estereotipadas. O homem tem um po\u00e7o interior e \u00e9 para l\u00e1 que precisamos nos dirigir quando desejamos vislumbrar reverbera\u00e7\u00f5es do mist\u00e9rio de seu ser.<\/p>\n<p>Francisco \u00e9 algu\u00e9m apaixonado pelo humano, por tudo aquilo que vibra em nosso ser gente, ser homem, ser mulher. Sabe mimar o pres\u00e9pio, beijar o leproso, quebrar o jejum e comer uvas com um irm\u00e3o que n\u00e3o consegue realiz\u00e1-lo. Pede que Fra Jacoba lhe traga de Roma aqueles doces que ele tanto apreciava. Quer ainda sabore\u00e1-los antes de morrer. Francisco \u00e9 prot\u00f3tipo do humanismo. N\u00e3o cabe em modelos pr\u00e9-tra\u00e7ados.<\/p>\n<p>Francisco \u00e9 \u00fanico. \u00c9 um ser de desejos. N\u00e3o se contenta com o m\u00ednimo, mas busca sempre o m\u00e1ximo, o grande, o completo. N\u00e3o aceita arranjos existenciais acomodat\u00edcios. Tudo tem que ser sine glosa. Seu radicalismo encanta porque parte do fundo de seu ser. Nada tem de exibicionismo, nem de radicalismo legalista. Tudo nele brota do desejo interior de seguir at\u00e9 o fim o Evangelho do seu Amado.<\/p>\n<p>Tom\u00e1s de Celano, de maneira bela e profunda, tira um pouco o v\u00e9u do mist\u00e9rio ao descrever a ora\u00e7\u00e3o de Francisco: \u201cQuando rezava no mato e em lugares desertos, enchia o bosque de gemidos, derramava l\u00e1grimas por toda a parte, batia no peito, e achando-se mais escondido do que num esconderijo, conversava muitas vezes em voz alta com o seu Deus. Respondia ao juiz, fazia pedidos ao pai, conversava com amigo, brincava com o esposo\u201d (2Cel 95).<\/p>\n<p>Joseph Lortz assim se exprime: \u201cFrancisco \u00e9 um mist\u00e9rio. J\u00e1 o era para seus contempor\u00e2neos. Continua sendo um mist\u00e9rio para n\u00f3s hoje. Um mist\u00e9rio n\u00e3o deve ser desnudado levianamente. Do contr\u00e1rio se destr\u00f3i o enigma e, com ele, a pr\u00f3pria realidade. O mist\u00e9rio h\u00e1 de ser respeitado na sua insond\u00e1vel profundidade e tens\u00e3o. Ante o mist\u00e9rio \u00e9 preciso calar, entrar em contato com ele. Quando se contempla o mist\u00e9rio com olhar perseverante e desejo humilde e, em repetidas aproxima\u00e7\u00f5es, se procura penetrar em sua profundidade, \u00e9 poss\u00edvel que se revele algo de seu conte\u00fado, que vem enriquecer a alma meditante, enchendo-a de felicidade. Naturalmente sempre \u00e0 maneira de um mist\u00e9rio: levantando-se o v\u00e9u para se entrever segredos ainda mais profundos\u201d (Lortz, p.11).<\/p>\n<p>Francisco \u00e9 uma obra de arte. Uma obra de arte, uma pe\u00e7a musical n\u00e3o podem ser entendidas a partir de descri\u00e7\u00f5es. Quem n\u00e3o as viu, n\u00e3o as tocou, n\u00e3o as ouviu n\u00e3o formar\u00e1 dela uma ideia adequada. Ser\u00e1 preciso conviver com o Francisco das Regras, das Admoesta\u00e7\u00f5es, do Testamento, das p\u00e1ginas de Frei Tom\u00e1s da cidade de Celano e de S\u00e3o Boaventura. Ser\u00e1 ter no cora\u00e7\u00e3o sede de plenitude e saudades do Evangelho. Do contr\u00e1rio seremos meros \u201cfaladores\u201d de coisas de Francisco.<\/p>\n<p><em>Refer\u00eancia: Francisco de Assis, O santo incompar\u00e1vel, Joseph Lortz, Vozes\/Cefepal 1982, p. 11-12<\/em><\/p>\n","protected":false},"excerpt":{"rendered":"<p>Franciscanamente<\/p>\n","protected":false},"author":1,"featured_media":174711,"comment_status":"open","ping_status":"open","sticky":false,"template":"","format":"standard","meta":[],"categories":[11],"tags":[],"yoast_head":"<!-- This site is optimized with the Yoast SEO plugin v19.2 - https:\/\/yoast.com\/wordpress\/plugins\/seo\/ -->\n<title>Francisco de Assis, um mist\u00e9rio a ser descoberto - Carisma - Franciscanos<\/title>\n<meta name=\"robots\" content=\"index, follow, max-snippet:-1, max-image-preview:large, max-video-preview:-1\" \/>\n<link rel=\"canonical\" href=\"https:\/\/franciscanos.org.br\/carisma\/francisco-um-misterio-a-ser-descoberto.html\" \/>\n<meta property=\"og:locale\" content=\"pt_BR\" \/>\n<meta property=\"og:type\" content=\"article\" \/>\n<meta property=\"og:title\" content=\"Francisco de Assis, um mist\u00e9rio a ser descoberto - Carisma - Franciscanos\" \/>\n<meta property=\"og:description\" content=\"Franciscanamente\" \/>\n<meta property=\"og:url\" content=\"https:\/\/franciscanos.org.br\/carisma\/francisco-um-misterio-a-ser-descoberto.html\" \/>\n<meta property=\"og:site_name\" content=\"Carisma - Franciscanos\" \/>\n<meta property=\"article:published_time\" content=\"2016-02-25T11:08:41+00:00\" \/>\n<meta property=\"og:image\" content=\"https:\/\/franciscanos.org.br\/carisma\/wp-content\/uploads\/2018\/10\/francisco_25.jpg\" \/>\n\t<meta property=\"og:image:width\" content=\"820\" \/>\n\t<meta property=\"og:image:height\" content=\"513\" \/>\n\t<meta property=\"og:image:type\" content=\"image\/jpeg\" \/>\n<meta name=\"author\" content=\"admin\" \/>\n<meta name=\"twitter:card\" content=\"summary_large_image\" \/>\n<meta name=\"twitter:label1\" content=\"Escrito por\" \/>\n\t<meta name=\"twitter:data1\" content=\"admin\" \/>\n\t<meta name=\"twitter:label2\" content=\"Est. tempo de leitura\" \/>\n\t<meta name=\"twitter:data2\" content=\"3 minutos\" \/>\n<script type=\"application\/ld+json\" class=\"yoast-schema-graph\">{\"@context\":\"https:\/\/schema.org\",\"@graph\":[{\"@type\":\"WebSite\",\"@id\":\"https:\/\/franciscanos.org.br\/carisma\/#website\",\"url\":\"https:\/\/franciscanos.org.br\/carisma\/\",\"name\":\"Carisma - Franciscanos\",\"description\":\"Prov\u00edncia Franciscana da Imaculada Concei\u00e7\u00e3o do Brasil - Ordem dos Frades Menores\",\"potentialAction\":[{\"@type\":\"SearchAction\",\"target\":{\"@type\":\"EntryPoint\",\"urlTemplate\":\"https:\/\/franciscanos.org.br\/carisma\/?s={search_term_string}\"},\"query-input\":\"required name=search_term_string\"}],\"inLanguage\":\"pt-BR\"},{\"@type\":\"ImageObject\",\"inLanguage\":\"pt-BR\",\"@id\":\"https:\/\/franciscanos.org.br\/carisma\/francisco-um-misterio-a-ser-descoberto.html#primaryimage\",\"url\":\"https:\/\/franciscanos.org.br\/carisma\/wp-content\/uploads\/2018\/10\/francisco_25.jpg\",\"contentUrl\":\"https:\/\/franciscanos.org.br\/carisma\/wp-content\/uploads\/2018\/10\/francisco_25.jpg\",\"width\":820,\"height\":513},{\"@type\":\"WebPage\",\"@id\":\"https:\/\/franciscanos.org.br\/carisma\/francisco-um-misterio-a-ser-descoberto.html#webpage\",\"url\":\"https:\/\/franciscanos.org.br\/carisma\/francisco-um-misterio-a-ser-descoberto.html\",\"name\":\"Francisco de Assis, um mist\u00e9rio a ser descoberto - Carisma - Franciscanos\",\"isPartOf\":{\"@id\":\"https:\/\/franciscanos.org.br\/carisma\/#website\"},\"primaryImageOfPage\":{\"@id\":\"https:\/\/franciscanos.org.br\/carisma\/francisco-um-misterio-a-ser-descoberto.html#primaryimage\"},\"datePublished\":\"2016-02-25T11:08:41+00:00\",\"dateModified\":\"2016-02-25T11:08:41+00:00\",\"author\":{\"@id\":\"https:\/\/franciscanos.org.br\/carisma\/#\/schema\/person\/e352342a457f086dc6152f9c73a3d093\"},\"breadcrumb\":{\"@id\":\"https:\/\/franciscanos.org.br\/carisma\/francisco-um-misterio-a-ser-descoberto.html#breadcrumb\"},\"inLanguage\":\"pt-BR\",\"potentialAction\":[{\"@type\":\"ReadAction\",\"target\":[\"https:\/\/franciscanos.org.br\/carisma\/francisco-um-misterio-a-ser-descoberto.html\"]}]},{\"@type\":\"BreadcrumbList\",\"@id\":\"https:\/\/franciscanos.org.br\/carisma\/francisco-um-misterio-a-ser-descoberto.html#breadcrumb\",\"itemListElement\":[{\"@type\":\"ListItem\",\"position\":1,\"name\":\"Home\",\"item\":\"https:\/\/franciscanos.org.br\/carisma\"},{\"@type\":\"ListItem\",\"position\":2,\"name\":\"Francisco de Assis, um mist\u00e9rio a ser descoberto\"}]},{\"@type\":\"Person\",\"@id\":\"https:\/\/franciscanos.org.br\/carisma\/#\/schema\/person\/e352342a457f086dc6152f9c73a3d093\",\"name\":\"admin\",\"image\":{\"@type\":\"ImageObject\",\"inLanguage\":\"pt-BR\",\"@id\":\"https:\/\/franciscanos.org.br\/carisma\/#\/schema\/person\/image\/\",\"url\":\"https:\/\/secure.gravatar.com\/avatar\/e8495742d34d0ba6448ea1c628263b3e?s=96&d=mm&r=g\",\"contentUrl\":\"https:\/\/secure.gravatar.com\/avatar\/e8495742d34d0ba6448ea1c628263b3e?s=96&d=mm&r=g\",\"caption\":\"admin\"},\"url\":\"https:\/\/franciscanos.org.br\/carisma\/author\/admin\"}]}<\/script>\n<!-- \/ Yoast SEO plugin. -->","yoast_head_json":{"title":"Francisco de Assis, um mist\u00e9rio a ser descoberto - Carisma - Franciscanos","robots":{"index":"index","follow":"follow","max-snippet":"max-snippet:-1","max-image-preview":"max-image-preview:large","max-video-preview":"max-video-preview:-1"},"canonical":"https:\/\/franciscanos.org.br\/carisma\/francisco-um-misterio-a-ser-descoberto.html","og_locale":"pt_BR","og_type":"article","og_title":"Francisco de Assis, um mist\u00e9rio a ser descoberto - Carisma - Franciscanos","og_description":"Franciscanamente","og_url":"https:\/\/franciscanos.org.br\/carisma\/francisco-um-misterio-a-ser-descoberto.html","og_site_name":"Carisma - Franciscanos","article_published_time":"2016-02-25T11:08:41+00:00","og_image":[{"width":820,"height":513,"url":"https:\/\/franciscanos.org.br\/carisma\/wp-content\/uploads\/2018\/10\/francisco_25.jpg","type":"image\/jpeg"}],"author":"admin","twitter_card":"summary_large_image","twitter_misc":{"Escrito por":"admin","Est. tempo de leitura":"3 minutos"},"schema":{"@context":"https:\/\/schema.org","@graph":[{"@type":"WebSite","@id":"https:\/\/franciscanos.org.br\/carisma\/#website","url":"https:\/\/franciscanos.org.br\/carisma\/","name":"Carisma - Franciscanos","description":"Prov\u00edncia Franciscana da Imaculada Concei\u00e7\u00e3o do Brasil - Ordem dos Frades Menores","potentialAction":[{"@type":"SearchAction","target":{"@type":"EntryPoint","urlTemplate":"https:\/\/franciscanos.org.br\/carisma\/?s={search_term_string}"},"query-input":"required name=search_term_string"}],"inLanguage":"pt-BR"},{"@type":"ImageObject","inLanguage":"pt-BR","@id":"https:\/\/franciscanos.org.br\/carisma\/francisco-um-misterio-a-ser-descoberto.html#primaryimage","url":"https:\/\/franciscanos.org.br\/carisma\/wp-content\/uploads\/2018\/10\/francisco_25.jpg","contentUrl":"https:\/\/franciscanos.org.br\/carisma\/wp-content\/uploads\/2018\/10\/francisco_25.jpg","width":820,"height":513},{"@type":"WebPage","@id":"https:\/\/franciscanos.org.br\/carisma\/francisco-um-misterio-a-ser-descoberto.html#webpage","url":"https:\/\/franciscanos.org.br\/carisma\/francisco-um-misterio-a-ser-descoberto.html","name":"Francisco de Assis, um mist\u00e9rio a ser descoberto - Carisma - Franciscanos","isPartOf":{"@id":"https:\/\/franciscanos.org.br\/carisma\/#website"},"primaryImageOfPage":{"@id":"https:\/\/franciscanos.org.br\/carisma\/francisco-um-misterio-a-ser-descoberto.html#primaryimage"},"datePublished":"2016-02-25T11:08:41+00:00","dateModified":"2016-02-25T11:08:41+00:00","author":{"@id":"https:\/\/franciscanos.org.br\/carisma\/#\/schema\/person\/e352342a457f086dc6152f9c73a3d093"},"breadcrumb":{"@id":"https:\/\/franciscanos.org.br\/carisma\/francisco-um-misterio-a-ser-descoberto.html#breadcrumb"},"inLanguage":"pt-BR","potentialAction":[{"@type":"ReadAction","target":["https:\/\/franciscanos.org.br\/carisma\/francisco-um-misterio-a-ser-descoberto.html"]}]},{"@type":"BreadcrumbList","@id":"https:\/\/franciscanos.org.br\/carisma\/francisco-um-misterio-a-ser-descoberto.html#breadcrumb","itemListElement":[{"@type":"ListItem","position":1,"name":"Home","item":"https:\/\/franciscanos.org.br\/carisma"},{"@type":"ListItem","position":2,"name":"Francisco de Assis, um mist\u00e9rio a ser descoberto"}]},{"@type":"Person","@id":"https:\/\/franciscanos.org.br\/carisma\/#\/schema\/person\/e352342a457f086dc6152f9c73a3d093","name":"admin","image":{"@type":"ImageObject","inLanguage":"pt-BR","@id":"https:\/\/franciscanos.org.br\/carisma\/#\/schema\/person\/image\/","url":"https:\/\/secure.gravatar.com\/avatar\/e8495742d34d0ba6448ea1c628263b3e?s=96&d=mm&r=g","contentUrl":"https:\/\/secure.gravatar.com\/avatar\/e8495742d34d0ba6448ea1c628263b3e?s=96&d=mm&r=g","caption":"admin"},"url":"https:\/\/franciscanos.org.br\/carisma\/author\/admin"}]}},"_links":{"self":[{"href":"https:\/\/franciscanos.org.br\/carisma\/wp-json\/wp\/v2\/posts\/105000"}],"collection":[{"href":"https:\/\/franciscanos.org.br\/carisma\/wp-json\/wp\/v2\/posts"}],"about":[{"href":"https:\/\/franciscanos.org.br\/carisma\/wp-json\/wp\/v2\/types\/post"}],"author":[{"embeddable":true,"href":"https:\/\/franciscanos.org.br\/carisma\/wp-json\/wp\/v2\/users\/1"}],"replies":[{"embeddable":true,"href":"https:\/\/franciscanos.org.br\/carisma\/wp-json\/wp\/v2\/comments?post=105000"}],"version-history":[{"count":0,"href":"https:\/\/franciscanos.org.br\/carisma\/wp-json\/wp\/v2\/posts\/105000\/revisions"}],"wp:featuredmedia":[{"embeddable":true,"href":"https:\/\/franciscanos.org.br\/carisma\/wp-json\/wp\/v2\/media\/174711"}],"wp:attachment":[{"href":"https:\/\/franciscanos.org.br\/carisma\/wp-json\/wp\/v2\/media?parent=105000"}],"wp:term":[{"taxonomy":"category","embeddable":true,"href":"https:\/\/franciscanos.org.br\/carisma\/wp-json\/wp\/v2\/categories?post=105000"},{"taxonomy":"post_tag","embeddable":true,"href":"https:\/\/franciscanos.org.br\/carisma\/wp-json\/wp\/v2\/tags?post=105000"}],"curies":[{"name":"wp","href":"https:\/\/api.w.org\/{rel}","templated":true}]}}