{"id":102231,"date":"2016-01-18T16:30:14","date_gmt":"2016-01-18T18:30:14","guid":{"rendered":"http:\/\/franciscanos.org.br\/?p=102231"},"modified":"2018-11-08T14:18:45","modified_gmt":"2018-11-08T16:18:45","slug":"irmaos-menores-2","status":"publish","type":"post","link":"https:\/\/franciscanos.org.br\/carisma\/irmaos-menores-2.html","title":{"rendered":"Irm\u00e3os Menores (II)"},"content":{"rendered":"<p><img loading=\"lazy\" src=\"http:\/\/franciscanos.org.br\/wp-content\/uploads\/2016\/01\/francisco1.jpg\" alt=\"francisco\" width=\"820\" height=\"500\" \/><br \/>\n<strong>Frei Almir Guimar\u00e3es<\/strong><\/p>\n<p><img loading=\"lazy\" class=\"alignleft size-full wp-image-100811\" src=\"http:\/\/franciscanos.org.br\/wp-content\/uploads\/2016\/01\/01.jpg\" alt=\"01\" width=\"32\" height=\"32\" \/>Francisco de Assis continua sendo atual, dir\u00edamos mesmo atual\u00edssimo. Entre milh\u00f5es de pessoas de boa vontade h\u00e1 muitos que se deixam tocar pelo perfume franciscano, sem pertencer a nenhum grupo oficial de espiritualidade franciscana, a nenhuma Ordem. Francisco \u00e9 uma prega\u00e7\u00e3o viva. Ningu\u00e9m se torna crist\u00e3o da noite para o dia, ningu\u00e9m se torna franciscano apenas com um calor emotivo interior de apre\u00e7o pelo Francisco das pombinhas e do lobo de Gubbio ou porque, na Ordem, professou diante de um superior. Uma alma franciscana \u00e9 for\u00e7osamente evang\u00e9lica. Demora muito para algu\u00e9m se tornar franciscano. Estamos convencidos da urg\u00eancia da renova\u00e7\u00e3o da forma\u00e7\u00e3o inicial e permanente para os frades. Precisamos irm\u00e3os de verdade. Precisamos de irm\u00e3os que sejam menores.<\/p>\n<p><img loading=\"lazy\" class=\"alignleft size-full wp-image-100812\" src=\"http:\/\/franciscanos.org.br\/wp-content\/uploads\/2016\/01\/02.jpg\" alt=\"02\" width=\"32\" height=\"32\" \/>Gostamos muito de dizer \u00e0s pessoas que encontramos que somos franciscanos, de uma Ordem que se chama dos Frades ou dos Irm\u00e3os Menores. Podemos dizer que o texto b\u00e1sico do desejo de Francisco seja este: \u201cNenhum irm\u00e3o exer\u00e7a qualquer poder ou dom\u00ednio, mormente entre si. Pois como diz o Senhor no Evangelho: \u201cOs pr\u00edncipes das na\u00e7\u00f5es as dominam, e os que s\u00e3o os maiores exercem poder sobre elas (Mt 20,25), n\u00e3o ser\u00e1 assim entre os irm\u00e3os (Mt 20,16a), quem quiser ser o maior entre eles seja o ministro e servo deles; e quem \u00e9 o maior entre eles fa\u00e7a-se como o menor\u201d (Regra n\u00e3o bulada V, 9-12). Francisco rejeita toda forma de domina\u00e7\u00e3o e de poder. Insistir\u00e1 em duas palavras: ministro e servo. H\u00e1, em Francisco, uma liga\u00e7\u00e3o estreit\u00edssima entre ministro e servo. Os frades exercer\u00e3o tarefas que n\u00e3o chamem aten\u00e7\u00e3o. N\u00e3o s\u00e3o chefes l\u00e1 onde trabalham. S\u00e3o submissos a toda criatura humana. D\u00e3o a m\u00e3o a todos e n\u00e3o manifestam superioridade.<\/p>\n<p><img loading=\"lazy\" class=\"alignleft size-full wp-image-100814\" src=\"http:\/\/franciscanos.org.br\/wp-content\/uploads\/2016\/01\/03.jpg\" alt=\"03\" width=\"32\" height=\"32\" \/>Outro texto importante: \u201cAssim se pode conhecer se o servo de Deus tem o esp\u00edrito do Senhor: se seu eu n\u00e3o se exaltar quando Deus realizar por ele algum bem \u2013 mas antes se considerar o mais desprez\u00edvel e se avaliar como menor do que todos os homens\u201d (Admoesta\u00e7\u00e3o XII).<\/p>\n<p><img loading=\"lazy\" class=\"alignleft size-full wp-image-100815\" src=\"http:\/\/franciscanos.org.br\/wp-content\/uploads\/2016\/01\/04.jpg\" alt=\"04\" width=\"32\" height=\"32\" \/>Nada Francisco acentua mais que aquela verdade b\u00edblica de que Deus \u00e9 o doador e dador de todo o bem. Tudo quanto em nossa vida \u00e9 bem deriva dele. \u201cE todo bem atribuamos ao Senhor Deus alt\u00edssimo e soberano, e reconhe\u00e7amos que todo o bem a Ele pertence, e lhe demos gra\u00e7as a Ele, de quem procede todo bem. E o mesmo Alt\u00edssimo e soberano, \u00fanico Deus verdadeiro, tenha, e se lhe preste todas as honras e rever\u00eancias (&#8230;) porque todo bem lhe pertence (Regra n\u00e3o bulada, 17). Esta consci\u00eancia \u00e9 a base fundamental para a t\u00e3o importante pobreza interior, a verdadeira pobreza de esp\u00edrito, que em tudo v\u00ea um dom imerecido da livre vontade divina. Quem \u00e9 pobre diante de Deus v\u00ea em todo o bem uma opera\u00e7\u00e3o do esp\u00edrito do Senhor que habita em n\u00f3s\u201d (cf. K. Esser, Exorta\u00e7\u00f5es de Francisco de Assis).<\/p>\n<p><img loading=\"lazy\" class=\"alignleft size-full wp-image-100816\" src=\"http:\/\/franciscanos.org.br\/wp-content\/uploads\/2016\/01\/05.jpg\" alt=\"05\" width=\"32\" height=\"32\" \/>O lava-p\u00e9s foi a \u00faltima confid\u00eancia de Jesus aos seus. O evangelista Jo\u00e3o n\u00e3o conservou no quarto evangelho o relato da institui\u00e7\u00e3o da Eucaristia. O lava-p\u00e9s \u00e9 o equivalente. Atrav\u00e9s desse gesto, Jesus tenta revelar o sentido profundo de toda a sua vida, de sua miss\u00e3o e o pr\u00f3prio cora\u00e7\u00e3o de Deus, seu Pai. A hora da morte se aproxima. N\u00e3o \u00e9 mais momento de fazer discursos. Como todos os profetas, Jesus \u201cencena\u201d uma par\u00e1bola viva, realmente sua \u00faltima confid\u00eancia. Deus \u00e9 plenitude de amor que serve o homem para que ele possa crescer revelando-lhe sua dignidade. O Cristo servidor se entrega at\u00e9 a morte. H\u00e1 uma reviravolta. Fica definitivamente contestada uma hierarquia fundada no prest\u00edgio, na for\u00e7a e no poder que oprime: \u201cEu vos dei o exemplo para que tamb\u00e9m o fa\u00e7ais\u201d (Jo 13,15). Francisco e seus frades desejam ser os herdeiros do Testamento do Cristo-servo, testemunhas da louca ternura de Deus que livremente se abaixou para que todos tivessem consci\u00eancia de sua grandeza de irm\u00e3os e de filhos. A nobreza do homem \u00e9 servir.<\/p>\n<p><img loading=\"lazy\" class=\"alignleft size-full wp-image-100817\" src=\"http:\/\/franciscanos.org.br\/wp-content\/uploads\/2016\/01\/06.jpg\" alt=\"06\" width=\"32\" height=\"32\" \/>Pequeno dec\u00e1logo do frade menor:<\/p>\n<p style=\"padding-left: 30px;\">\u2022 Somos obra da bondade do Senhor. Reconhecemos nossos limites e nossas fragilidades. O Senhor opera em n\u00f3s. A ele atribu\u00edmos todo o bem. Vivemos cantando um Te Deum. A n\u00f3s n\u00e3o atribu\u00edmos nada. Somos servos que fazemos o que \u00e9 preciso fazer e ponto final. Servos in\u00fateis.<\/p>\n<p style=\"padding-left: 30px;\">\u2022 O frade trabalha, faz o melhor que pode. O que sai de suas m\u00e3os \u00e9 belo e bom: a comida que prepara, o estudo que faz, a evangeliza\u00e7\u00e3o que opera. Mas \u00e9 sempre Deus agindo nele.<\/p>\n<p style=\"padding-left: 30px;\">\u2022 O frade menor tem sempre o cuidado de n\u00e3o roubar as obras do Rei.<\/p>\n<p style=\"padding-left: 30px;\">\u2022 Na linha do lava-p\u00e9s, o frade menor serve os irm\u00e3os que lhes forma confiados. N\u00e3o julga. Acompanha. Conversa. Mostra luz ao que est\u00e3o patinando nas trevas.<\/p>\n<p style=\"padding-left: 30px;\">\u2022 O frade menor n\u00e3o privilegia os poderosos e grandes da terra. No lugar onde vive os mais simples s\u00e3o tratados com todo carinho\u2026 Os grandes da terra n\u00e3o gozam de privil\u00e9gios. O frade menor n\u00e3o anda \u00e0 cata de bens e de prest\u00edgio.<\/p>\n<p style=\"padding-left: 30px;\">\u2022 O frade menor contempla o Cristo, de modo particular, quando ele se torna fragilidade e debilidade. Nasce crian\u00e7a no pres\u00e9pio e morre nu na cruz depois de servir.<\/p>\n<p style=\"padding-left: 30px;\">\u2022 No seio das fraternidades, nas atividades paroquiais, pastorais e evangelizadoras est\u00e1 sempre com uma bacia e uma toalha por perto. Tem as antenas ligadas para quando deve parar e lavar os p\u00e9s dos que precisam de seu servi\u00e7o.<\/p>\n<p style=\"padding-left: 30px;\">\u2022 Estaremos sempre atentos aos que vivem perto de n\u00f3s.H\u00e1 um servi\u00e7o que lhes pode ou lhes deve ser prestado? Servi\u00e7o da escuta deixando de lado nossos pequenos interesses, servi\u00e7o de encorajamento, de esquentar uma sopa mesmo que se esteja preparando a aula inaugural na Universidade Raimundo Lullo.<\/p>\n","protected":false},"excerpt":{"rendered":"<p>Franciscanamente<\/p>\n","protected":false},"author":1,"featured_media":174710,"comment_status":"open","ping_status":"open","sticky":false,"template":"","format":"standard","meta":[],"categories":[11],"tags":[],"yoast_head":"<!-- This site is optimized with the Yoast SEO plugin v19.2 - https:\/\/yoast.com\/wordpress\/plugins\/seo\/ -->\n<title>Irm\u00e3os Menores (II) - Carisma - Franciscanos<\/title>\n<meta name=\"robots\" content=\"index, follow, max-snippet:-1, max-image-preview:large, max-video-preview:-1\" \/>\n<link rel=\"canonical\" href=\"https:\/\/franciscanos.org.br\/carisma\/irmaos-menores-2.html\" \/>\n<meta property=\"og:locale\" content=\"pt_BR\" \/>\n<meta property=\"og:type\" content=\"article\" \/>\n<meta property=\"og:title\" content=\"Irm\u00e3os Menores (II) - Carisma - Franciscanos\" \/>\n<meta property=\"og:description\" content=\"Franciscanamente\" \/>\n<meta property=\"og:url\" content=\"https:\/\/franciscanos.org.br\/carisma\/irmaos-menores-2.html\" \/>\n<meta property=\"og:site_name\" content=\"Carisma - Franciscanos\" \/>\n<meta property=\"article:published_time\" content=\"2016-01-18T18:30:14+00:00\" \/>\n<meta property=\"article:modified_time\" content=\"2018-11-08T16:18:45+00:00\" \/>\n<meta property=\"og:image\" content=\"https:\/\/franciscanos.org.br\/carisma\/wp-content\/uploads\/2018\/10\/francisco1.jpg\" \/>\n\t<meta property=\"og:image:width\" content=\"820\" \/>\n\t<meta property=\"og:image:height\" content=\"500\" \/>\n\t<meta property=\"og:image:type\" content=\"image\/jpeg\" \/>\n<meta name=\"author\" content=\"admin\" \/>\n<meta name=\"twitter:card\" content=\"summary_large_image\" \/>\n<meta name=\"twitter:label1\" content=\"Escrito por\" \/>\n\t<meta name=\"twitter:data1\" content=\"admin\" \/>\n\t<meta name=\"twitter:label2\" content=\"Est. tempo de leitura\" \/>\n\t<meta name=\"twitter:data2\" content=\"5 minutos\" \/>\n<script type=\"application\/ld+json\" class=\"yoast-schema-graph\">{\"@context\":\"https:\/\/schema.org\",\"@graph\":[{\"@type\":\"WebSite\",\"@id\":\"https:\/\/franciscanos.org.br\/carisma\/#website\",\"url\":\"https:\/\/franciscanos.org.br\/carisma\/\",\"name\":\"Carisma - Franciscanos\",\"description\":\"Prov\u00edncia Franciscana da Imaculada Concei\u00e7\u00e3o do Brasil - Ordem dos Frades Menores\",\"potentialAction\":[{\"@type\":\"SearchAction\",\"target\":{\"@type\":\"EntryPoint\",\"urlTemplate\":\"https:\/\/franciscanos.org.br\/carisma\/?s={search_term_string}\"},\"query-input\":\"required name=search_term_string\"}],\"inLanguage\":\"pt-BR\"},{\"@type\":\"ImageObject\",\"inLanguage\":\"pt-BR\",\"@id\":\"https:\/\/franciscanos.org.br\/carisma\/irmaos-menores-2.html#primaryimage\",\"url\":\"https:\/\/franciscanos.org.br\/carisma\/wp-content\/uploads\/2018\/10\/francisco1.jpg\",\"contentUrl\":\"https:\/\/franciscanos.org.br\/carisma\/wp-content\/uploads\/2018\/10\/francisco1.jpg\",\"width\":820,\"height\":500},{\"@type\":\"WebPage\",\"@id\":\"https:\/\/franciscanos.org.br\/carisma\/irmaos-menores-2.html#webpage\",\"url\":\"https:\/\/franciscanos.org.br\/carisma\/irmaos-menores-2.html\",\"name\":\"Irm\u00e3os Menores (II) - Carisma - Franciscanos\",\"isPartOf\":{\"@id\":\"https:\/\/franciscanos.org.br\/carisma\/#website\"},\"primaryImageOfPage\":{\"@id\":\"https:\/\/franciscanos.org.br\/carisma\/irmaos-menores-2.html#primaryimage\"},\"datePublished\":\"2016-01-18T18:30:14+00:00\",\"dateModified\":\"2018-11-08T16:18:45+00:00\",\"author\":{\"@id\":\"https:\/\/franciscanos.org.br\/carisma\/#\/schema\/person\/e352342a457f086dc6152f9c73a3d093\"},\"breadcrumb\":{\"@id\":\"https:\/\/franciscanos.org.br\/carisma\/irmaos-menores-2.html#breadcrumb\"},\"inLanguage\":\"pt-BR\",\"potentialAction\":[{\"@type\":\"ReadAction\",\"target\":[\"https:\/\/franciscanos.org.br\/carisma\/irmaos-menores-2.html\"]}]},{\"@type\":\"BreadcrumbList\",\"@id\":\"https:\/\/franciscanos.org.br\/carisma\/irmaos-menores-2.html#breadcrumb\",\"itemListElement\":[{\"@type\":\"ListItem\",\"position\":1,\"name\":\"Home\",\"item\":\"https:\/\/franciscanos.org.br\/carisma\"},{\"@type\":\"ListItem\",\"position\":2,\"name\":\"Irm\u00e3os Menores (II)\"}]},{\"@type\":\"Person\",\"@id\":\"https:\/\/franciscanos.org.br\/carisma\/#\/schema\/person\/e352342a457f086dc6152f9c73a3d093\",\"name\":\"admin\",\"image\":{\"@type\":\"ImageObject\",\"inLanguage\":\"pt-BR\",\"@id\":\"https:\/\/franciscanos.org.br\/carisma\/#\/schema\/person\/image\/\",\"url\":\"https:\/\/secure.gravatar.com\/avatar\/e8495742d34d0ba6448ea1c628263b3e?s=96&d=mm&r=g\",\"contentUrl\":\"https:\/\/secure.gravatar.com\/avatar\/e8495742d34d0ba6448ea1c628263b3e?s=96&d=mm&r=g\",\"caption\":\"admin\"},\"url\":\"https:\/\/franciscanos.org.br\/carisma\/author\/admin\"}]}<\/script>\n<!-- \/ Yoast SEO plugin. -->","yoast_head_json":{"title":"Irm\u00e3os Menores (II) - Carisma - Franciscanos","robots":{"index":"index","follow":"follow","max-snippet":"max-snippet:-1","max-image-preview":"max-image-preview:large","max-video-preview":"max-video-preview:-1"},"canonical":"https:\/\/franciscanos.org.br\/carisma\/irmaos-menores-2.html","og_locale":"pt_BR","og_type":"article","og_title":"Irm\u00e3os Menores (II) - Carisma - Franciscanos","og_description":"Franciscanamente","og_url":"https:\/\/franciscanos.org.br\/carisma\/irmaos-menores-2.html","og_site_name":"Carisma - Franciscanos","article_published_time":"2016-01-18T18:30:14+00:00","article_modified_time":"2018-11-08T16:18:45+00:00","og_image":[{"width":820,"height":500,"url":"https:\/\/franciscanos.org.br\/carisma\/wp-content\/uploads\/2018\/10\/francisco1.jpg","type":"image\/jpeg"}],"author":"admin","twitter_card":"summary_large_image","twitter_misc":{"Escrito por":"admin","Est. tempo de leitura":"5 minutos"},"schema":{"@context":"https:\/\/schema.org","@graph":[{"@type":"WebSite","@id":"https:\/\/franciscanos.org.br\/carisma\/#website","url":"https:\/\/franciscanos.org.br\/carisma\/","name":"Carisma - Franciscanos","description":"Prov\u00edncia Franciscana da Imaculada Concei\u00e7\u00e3o do Brasil - Ordem dos Frades Menores","potentialAction":[{"@type":"SearchAction","target":{"@type":"EntryPoint","urlTemplate":"https:\/\/franciscanos.org.br\/carisma\/?s={search_term_string}"},"query-input":"required name=search_term_string"}],"inLanguage":"pt-BR"},{"@type":"ImageObject","inLanguage":"pt-BR","@id":"https:\/\/franciscanos.org.br\/carisma\/irmaos-menores-2.html#primaryimage","url":"https:\/\/franciscanos.org.br\/carisma\/wp-content\/uploads\/2018\/10\/francisco1.jpg","contentUrl":"https:\/\/franciscanos.org.br\/carisma\/wp-content\/uploads\/2018\/10\/francisco1.jpg","width":820,"height":500},{"@type":"WebPage","@id":"https:\/\/franciscanos.org.br\/carisma\/irmaos-menores-2.html#webpage","url":"https:\/\/franciscanos.org.br\/carisma\/irmaos-menores-2.html","name":"Irm\u00e3os Menores (II) - Carisma - Franciscanos","isPartOf":{"@id":"https:\/\/franciscanos.org.br\/carisma\/#website"},"primaryImageOfPage":{"@id":"https:\/\/franciscanos.org.br\/carisma\/irmaos-menores-2.html#primaryimage"},"datePublished":"2016-01-18T18:30:14+00:00","dateModified":"2018-11-08T16:18:45+00:00","author":{"@id":"https:\/\/franciscanos.org.br\/carisma\/#\/schema\/person\/e352342a457f086dc6152f9c73a3d093"},"breadcrumb":{"@id":"https:\/\/franciscanos.org.br\/carisma\/irmaos-menores-2.html#breadcrumb"},"inLanguage":"pt-BR","potentialAction":[{"@type":"ReadAction","target":["https:\/\/franciscanos.org.br\/carisma\/irmaos-menores-2.html"]}]},{"@type":"BreadcrumbList","@id":"https:\/\/franciscanos.org.br\/carisma\/irmaos-menores-2.html#breadcrumb","itemListElement":[{"@type":"ListItem","position":1,"name":"Home","item":"https:\/\/franciscanos.org.br\/carisma"},{"@type":"ListItem","position":2,"name":"Irm\u00e3os Menores (II)"}]},{"@type":"Person","@id":"https:\/\/franciscanos.org.br\/carisma\/#\/schema\/person\/e352342a457f086dc6152f9c73a3d093","name":"admin","image":{"@type":"ImageObject","inLanguage":"pt-BR","@id":"https:\/\/franciscanos.org.br\/carisma\/#\/schema\/person\/image\/","url":"https:\/\/secure.gravatar.com\/avatar\/e8495742d34d0ba6448ea1c628263b3e?s=96&d=mm&r=g","contentUrl":"https:\/\/secure.gravatar.com\/avatar\/e8495742d34d0ba6448ea1c628263b3e?s=96&d=mm&r=g","caption":"admin"},"url":"https:\/\/franciscanos.org.br\/carisma\/author\/admin"}]}},"_links":{"self":[{"href":"https:\/\/franciscanos.org.br\/carisma\/wp-json\/wp\/v2\/posts\/102231"}],"collection":[{"href":"https:\/\/franciscanos.org.br\/carisma\/wp-json\/wp\/v2\/posts"}],"about":[{"href":"https:\/\/franciscanos.org.br\/carisma\/wp-json\/wp\/v2\/types\/post"}],"author":[{"embeddable":true,"href":"https:\/\/franciscanos.org.br\/carisma\/wp-json\/wp\/v2\/users\/1"}],"replies":[{"embeddable":true,"href":"https:\/\/franciscanos.org.br\/carisma\/wp-json\/wp\/v2\/comments?post=102231"}],"version-history":[{"count":0,"href":"https:\/\/franciscanos.org.br\/carisma\/wp-json\/wp\/v2\/posts\/102231\/revisions"}],"wp:featuredmedia":[{"embeddable":true,"href":"https:\/\/franciscanos.org.br\/carisma\/wp-json\/wp\/v2\/media\/174710"}],"wp:attachment":[{"href":"https:\/\/franciscanos.org.br\/carisma\/wp-json\/wp\/v2\/media?parent=102231"}],"wp:term":[{"taxonomy":"category","embeddable":true,"href":"https:\/\/franciscanos.org.br\/carisma\/wp-json\/wp\/v2\/categories?post=102231"},{"taxonomy":"post_tag","embeddable":true,"href":"https:\/\/franciscanos.org.br\/carisma\/wp-json\/wp\/v2\/tags?post=102231"}],"curies":[{"name":"wp","href":"https:\/\/api.w.org\/{rel}","templated":true}]}}