{"id":178098,"date":"2025-12-12T19:12:31","date_gmt":"2025-12-12T22:12:31","guid":{"rendered":"https:\/\/franciscanos.org.br\/banca\/?p=178098"},"modified":"2025-12-12T19:12:31","modified_gmt":"2025-12-12T22:12:31","slug":"subsidio-pre-missao-2026","status":"publish","type":"post","link":"https:\/\/franciscanos.org.br\/banca\/subsidio-pre-missao-2026.html","title":{"rendered":"Subs\u00eddio Pr\u00e9-Miss\u00e3o \u2013 2026"},"content":{"rendered":"","protected":false},"excerpt":{"rendered":"","protected":false},"author":5,"featured_media":178100,"comment_status":"open","ping_status":"open","sticky":false,"template":"","format":"standard","meta":{"footnotes":""},"categories":[14],"tags":[20],"acf":[],"yoast_head":"<!-- This site is optimized with the Yoast SEO plugin v19.2 - https:\/\/yoast.com\/wordpress\/plugins\/seo\/ -->\n<title>Subs\u00eddio Pr\u00e9-Miss\u00e3o \u2013 2026 - Banca - Franciscanos<\/title>\n<meta name=\"robots\" content=\"index, follow, max-snippet:-1, max-image-preview:large, max-video-preview:-1\" \/>\n<link rel=\"canonical\" href=\"https:\/\/franciscanos.org.br\/banca\/subsidio-pre-missao-2026.html\" \/>\n<meta property=\"og:locale\" content=\"pt_BR\" \/>\n<meta property=\"og:type\" content=\"article\" \/>\n<meta property=\"og:title\" content=\"Subs\u00eddio Pr\u00e9-Miss\u00e3o \u2013 2026 - Banca - Franciscanos\" \/>\n<meta property=\"og:url\" content=\"https:\/\/franciscanos.org.br\/banca\/subsidio-pre-missao-2026.html\" \/>\n<meta property=\"og:site_name\" content=\"Banca - Franciscanos\" \/>\n<meta property=\"article:published_time\" content=\"2025-12-12T22:12:31+00:00\" \/>\n<meta property=\"og:image\" content=\"https:\/\/franciscanos.org.br\/banca\/wp-content\/uploads\/2025\/12\/Subsidio.png\" \/>\n\t<meta property=\"og:image:width\" content=\"684\" \/>\n\t<meta property=\"og:image:height\" content=\"966\" \/>\n\t<meta property=\"og:image:type\" content=\"image\/png\" \/>\n<meta name=\"author\" content=\"freiaugusto\" \/>\n<meta name=\"twitter:card\" content=\"summary_large_image\" \/>\n<meta name=\"twitter:label1\" content=\"Escrito por\" \/>\n\t<meta name=\"twitter:data1\" content=\"freiaugusto\" \/>\n<script type=\"application\/ld+json\" class=\"yoast-schema-graph\">{\"@context\":\"https:\/\/schema.org\",\"@graph\":[{\"@type\":\"WebSite\",\"@id\":\"https:\/\/franciscanos.org.br\/banca\/#website\",\"url\":\"https:\/\/franciscanos.org.br\/banca\/\",\"name\":\"Banca - Franciscanos\",\"description\":\"Prov\u00edncia Franciscana da Imaculada Concei\u00e7\u00e3o do Brasil - Ordem dos Frades Menores\",\"potentialAction\":[{\"@type\":\"SearchAction\",\"target\":{\"@type\":\"EntryPoint\",\"urlTemplate\":\"https:\/\/franciscanos.org.br\/banca\/?s={search_term_string}\"},\"query-input\":\"required name=search_term_string\"}],\"inLanguage\":\"pt-BR\"},{\"@type\":\"ImageObject\",\"inLanguage\":\"pt-BR\",\"@id\":\"https:\/\/franciscanos.org.br\/banca\/subsidio-pre-missao-2026.html#primaryimage\",\"url\":\"https:\/\/franciscanos.org.br\/banca\/wp-content\/uploads\/2025\/12\/Subsidio.png\",\"contentUrl\":\"https:\/\/franciscanos.org.br\/banca\/wp-content\/uploads\/2025\/12\/Subsidio.png\",\"width\":684,\"height\":966},{\"@type\":\"WebPage\",\"@id\":\"https:\/\/franciscanos.org.br\/banca\/subsidio-pre-missao-2026.html#webpage\",\"url\":\"https:\/\/franciscanos.org.br\/banca\/subsidio-pre-missao-2026.html\",\"name\":\"Subs\u00eddio Pr\u00e9-Miss\u00e3o \u2013 2026 - Banca - Franciscanos\",\"isPartOf\":{\"@id\":\"https:\/\/franciscanos.org.br\/banca\/#website\"},\"primaryImageOfPage\":{\"@id\":\"https:\/\/franciscanos.org.br\/banca\/subsidio-pre-missao-2026.html#primaryimage\"},\"datePublished\":\"2025-12-12T22:12:31+00:00\",\"dateModified\":\"2025-12-12T22:12:31+00:00\",\"author\":{\"@id\":\"https:\/\/franciscanos.org.br\/banca\/#\/schema\/person\/356b37dc438f4867af58d118a57868cd\"},\"breadcrumb\":{\"@id\":\"https:\/\/franciscanos.org.br\/banca\/subsidio-pre-missao-2026.html#breadcrumb\"},\"inLanguage\":\"pt-BR\",\"potentialAction\":[{\"@type\":\"ReadAction\",\"target\":[\"https:\/\/franciscanos.org.br\/banca\/subsidio-pre-missao-2026.html\"]}]},{\"@type\":\"BreadcrumbList\",\"@id\":\"https:\/\/franciscanos.org.br\/banca\/subsidio-pre-missao-2026.html#breadcrumb\",\"itemListElement\":[{\"@type\":\"ListItem\",\"position\":1,\"name\":\"Home\",\"item\":\"https:\/\/franciscanos.org.br\/banca\/\"},{\"@type\":\"ListItem\",\"position\":2,\"name\":\"Subs\u00eddio Pr\u00e9-Miss\u00e3o \u2013 2026\"}]},{\"@type\":\"Person\",\"@id\":\"https:\/\/franciscanos.org.br\/banca\/#\/schema\/person\/356b37dc438f4867af58d118a57868cd\",\"name\":\"freiaugusto\",\"image\":{\"@type\":\"ImageObject\",\"inLanguage\":\"pt-BR\",\"@id\":\"https:\/\/franciscanos.org.br\/banca\/#\/schema\/person\/image\/\",\"url\":\"https:\/\/secure.gravatar.com\/avatar\/9840b940e621801b24f3e6b059efb4b7?s=96&d=mm&r=g\",\"contentUrl\":\"https:\/\/secure.gravatar.com\/avatar\/9840b940e621801b24f3e6b059efb4b7?s=96&d=mm&r=g\",\"caption\":\"freiaugusto\"},\"url\":\"https:\/\/franciscanos.org.br\/banca\/author\/freiaugusto\"}]}<\/script>\n<!-- \/ Yoast SEO plugin. -->","yoast_head_json":{"title":"Subs\u00eddio Pr\u00e9-Miss\u00e3o \u2013 2026 - Banca - Franciscanos","robots":{"index":"index","follow":"follow","max-snippet":"max-snippet:-1","max-image-preview":"max-image-preview:large","max-video-preview":"max-video-preview:-1"},"canonical":"https:\/\/franciscanos.org.br\/banca\/subsidio-pre-missao-2026.html","og_locale":"pt_BR","og_type":"article","og_title":"Subs\u00eddio Pr\u00e9-Miss\u00e3o \u2013 2026 - Banca - Franciscanos","og_url":"https:\/\/franciscanos.org.br\/banca\/subsidio-pre-missao-2026.html","og_site_name":"Banca - Franciscanos","article_published_time":"2025-12-12T22:12:31+00:00","og_image":[{"width":684,"height":966,"url":"https:\/\/franciscanos.org.br\/banca\/wp-content\/uploads\/2025\/12\/Subsidio.png","type":"image\/png"}],"author":"freiaugusto","twitter_card":"summary_large_image","twitter_misc":{"Escrito por":"freiaugusto"},"schema":{"@context":"https:\/\/schema.org","@graph":[{"@type":"WebSite","@id":"https:\/\/franciscanos.org.br\/banca\/#website","url":"https:\/\/franciscanos.org.br\/banca\/","name":"Banca - Franciscanos","description":"Prov\u00edncia Franciscana da Imaculada Concei\u00e7\u00e3o do Brasil - Ordem dos Frades Menores","potentialAction":[{"@type":"SearchAction","target":{"@type":"EntryPoint","urlTemplate":"https:\/\/franciscanos.org.br\/banca\/?s={search_term_string}"},"query-input":"required name=search_term_string"}],"inLanguage":"pt-BR"},{"@type":"ImageObject","inLanguage":"pt-BR","@id":"https:\/\/franciscanos.org.br\/banca\/subsidio-pre-missao-2026.html#primaryimage","url":"https:\/\/franciscanos.org.br\/banca\/wp-content\/uploads\/2025\/12\/Subsidio.png","contentUrl":"https:\/\/franciscanos.org.br\/banca\/wp-content\/uploads\/2025\/12\/Subsidio.png","width":684,"height":966},{"@type":"WebPage","@id":"https:\/\/franciscanos.org.br\/banca\/subsidio-pre-missao-2026.html#webpage","url":"https:\/\/franciscanos.org.br\/banca\/subsidio-pre-missao-2026.html","name":"Subs\u00eddio Pr\u00e9-Miss\u00e3o \u2013 2026 - Banca - Franciscanos","isPartOf":{"@id":"https:\/\/franciscanos.org.br\/banca\/#website"},"primaryImageOfPage":{"@id":"https:\/\/franciscanos.org.br\/banca\/subsidio-pre-missao-2026.html#primaryimage"},"datePublished":"2025-12-12T22:12:31+00:00","dateModified":"2025-12-12T22:12:31+00:00","author":{"@id":"https:\/\/franciscanos.org.br\/banca\/#\/schema\/person\/356b37dc438f4867af58d118a57868cd"},"breadcrumb":{"@id":"https:\/\/franciscanos.org.br\/banca\/subsidio-pre-missao-2026.html#breadcrumb"},"inLanguage":"pt-BR","potentialAction":[{"@type":"ReadAction","target":["https:\/\/franciscanos.org.br\/banca\/subsidio-pre-missao-2026.html"]}]},{"@type":"BreadcrumbList","@id":"https:\/\/franciscanos.org.br\/banca\/subsidio-pre-missao-2026.html#breadcrumb","itemListElement":[{"@type":"ListItem","position":1,"name":"Home","item":"https:\/\/franciscanos.org.br\/banca\/"},{"@type":"ListItem","position":2,"name":"Subs\u00eddio Pr\u00e9-Miss\u00e3o \u2013 2026"}]},{"@type":"Person","@id":"https:\/\/franciscanos.org.br\/banca\/#\/schema\/person\/356b37dc438f4867af58d118a57868cd","name":"freiaugusto","image":{"@type":"ImageObject","inLanguage":"pt-BR","@id":"https:\/\/franciscanos.org.br\/banca\/#\/schema\/person\/image\/","url":"https:\/\/secure.gravatar.com\/avatar\/9840b940e621801b24f3e6b059efb4b7?s=96&d=mm&r=g","contentUrl":"https:\/\/secure.gravatar.com\/avatar\/9840b940e621801b24f3e6b059efb4b7?s=96&d=mm&r=g","caption":"freiaugusto"},"url":"https:\/\/franciscanos.org.br\/banca\/author\/freiaugusto"}]}},"_links":{"self":[{"href":"https:\/\/franciscanos.org.br\/banca\/wp-json\/wp\/v2\/posts\/178098"}],"collection":[{"href":"https:\/\/franciscanos.org.br\/banca\/wp-json\/wp\/v2\/posts"}],"about":[{"href":"https:\/\/franciscanos.org.br\/banca\/wp-json\/wp\/v2\/types\/post"}],"author":[{"embeddable":true,"href":"https:\/\/franciscanos.org.br\/banca\/wp-json\/wp\/v2\/users\/5"}],"replies":[{"embeddable":true,"href":"https:\/\/franciscanos.org.br\/banca\/wp-json\/wp\/v2\/comments?post=178098"}],"version-history":[{"count":1,"href":"https:\/\/franciscanos.org.br\/banca\/wp-json\/wp\/v2\/posts\/178098\/revisions"}],"predecessor-version":[{"id":178101,"href":"https:\/\/franciscanos.org.br\/banca\/wp-json\/wp\/v2\/posts\/178098\/revisions\/178101"}],"wp:featuredmedia":[{"embeddable":true,"href":"https:\/\/franciscanos.org.br\/banca\/wp-json\/wp\/v2\/media\/178100"}],"wp:attachment":[{"href":"https:\/\/franciscanos.org.br\/banca\/wp-json\/wp\/v2\/media?parent=178098"}],"wp:term":[{"taxonomy":"category","embeddable":true,"href":"https:\/\/franciscanos.org.br\/banca\/wp-json\/wp\/v2\/categories?post=178098"},{"taxonomy":"post_tag","embeddable":true,"href":"https:\/\/franciscanos.org.br\/banca\/wp-json\/wp\/v2\/tags?post=178098"}],"curies":[{"name":"wp","href":"https:\/\/api.w.org\/{rel}","templated":true}]}}