{"id":177708,"date":"2024-05-16T11:53:08","date_gmt":"2024-05-16T14:53:08","guid":{"rendered":"https:\/\/franciscanos.org.br\/banca\/?p=177708"},"modified":"2024-05-16T11:53:08","modified_gmt":"2024-05-16T14:53:08","slug":"carta-do-ministro-geral-para-a-solenidade-de-pentecostes-2024","status":"publish","type":"post","link":"https:\/\/franciscanos.org.br\/banca\/carta-do-ministro-geral-para-a-solenidade-de-pentecostes-2024.html","title":{"rendered":"Carta do Ministro Geral para a Solenidade de Pentecostes 2024"},"content":{"rendered":"","protected":false},"excerpt":{"rendered":"","protected":false},"author":7,"featured_media":177710,"comment_status":"open","ping_status":"open","sticky":false,"template":"","format":"standard","meta":{"footnotes":""},"categories":[11],"tags":[],"acf":[],"yoast_head":"<!-- This site is optimized with the Yoast SEO plugin v19.2 - https:\/\/yoast.com\/wordpress\/plugins\/seo\/ -->\n<title>Carta do Ministro Geral para a Solenidade de Pentecostes 2024 - Banca - Franciscanos<\/title>\n<meta name=\"robots\" content=\"index, follow, max-snippet:-1, max-image-preview:large, max-video-preview:-1\" \/>\n<link rel=\"canonical\" href=\"https:\/\/franciscanos.org.br\/banca\/carta-do-ministro-geral-para-a-solenidade-de-pentecostes-2024.html\" \/>\n<meta property=\"og:locale\" content=\"pt_BR\" \/>\n<meta property=\"og:type\" content=\"article\" \/>\n<meta property=\"og:title\" content=\"Carta do Ministro Geral para a Solenidade de Pentecostes 2024 - Banca - Franciscanos\" \/>\n<meta property=\"og:url\" content=\"https:\/\/franciscanos.org.br\/banca\/carta-do-ministro-geral-para-a-solenidade-de-pentecostes-2024.html\" \/>\n<meta property=\"og:site_name\" content=\"Banca - Franciscanos\" \/>\n<meta property=\"article:published_time\" content=\"2024-05-16T14:53:08+00:00\" \/>\n<meta property=\"og:image\" content=\"https:\/\/franciscanos.org.br\/banca\/wp-content\/uploads\/2024\/05\/CAPINHA.jpg\" \/>\n\t<meta property=\"og:image:width\" content=\"500\" \/>\n\t<meta property=\"og:image:height\" content=\"708\" \/>\n\t<meta property=\"og:image:type\" content=\"image\/jpeg\" \/>\n<meta name=\"author\" content=\"Jovenal Pereira\" \/>\n<meta name=\"twitter:card\" content=\"summary_large_image\" \/>\n<meta name=\"twitter:label1\" content=\"Escrito por\" \/>\n\t<meta name=\"twitter:data1\" content=\"Jovenal Pereira\" \/>\n<script type=\"application\/ld+json\" class=\"yoast-schema-graph\">{\"@context\":\"https:\/\/schema.org\",\"@graph\":[{\"@type\":\"WebSite\",\"@id\":\"https:\/\/franciscanos.org.br\/banca\/#website\",\"url\":\"https:\/\/franciscanos.org.br\/banca\/\",\"name\":\"Banca - Franciscanos\",\"description\":\"Prov\u00edncia Franciscana da Imaculada Concei\u00e7\u00e3o do Brasil - Ordem dos Frades Menores\",\"potentialAction\":[{\"@type\":\"SearchAction\",\"target\":{\"@type\":\"EntryPoint\",\"urlTemplate\":\"https:\/\/franciscanos.org.br\/banca\/?s={search_term_string}\"},\"query-input\":\"required name=search_term_string\"}],\"inLanguage\":\"pt-BR\"},{\"@type\":\"ImageObject\",\"inLanguage\":\"pt-BR\",\"@id\":\"https:\/\/franciscanos.org.br\/banca\/carta-do-ministro-geral-para-a-solenidade-de-pentecostes-2024.html#primaryimage\",\"url\":\"https:\/\/franciscanos.org.br\/banca\/wp-content\/uploads\/2024\/05\/CAPINHA.jpg\",\"contentUrl\":\"https:\/\/franciscanos.org.br\/banca\/wp-content\/uploads\/2024\/05\/CAPINHA.jpg\",\"width\":500,\"height\":708},{\"@type\":\"WebPage\",\"@id\":\"https:\/\/franciscanos.org.br\/banca\/carta-do-ministro-geral-para-a-solenidade-de-pentecostes-2024.html#webpage\",\"url\":\"https:\/\/franciscanos.org.br\/banca\/carta-do-ministro-geral-para-a-solenidade-de-pentecostes-2024.html\",\"name\":\"Carta do Ministro Geral para a Solenidade de Pentecostes 2024 - Banca - Franciscanos\",\"isPartOf\":{\"@id\":\"https:\/\/franciscanos.org.br\/banca\/#website\"},\"primaryImageOfPage\":{\"@id\":\"https:\/\/franciscanos.org.br\/banca\/carta-do-ministro-geral-para-a-solenidade-de-pentecostes-2024.html#primaryimage\"},\"datePublished\":\"2024-05-16T14:53:08+00:00\",\"dateModified\":\"2024-05-16T14:53:08+00:00\",\"author\":{\"@id\":\"https:\/\/franciscanos.org.br\/banca\/#\/schema\/person\/4b3d08b9de15c964e57554862c6bf056\"},\"breadcrumb\":{\"@id\":\"https:\/\/franciscanos.org.br\/banca\/carta-do-ministro-geral-para-a-solenidade-de-pentecostes-2024.html#breadcrumb\"},\"inLanguage\":\"pt-BR\",\"potentialAction\":[{\"@type\":\"ReadAction\",\"target\":[\"https:\/\/franciscanos.org.br\/banca\/carta-do-ministro-geral-para-a-solenidade-de-pentecostes-2024.html\"]}]},{\"@type\":\"BreadcrumbList\",\"@id\":\"https:\/\/franciscanos.org.br\/banca\/carta-do-ministro-geral-para-a-solenidade-de-pentecostes-2024.html#breadcrumb\",\"itemListElement\":[{\"@type\":\"ListItem\",\"position\":1,\"name\":\"Home\",\"item\":\"https:\/\/franciscanos.org.br\/banca\/\"},{\"@type\":\"ListItem\",\"position\":2,\"name\":\"Carta do Ministro Geral para a Solenidade de Pentecostes 2024\"}]},{\"@type\":\"Person\",\"@id\":\"https:\/\/franciscanos.org.br\/banca\/#\/schema\/person\/4b3d08b9de15c964e57554862c6bf056\",\"name\":\"Jovenal Pereira\",\"image\":{\"@type\":\"ImageObject\",\"inLanguage\":\"pt-BR\",\"@id\":\"https:\/\/franciscanos.org.br\/banca\/#\/schema\/person\/image\/\",\"url\":\"https:\/\/secure.gravatar.com\/avatar\/e94509f531086e2eaf97e72f29ea00f9?s=96&d=mm&r=g\",\"contentUrl\":\"https:\/\/secure.gravatar.com\/avatar\/e94509f531086e2eaf97e72f29ea00f9?s=96&d=mm&r=g\",\"caption\":\"Jovenal Pereira\"},\"url\":\"https:\/\/franciscanos.org.br\/banca\/author\/jovenal\"}]}<\/script>\n<!-- \/ Yoast SEO plugin. -->","yoast_head_json":{"title":"Carta do Ministro Geral para a Solenidade de Pentecostes 2024 - Banca - Franciscanos","robots":{"index":"index","follow":"follow","max-snippet":"max-snippet:-1","max-image-preview":"max-image-preview:large","max-video-preview":"max-video-preview:-1"},"canonical":"https:\/\/franciscanos.org.br\/banca\/carta-do-ministro-geral-para-a-solenidade-de-pentecostes-2024.html","og_locale":"pt_BR","og_type":"article","og_title":"Carta do Ministro Geral para a Solenidade de Pentecostes 2024 - Banca - Franciscanos","og_url":"https:\/\/franciscanos.org.br\/banca\/carta-do-ministro-geral-para-a-solenidade-de-pentecostes-2024.html","og_site_name":"Banca - Franciscanos","article_published_time":"2024-05-16T14:53:08+00:00","og_image":[{"width":500,"height":708,"url":"https:\/\/franciscanos.org.br\/banca\/wp-content\/uploads\/2024\/05\/CAPINHA.jpg","type":"image\/jpeg"}],"author":"Jovenal Pereira","twitter_card":"summary_large_image","twitter_misc":{"Escrito por":"Jovenal Pereira"},"schema":{"@context":"https:\/\/schema.org","@graph":[{"@type":"WebSite","@id":"https:\/\/franciscanos.org.br\/banca\/#website","url":"https:\/\/franciscanos.org.br\/banca\/","name":"Banca - Franciscanos","description":"Prov\u00edncia Franciscana da Imaculada Concei\u00e7\u00e3o do Brasil - Ordem dos Frades Menores","potentialAction":[{"@type":"SearchAction","target":{"@type":"EntryPoint","urlTemplate":"https:\/\/franciscanos.org.br\/banca\/?s={search_term_string}"},"query-input":"required name=search_term_string"}],"inLanguage":"pt-BR"},{"@type":"ImageObject","inLanguage":"pt-BR","@id":"https:\/\/franciscanos.org.br\/banca\/carta-do-ministro-geral-para-a-solenidade-de-pentecostes-2024.html#primaryimage","url":"https:\/\/franciscanos.org.br\/banca\/wp-content\/uploads\/2024\/05\/CAPINHA.jpg","contentUrl":"https:\/\/franciscanos.org.br\/banca\/wp-content\/uploads\/2024\/05\/CAPINHA.jpg","width":500,"height":708},{"@type":"WebPage","@id":"https:\/\/franciscanos.org.br\/banca\/carta-do-ministro-geral-para-a-solenidade-de-pentecostes-2024.html#webpage","url":"https:\/\/franciscanos.org.br\/banca\/carta-do-ministro-geral-para-a-solenidade-de-pentecostes-2024.html","name":"Carta do Ministro Geral para a Solenidade de Pentecostes 2024 - Banca - Franciscanos","isPartOf":{"@id":"https:\/\/franciscanos.org.br\/banca\/#website"},"primaryImageOfPage":{"@id":"https:\/\/franciscanos.org.br\/banca\/carta-do-ministro-geral-para-a-solenidade-de-pentecostes-2024.html#primaryimage"},"datePublished":"2024-05-16T14:53:08+00:00","dateModified":"2024-05-16T14:53:08+00:00","author":{"@id":"https:\/\/franciscanos.org.br\/banca\/#\/schema\/person\/4b3d08b9de15c964e57554862c6bf056"},"breadcrumb":{"@id":"https:\/\/franciscanos.org.br\/banca\/carta-do-ministro-geral-para-a-solenidade-de-pentecostes-2024.html#breadcrumb"},"inLanguage":"pt-BR","potentialAction":[{"@type":"ReadAction","target":["https:\/\/franciscanos.org.br\/banca\/carta-do-ministro-geral-para-a-solenidade-de-pentecostes-2024.html"]}]},{"@type":"BreadcrumbList","@id":"https:\/\/franciscanos.org.br\/banca\/carta-do-ministro-geral-para-a-solenidade-de-pentecostes-2024.html#breadcrumb","itemListElement":[{"@type":"ListItem","position":1,"name":"Home","item":"https:\/\/franciscanos.org.br\/banca\/"},{"@type":"ListItem","position":2,"name":"Carta do Ministro Geral para a Solenidade de Pentecostes 2024"}]},{"@type":"Person","@id":"https:\/\/franciscanos.org.br\/banca\/#\/schema\/person\/4b3d08b9de15c964e57554862c6bf056","name":"Jovenal Pereira","image":{"@type":"ImageObject","inLanguage":"pt-BR","@id":"https:\/\/franciscanos.org.br\/banca\/#\/schema\/person\/image\/","url":"https:\/\/secure.gravatar.com\/avatar\/e94509f531086e2eaf97e72f29ea00f9?s=96&d=mm&r=g","contentUrl":"https:\/\/secure.gravatar.com\/avatar\/e94509f531086e2eaf97e72f29ea00f9?s=96&d=mm&r=g","caption":"Jovenal Pereira"},"url":"https:\/\/franciscanos.org.br\/banca\/author\/jovenal"}]}},"_links":{"self":[{"href":"https:\/\/franciscanos.org.br\/banca\/wp-json\/wp\/v2\/posts\/177708"}],"collection":[{"href":"https:\/\/franciscanos.org.br\/banca\/wp-json\/wp\/v2\/posts"}],"about":[{"href":"https:\/\/franciscanos.org.br\/banca\/wp-json\/wp\/v2\/types\/post"}],"author":[{"embeddable":true,"href":"https:\/\/franciscanos.org.br\/banca\/wp-json\/wp\/v2\/users\/7"}],"replies":[{"embeddable":true,"href":"https:\/\/franciscanos.org.br\/banca\/wp-json\/wp\/v2\/comments?post=177708"}],"version-history":[{"count":1,"href":"https:\/\/franciscanos.org.br\/banca\/wp-json\/wp\/v2\/posts\/177708\/revisions"}],"predecessor-version":[{"id":177711,"href":"https:\/\/franciscanos.org.br\/banca\/wp-json\/wp\/v2\/posts\/177708\/revisions\/177711"}],"wp:featuredmedia":[{"embeddable":true,"href":"https:\/\/franciscanos.org.br\/banca\/wp-json\/wp\/v2\/media\/177710"}],"wp:attachment":[{"href":"https:\/\/franciscanos.org.br\/banca\/wp-json\/wp\/v2\/media?parent=177708"}],"wp:term":[{"taxonomy":"category","embeddable":true,"href":"https:\/\/franciscanos.org.br\/banca\/wp-json\/wp\/v2\/categories?post=177708"},{"taxonomy":"post_tag","embeddable":true,"href":"https:\/\/franciscanos.org.br\/banca\/wp-json\/wp\/v2\/tags?post=177708"}],"curies":[{"name":"wp","href":"https:\/\/api.w.org\/{rel}","templated":true}]}}