{"id":176489,"date":"2020-05-30T01:30:38","date_gmt":"2020-05-30T04:30:38","guid":{"rendered":"https:\/\/franciscanos.org.br\/banca\/?p=176489"},"modified":"2020-05-30T01:30:38","modified_gmt":"2020-05-30T04:30:38","slug":"celebracao-familiar-solenidade-de-pentecostes","status":"publish","type":"post","link":"https:\/\/franciscanos.org.br\/banca\/celebracao-familiar-solenidade-de-pentecostes.html","title":{"rendered":"Celebra\u00e7\u00e3o Familiar | Solenidade de Pentecostes"},"content":{"rendered":"<p>Acesse a \u201cCelebra\u00e7\u00e3o Familiar\u201d, da Solenidade de Pentecostes e reze conosco.<\/p>\n<p>Em tempos de pandemia, a \u201cCelebra\u00e7\u00e3o Familiar\u201d \u00e9 um subs\u00eddio oferecido semanalmente pela Par\u00f3quia do Sagrado Cora\u00e7\u00e3o de Jesus de Petr\u00f3polis (RJ).<\/p>\n","protected":false},"excerpt":{"rendered":"<p>Acesse a \u201cCelebra\u00e7\u00e3o Familiar\u201d, da Solenidade de Pentecostes e reze conosco. Em tempos de pandemia, a \u201cCelebra\u00e7\u00e3o Familiar\u201d \u00e9 um subs\u00eddio oferecido semanalmente pela Par\u00f3quia do Sagrado Cora\u00e7\u00e3o de Jesus de Petr\u00f3polis (RJ).<\/p>\n","protected":false},"author":5,"featured_media":176491,"comment_status":"open","ping_status":"open","sticky":false,"template":"","format":"standard","meta":{"footnotes":""},"categories":[14],"tags":[27],"acf":[],"yoast_head":"<!-- This site is optimized with the Yoast SEO plugin v19.2 - https:\/\/yoast.com\/wordpress\/plugins\/seo\/ -->\n<title>Celebra\u00e7\u00e3o Familiar | Solenidade de Pentecostes - Banca - Franciscanos<\/title>\n<meta name=\"robots\" content=\"index, follow, max-snippet:-1, max-image-preview:large, max-video-preview:-1\" \/>\n<link rel=\"canonical\" href=\"https:\/\/franciscanos.org.br\/banca\/celebracao-familiar-solenidade-de-pentecostes.html\" \/>\n<meta property=\"og:locale\" content=\"pt_BR\" \/>\n<meta property=\"og:type\" content=\"article\" \/>\n<meta property=\"og:title\" content=\"Celebra\u00e7\u00e3o Familiar | Solenidade de Pentecostes - Banca - Franciscanos\" \/>\n<meta property=\"og:description\" content=\"Acesse a \u201cCelebra\u00e7\u00e3o Familiar\u201d, da Solenidade de Pentecostes e reze conosco. Em tempos de pandemia, a \u201cCelebra\u00e7\u00e3o Familiar\u201d \u00e9 um subs\u00eddio oferecido semanalmente pela Par\u00f3quia do Sagrado Cora\u00e7\u00e3o de Jesus de Petr\u00f3polis (RJ).\" \/>\n<meta property=\"og:url\" content=\"https:\/\/franciscanos.org.br\/banca\/celebracao-familiar-solenidade-de-pentecostes.html\" \/>\n<meta property=\"og:site_name\" content=\"Banca - Franciscanos\" \/>\n<meta property=\"article:published_time\" content=\"2020-05-30T04:30:38+00:00\" \/>\n<meta property=\"og:image\" content=\"https:\/\/franciscanos.org.br\/banca\/wp-content\/uploads\/2020\/05\/pentecostes2.jpg\" \/>\n\t<meta property=\"og:image:width\" content=\"1200\" \/>\n\t<meta property=\"og:image:height\" content=\"760\" \/>\n\t<meta property=\"og:image:type\" content=\"image\/jpeg\" \/>\n<meta name=\"author\" content=\"freiaugusto\" \/>\n<meta name=\"twitter:card\" content=\"summary_large_image\" \/>\n<meta name=\"twitter:label1\" content=\"Escrito por\" \/>\n\t<meta name=\"twitter:data1\" content=\"freiaugusto\" \/>\n<script type=\"application\/ld+json\" class=\"yoast-schema-graph\">{\"@context\":\"https:\/\/schema.org\",\"@graph\":[{\"@type\":\"WebSite\",\"@id\":\"https:\/\/franciscanos.org.br\/banca\/#website\",\"url\":\"https:\/\/franciscanos.org.br\/banca\/\",\"name\":\"Banca - Franciscanos\",\"description\":\"Prov\u00edncia Franciscana da Imaculada Concei\u00e7\u00e3o do Brasil - Ordem dos Frades Menores\",\"potentialAction\":[{\"@type\":\"SearchAction\",\"target\":{\"@type\":\"EntryPoint\",\"urlTemplate\":\"https:\/\/franciscanos.org.br\/banca\/?s={search_term_string}\"},\"query-input\":\"required name=search_term_string\"}],\"inLanguage\":\"pt-BR\"},{\"@type\":\"ImageObject\",\"inLanguage\":\"pt-BR\",\"@id\":\"https:\/\/franciscanos.org.br\/banca\/celebracao-familiar-solenidade-de-pentecostes.html#primaryimage\",\"url\":\"https:\/\/franciscanos.org.br\/banca\/wp-content\/uploads\/2020\/05\/pentecostes2.jpg\",\"contentUrl\":\"https:\/\/franciscanos.org.br\/banca\/wp-content\/uploads\/2020\/05\/pentecostes2.jpg\",\"width\":1200,\"height\":760},{\"@type\":\"WebPage\",\"@id\":\"https:\/\/franciscanos.org.br\/banca\/celebracao-familiar-solenidade-de-pentecostes.html#webpage\",\"url\":\"https:\/\/franciscanos.org.br\/banca\/celebracao-familiar-solenidade-de-pentecostes.html\",\"name\":\"Celebra\u00e7\u00e3o Familiar | Solenidade de Pentecostes - Banca - Franciscanos\",\"isPartOf\":{\"@id\":\"https:\/\/franciscanos.org.br\/banca\/#website\"},\"primaryImageOfPage\":{\"@id\":\"https:\/\/franciscanos.org.br\/banca\/celebracao-familiar-solenidade-de-pentecostes.html#primaryimage\"},\"datePublished\":\"2020-05-30T04:30:38+00:00\",\"dateModified\":\"2020-05-30T04:30:38+00:00\",\"author\":{\"@id\":\"https:\/\/franciscanos.org.br\/banca\/#\/schema\/person\/356b37dc438f4867af58d118a57868cd\"},\"breadcrumb\":{\"@id\":\"https:\/\/franciscanos.org.br\/banca\/celebracao-familiar-solenidade-de-pentecostes.html#breadcrumb\"},\"inLanguage\":\"pt-BR\",\"potentialAction\":[{\"@type\":\"ReadAction\",\"target\":[\"https:\/\/franciscanos.org.br\/banca\/celebracao-familiar-solenidade-de-pentecostes.html\"]}]},{\"@type\":\"BreadcrumbList\",\"@id\":\"https:\/\/franciscanos.org.br\/banca\/celebracao-familiar-solenidade-de-pentecostes.html#breadcrumb\",\"itemListElement\":[{\"@type\":\"ListItem\",\"position\":1,\"name\":\"Home\",\"item\":\"https:\/\/franciscanos.org.br\/banca\/\"},{\"@type\":\"ListItem\",\"position\":2,\"name\":\"Celebra\u00e7\u00e3o Familiar | Solenidade de Pentecostes\"}]},{\"@type\":\"Person\",\"@id\":\"https:\/\/franciscanos.org.br\/banca\/#\/schema\/person\/356b37dc438f4867af58d118a57868cd\",\"name\":\"freiaugusto\",\"image\":{\"@type\":\"ImageObject\",\"inLanguage\":\"pt-BR\",\"@id\":\"https:\/\/franciscanos.org.br\/banca\/#\/schema\/person\/image\/\",\"url\":\"https:\/\/secure.gravatar.com\/avatar\/9840b940e621801b24f3e6b059efb4b7?s=96&d=mm&r=g\",\"contentUrl\":\"https:\/\/secure.gravatar.com\/avatar\/9840b940e621801b24f3e6b059efb4b7?s=96&d=mm&r=g\",\"caption\":\"freiaugusto\"},\"url\":\"https:\/\/franciscanos.org.br\/banca\/author\/freiaugusto\"}]}<\/script>\n<!-- \/ Yoast SEO plugin. -->","yoast_head_json":{"title":"Celebra\u00e7\u00e3o Familiar | Solenidade de Pentecostes - Banca - Franciscanos","robots":{"index":"index","follow":"follow","max-snippet":"max-snippet:-1","max-image-preview":"max-image-preview:large","max-video-preview":"max-video-preview:-1"},"canonical":"https:\/\/franciscanos.org.br\/banca\/celebracao-familiar-solenidade-de-pentecostes.html","og_locale":"pt_BR","og_type":"article","og_title":"Celebra\u00e7\u00e3o Familiar | Solenidade de Pentecostes - Banca - Franciscanos","og_description":"Acesse a \u201cCelebra\u00e7\u00e3o Familiar\u201d, da Solenidade de Pentecostes e reze conosco. Em tempos de pandemia, a \u201cCelebra\u00e7\u00e3o Familiar\u201d \u00e9 um subs\u00eddio oferecido semanalmente pela Par\u00f3quia do Sagrado Cora\u00e7\u00e3o de Jesus de Petr\u00f3polis (RJ).","og_url":"https:\/\/franciscanos.org.br\/banca\/celebracao-familiar-solenidade-de-pentecostes.html","og_site_name":"Banca - Franciscanos","article_published_time":"2020-05-30T04:30:38+00:00","og_image":[{"width":1200,"height":760,"url":"https:\/\/franciscanos.org.br\/banca\/wp-content\/uploads\/2020\/05\/pentecostes2.jpg","type":"image\/jpeg"}],"author":"freiaugusto","twitter_card":"summary_large_image","twitter_misc":{"Escrito por":"freiaugusto"},"schema":{"@context":"https:\/\/schema.org","@graph":[{"@type":"WebSite","@id":"https:\/\/franciscanos.org.br\/banca\/#website","url":"https:\/\/franciscanos.org.br\/banca\/","name":"Banca - Franciscanos","description":"Prov\u00edncia Franciscana da Imaculada Concei\u00e7\u00e3o do Brasil - Ordem dos Frades Menores","potentialAction":[{"@type":"SearchAction","target":{"@type":"EntryPoint","urlTemplate":"https:\/\/franciscanos.org.br\/banca\/?s={search_term_string}"},"query-input":"required name=search_term_string"}],"inLanguage":"pt-BR"},{"@type":"ImageObject","inLanguage":"pt-BR","@id":"https:\/\/franciscanos.org.br\/banca\/celebracao-familiar-solenidade-de-pentecostes.html#primaryimage","url":"https:\/\/franciscanos.org.br\/banca\/wp-content\/uploads\/2020\/05\/pentecostes2.jpg","contentUrl":"https:\/\/franciscanos.org.br\/banca\/wp-content\/uploads\/2020\/05\/pentecostes2.jpg","width":1200,"height":760},{"@type":"WebPage","@id":"https:\/\/franciscanos.org.br\/banca\/celebracao-familiar-solenidade-de-pentecostes.html#webpage","url":"https:\/\/franciscanos.org.br\/banca\/celebracao-familiar-solenidade-de-pentecostes.html","name":"Celebra\u00e7\u00e3o Familiar | Solenidade de Pentecostes - Banca - Franciscanos","isPartOf":{"@id":"https:\/\/franciscanos.org.br\/banca\/#website"},"primaryImageOfPage":{"@id":"https:\/\/franciscanos.org.br\/banca\/celebracao-familiar-solenidade-de-pentecostes.html#primaryimage"},"datePublished":"2020-05-30T04:30:38+00:00","dateModified":"2020-05-30T04:30:38+00:00","author":{"@id":"https:\/\/franciscanos.org.br\/banca\/#\/schema\/person\/356b37dc438f4867af58d118a57868cd"},"breadcrumb":{"@id":"https:\/\/franciscanos.org.br\/banca\/celebracao-familiar-solenidade-de-pentecostes.html#breadcrumb"},"inLanguage":"pt-BR","potentialAction":[{"@type":"ReadAction","target":["https:\/\/franciscanos.org.br\/banca\/celebracao-familiar-solenidade-de-pentecostes.html"]}]},{"@type":"BreadcrumbList","@id":"https:\/\/franciscanos.org.br\/banca\/celebracao-familiar-solenidade-de-pentecostes.html#breadcrumb","itemListElement":[{"@type":"ListItem","position":1,"name":"Home","item":"https:\/\/franciscanos.org.br\/banca\/"},{"@type":"ListItem","position":2,"name":"Celebra\u00e7\u00e3o Familiar | Solenidade de Pentecostes"}]},{"@type":"Person","@id":"https:\/\/franciscanos.org.br\/banca\/#\/schema\/person\/356b37dc438f4867af58d118a57868cd","name":"freiaugusto","image":{"@type":"ImageObject","inLanguage":"pt-BR","@id":"https:\/\/franciscanos.org.br\/banca\/#\/schema\/person\/image\/","url":"https:\/\/secure.gravatar.com\/avatar\/9840b940e621801b24f3e6b059efb4b7?s=96&d=mm&r=g","contentUrl":"https:\/\/secure.gravatar.com\/avatar\/9840b940e621801b24f3e6b059efb4b7?s=96&d=mm&r=g","caption":"freiaugusto"},"url":"https:\/\/franciscanos.org.br\/banca\/author\/freiaugusto"}]}},"_links":{"self":[{"href":"https:\/\/franciscanos.org.br\/banca\/wp-json\/wp\/v2\/posts\/176489"}],"collection":[{"href":"https:\/\/franciscanos.org.br\/banca\/wp-json\/wp\/v2\/posts"}],"about":[{"href":"https:\/\/franciscanos.org.br\/banca\/wp-json\/wp\/v2\/types\/post"}],"author":[{"embeddable":true,"href":"https:\/\/franciscanos.org.br\/banca\/wp-json\/wp\/v2\/users\/5"}],"replies":[{"embeddable":true,"href":"https:\/\/franciscanos.org.br\/banca\/wp-json\/wp\/v2\/comments?post=176489"}],"version-history":[{"count":1,"href":"https:\/\/franciscanos.org.br\/banca\/wp-json\/wp\/v2\/posts\/176489\/revisions"}],"predecessor-version":[{"id":176492,"href":"https:\/\/franciscanos.org.br\/banca\/wp-json\/wp\/v2\/posts\/176489\/revisions\/176492"}],"wp:featuredmedia":[{"embeddable":true,"href":"https:\/\/franciscanos.org.br\/banca\/wp-json\/wp\/v2\/media\/176491"}],"wp:attachment":[{"href":"https:\/\/franciscanos.org.br\/banca\/wp-json\/wp\/v2\/media?parent=176489"}],"wp:term":[{"taxonomy":"category","embeddable":true,"href":"https:\/\/franciscanos.org.br\/banca\/wp-json\/wp\/v2\/categories?post=176489"},{"taxonomy":"post_tag","embeddable":true,"href":"https:\/\/franciscanos.org.br\/banca\/wp-json\/wp\/v2\/tags?post=176489"}],"curies":[{"name":"wp","href":"https:\/\/api.w.org\/{rel}","templated":true}]}}