{"id":176427,"date":"2020-04-16T09:06:48","date_gmt":"2020-04-16T12:06:48","guid":{"rendered":"https:\/\/franciscanos.org.br\/banca\/?p=176427"},"modified":"2020-04-16T09:06:48","modified_gmt":"2020-04-16T12:06:48","slug":"festa-da-penha-exposicao-virtual","status":"publish","type":"post","link":"https:\/\/franciscanos.org.br\/banca\/festa-da-penha-exposicao-virtual.html","title":{"rendered":"Festa da Penha | Exposi\u00e7\u00e3o Virtual"},"content":{"rendered":"","protected":false},"excerpt":{"rendered":"","protected":false},"author":4,"featured_media":176428,"comment_status":"open","ping_status":"open","sticky":false,"template":"","format":"standard","meta":{"footnotes":""},"categories":[14],"tags":[],"acf":[],"yoast_head":"<!-- This site is optimized with the Yoast SEO plugin v19.2 - https:\/\/yoast.com\/wordpress\/plugins\/seo\/ -->\n<title>Festa da Penha | Exposi\u00e7\u00e3o Virtual - Banca - Franciscanos<\/title>\n<meta name=\"robots\" content=\"index, follow, max-snippet:-1, max-image-preview:large, max-video-preview:-1\" \/>\n<link rel=\"canonical\" href=\"https:\/\/franciscanos.org.br\/banca\/festa-da-penha-exposicao-virtual.html\" \/>\n<meta property=\"og:locale\" content=\"pt_BR\" \/>\n<meta property=\"og:type\" content=\"article\" \/>\n<meta property=\"og:title\" content=\"Festa da Penha | Exposi\u00e7\u00e3o Virtual - Banca - Franciscanos\" \/>\n<meta property=\"og:url\" content=\"https:\/\/franciscanos.org.br\/banca\/festa-da-penha-exposicao-virtual.html\" \/>\n<meta property=\"og:site_name\" content=\"Banca - Franciscanos\" \/>\n<meta property=\"article:published_time\" content=\"2020-04-16T12:06:48+00:00\" \/>\n<meta property=\"og:image\" content=\"https:\/\/franciscanos.org.br\/banca\/wp-content\/uploads\/2020\/04\/catalogo.jpg\" \/>\n\t<meta property=\"og:image:width\" content=\"750\" \/>\n\t<meta property=\"og:image:height\" content=\"430\" \/>\n\t<meta property=\"og:image:type\" content=\"image\/jpeg\" \/>\n<meta name=\"author\" content=\"moacir\" \/>\n<meta name=\"twitter:card\" content=\"summary_large_image\" \/>\n<meta name=\"twitter:label1\" content=\"Escrito por\" \/>\n\t<meta name=\"twitter:data1\" content=\"moacir\" \/>\n<script type=\"application\/ld+json\" class=\"yoast-schema-graph\">{\"@context\":\"https:\/\/schema.org\",\"@graph\":[{\"@type\":\"WebSite\",\"@id\":\"https:\/\/franciscanos.org.br\/banca\/#website\",\"url\":\"https:\/\/franciscanos.org.br\/banca\/\",\"name\":\"Banca - Franciscanos\",\"description\":\"Prov\u00edncia Franciscana da Imaculada Concei\u00e7\u00e3o do Brasil - Ordem dos Frades Menores\",\"potentialAction\":[{\"@type\":\"SearchAction\",\"target\":{\"@type\":\"EntryPoint\",\"urlTemplate\":\"https:\/\/franciscanos.org.br\/banca\/?s={search_term_string}\"},\"query-input\":\"required name=search_term_string\"}],\"inLanguage\":\"pt-BR\"},{\"@type\":\"ImageObject\",\"inLanguage\":\"pt-BR\",\"@id\":\"https:\/\/franciscanos.org.br\/banca\/festa-da-penha-exposicao-virtual.html#primaryimage\",\"url\":\"https:\/\/franciscanos.org.br\/banca\/wp-content\/uploads\/2020\/04\/catalogo.jpg\",\"contentUrl\":\"https:\/\/franciscanos.org.br\/banca\/wp-content\/uploads\/2020\/04\/catalogo.jpg\",\"width\":750,\"height\":430},{\"@type\":\"WebPage\",\"@id\":\"https:\/\/franciscanos.org.br\/banca\/festa-da-penha-exposicao-virtual.html#webpage\",\"url\":\"https:\/\/franciscanos.org.br\/banca\/festa-da-penha-exposicao-virtual.html\",\"name\":\"Festa da Penha | Exposi\u00e7\u00e3o Virtual - Banca - Franciscanos\",\"isPartOf\":{\"@id\":\"https:\/\/franciscanos.org.br\/banca\/#website\"},\"primaryImageOfPage\":{\"@id\":\"https:\/\/franciscanos.org.br\/banca\/festa-da-penha-exposicao-virtual.html#primaryimage\"},\"datePublished\":\"2020-04-16T12:06:48+00:00\",\"dateModified\":\"2020-04-16T12:06:48+00:00\",\"author\":{\"@id\":\"https:\/\/franciscanos.org.br\/banca\/#\/schema\/person\/a4b5671601bd83da683b30841031aeea\"},\"breadcrumb\":{\"@id\":\"https:\/\/franciscanos.org.br\/banca\/festa-da-penha-exposicao-virtual.html#breadcrumb\"},\"inLanguage\":\"pt-BR\",\"potentialAction\":[{\"@type\":\"ReadAction\",\"target\":[\"https:\/\/franciscanos.org.br\/banca\/festa-da-penha-exposicao-virtual.html\"]}]},{\"@type\":\"BreadcrumbList\",\"@id\":\"https:\/\/franciscanos.org.br\/banca\/festa-da-penha-exposicao-virtual.html#breadcrumb\",\"itemListElement\":[{\"@type\":\"ListItem\",\"position\":1,\"name\":\"Home\",\"item\":\"https:\/\/franciscanos.org.br\/banca\/\"},{\"@type\":\"ListItem\",\"position\":2,\"name\":\"Festa da Penha | Exposi\u00e7\u00e3o Virtual\"}]},{\"@type\":\"Person\",\"@id\":\"https:\/\/franciscanos.org.br\/banca\/#\/schema\/person\/a4b5671601bd83da683b30841031aeea\",\"name\":\"moacir\",\"image\":{\"@type\":\"ImageObject\",\"inLanguage\":\"pt-BR\",\"@id\":\"https:\/\/franciscanos.org.br\/banca\/#\/schema\/person\/image\/\",\"url\":\"https:\/\/secure.gravatar.com\/avatar\/d08aa2ce4c8dd416d4479aa8536fcf64?s=96&d=mm&r=g\",\"contentUrl\":\"https:\/\/secure.gravatar.com\/avatar\/d08aa2ce4c8dd416d4479aa8536fcf64?s=96&d=mm&r=g\",\"caption\":\"moacir\"},\"url\":\"https:\/\/franciscanos.org.br\/banca\/author\/moacir\"}]}<\/script>\n<!-- \/ Yoast SEO plugin. -->","yoast_head_json":{"title":"Festa da Penha | Exposi\u00e7\u00e3o Virtual - Banca - Franciscanos","robots":{"index":"index","follow":"follow","max-snippet":"max-snippet:-1","max-image-preview":"max-image-preview:large","max-video-preview":"max-video-preview:-1"},"canonical":"https:\/\/franciscanos.org.br\/banca\/festa-da-penha-exposicao-virtual.html","og_locale":"pt_BR","og_type":"article","og_title":"Festa da Penha | Exposi\u00e7\u00e3o Virtual - Banca - Franciscanos","og_url":"https:\/\/franciscanos.org.br\/banca\/festa-da-penha-exposicao-virtual.html","og_site_name":"Banca - Franciscanos","article_published_time":"2020-04-16T12:06:48+00:00","og_image":[{"width":750,"height":430,"url":"https:\/\/franciscanos.org.br\/banca\/wp-content\/uploads\/2020\/04\/catalogo.jpg","type":"image\/jpeg"}],"author":"moacir","twitter_card":"summary_large_image","twitter_misc":{"Escrito por":"moacir"},"schema":{"@context":"https:\/\/schema.org","@graph":[{"@type":"WebSite","@id":"https:\/\/franciscanos.org.br\/banca\/#website","url":"https:\/\/franciscanos.org.br\/banca\/","name":"Banca - Franciscanos","description":"Prov\u00edncia Franciscana da Imaculada Concei\u00e7\u00e3o do Brasil - Ordem dos Frades Menores","potentialAction":[{"@type":"SearchAction","target":{"@type":"EntryPoint","urlTemplate":"https:\/\/franciscanos.org.br\/banca\/?s={search_term_string}"},"query-input":"required name=search_term_string"}],"inLanguage":"pt-BR"},{"@type":"ImageObject","inLanguage":"pt-BR","@id":"https:\/\/franciscanos.org.br\/banca\/festa-da-penha-exposicao-virtual.html#primaryimage","url":"https:\/\/franciscanos.org.br\/banca\/wp-content\/uploads\/2020\/04\/catalogo.jpg","contentUrl":"https:\/\/franciscanos.org.br\/banca\/wp-content\/uploads\/2020\/04\/catalogo.jpg","width":750,"height":430},{"@type":"WebPage","@id":"https:\/\/franciscanos.org.br\/banca\/festa-da-penha-exposicao-virtual.html#webpage","url":"https:\/\/franciscanos.org.br\/banca\/festa-da-penha-exposicao-virtual.html","name":"Festa da Penha | Exposi\u00e7\u00e3o Virtual - Banca - Franciscanos","isPartOf":{"@id":"https:\/\/franciscanos.org.br\/banca\/#website"},"primaryImageOfPage":{"@id":"https:\/\/franciscanos.org.br\/banca\/festa-da-penha-exposicao-virtual.html#primaryimage"},"datePublished":"2020-04-16T12:06:48+00:00","dateModified":"2020-04-16T12:06:48+00:00","author":{"@id":"https:\/\/franciscanos.org.br\/banca\/#\/schema\/person\/a4b5671601bd83da683b30841031aeea"},"breadcrumb":{"@id":"https:\/\/franciscanos.org.br\/banca\/festa-da-penha-exposicao-virtual.html#breadcrumb"},"inLanguage":"pt-BR","potentialAction":[{"@type":"ReadAction","target":["https:\/\/franciscanos.org.br\/banca\/festa-da-penha-exposicao-virtual.html"]}]},{"@type":"BreadcrumbList","@id":"https:\/\/franciscanos.org.br\/banca\/festa-da-penha-exposicao-virtual.html#breadcrumb","itemListElement":[{"@type":"ListItem","position":1,"name":"Home","item":"https:\/\/franciscanos.org.br\/banca\/"},{"@type":"ListItem","position":2,"name":"Festa da Penha | Exposi\u00e7\u00e3o Virtual"}]},{"@type":"Person","@id":"https:\/\/franciscanos.org.br\/banca\/#\/schema\/person\/a4b5671601bd83da683b30841031aeea","name":"moacir","image":{"@type":"ImageObject","inLanguage":"pt-BR","@id":"https:\/\/franciscanos.org.br\/banca\/#\/schema\/person\/image\/","url":"https:\/\/secure.gravatar.com\/avatar\/d08aa2ce4c8dd416d4479aa8536fcf64?s=96&d=mm&r=g","contentUrl":"https:\/\/secure.gravatar.com\/avatar\/d08aa2ce4c8dd416d4479aa8536fcf64?s=96&d=mm&r=g","caption":"moacir"},"url":"https:\/\/franciscanos.org.br\/banca\/author\/moacir"}]}},"_links":{"self":[{"href":"https:\/\/franciscanos.org.br\/banca\/wp-json\/wp\/v2\/posts\/176427"}],"collection":[{"href":"https:\/\/franciscanos.org.br\/banca\/wp-json\/wp\/v2\/posts"}],"about":[{"href":"https:\/\/franciscanos.org.br\/banca\/wp-json\/wp\/v2\/types\/post"}],"author":[{"embeddable":true,"href":"https:\/\/franciscanos.org.br\/banca\/wp-json\/wp\/v2\/users\/4"}],"replies":[{"embeddable":true,"href":"https:\/\/franciscanos.org.br\/banca\/wp-json\/wp\/v2\/comments?post=176427"}],"version-history":[{"count":1,"href":"https:\/\/franciscanos.org.br\/banca\/wp-json\/wp\/v2\/posts\/176427\/revisions"}],"predecessor-version":[{"id":176430,"href":"https:\/\/franciscanos.org.br\/banca\/wp-json\/wp\/v2\/posts\/176427\/revisions\/176430"}],"wp:featuredmedia":[{"embeddable":true,"href":"https:\/\/franciscanos.org.br\/banca\/wp-json\/wp\/v2\/media\/176428"}],"wp:attachment":[{"href":"https:\/\/franciscanos.org.br\/banca\/wp-json\/wp\/v2\/media?parent=176427"}],"wp:term":[{"taxonomy":"category","embeddable":true,"href":"https:\/\/franciscanos.org.br\/banca\/wp-json\/wp\/v2\/categories?post=176427"},{"taxonomy":"post_tag","embeddable":true,"href":"https:\/\/franciscanos.org.br\/banca\/wp-json\/wp\/v2\/tags?post=176427"}],"curies":[{"name":"wp","href":"https:\/\/api.w.org\/{rel}","templated":true}]}}