{"id":140947,"date":"2017-09-12T12:45:57","date_gmt":"2017-09-12T15:45:57","guid":{"rendered":"http:\/\/franciscanos.org.br\/?post_type=banca&#038;p=140947"},"modified":"2019-01-28T12:49:43","modified_gmt":"2019-01-28T14:49:43","slug":"boletim-pvf-edicao-163","status":"publish","type":"post","link":"https:\/\/franciscanos.org.br\/banca\/boletim-pvf-edicao-163.html","title":{"rendered":"Boletim PVF &#8211; Edi\u00e7\u00e3o 163"},"content":{"rendered":"","protected":false},"excerpt":{"rendered":"","protected":false},"author":1,"featured_media":174693,"comment_status":"closed","ping_status":"closed","sticky":false,"template":"","format":"standard","meta":{"footnotes":""},"categories":[10],"tags":[],"acf":[],"yoast_head":"<!-- This site is optimized with the Yoast SEO plugin v19.2 - https:\/\/yoast.com\/wordpress\/plugins\/seo\/ -->\n<title>Boletim PVF - Edi\u00e7\u00e3o 163 - Banca - Franciscanos<\/title>\n<meta name=\"robots\" content=\"index, follow, max-snippet:-1, max-image-preview:large, max-video-preview:-1\" \/>\n<link rel=\"canonical\" href=\"https:\/\/franciscanos.org.br\/banca\/boletim-pvf-edicao-163.html\" \/>\n<meta property=\"og:locale\" content=\"pt_BR\" \/>\n<meta property=\"og:type\" content=\"article\" \/>\n<meta property=\"og:title\" content=\"Boletim PVF - Edi\u00e7\u00e3o 163 - Banca - Franciscanos\" \/>\n<meta property=\"og:url\" content=\"https:\/\/franciscanos.org.br\/banca\/boletim-pvf-edicao-163.html\" \/>\n<meta property=\"og:site_name\" content=\"Banca - Franciscanos\" \/>\n<meta property=\"article:published_time\" content=\"2017-09-12T15:45:57+00:00\" \/>\n<meta property=\"article:modified_time\" content=\"2019-01-28T14:49:43+00:00\" \/>\n<meta property=\"og:image\" content=\"https:\/\/franciscanos.org.br\/banca\/wp-content\/uploads\/2017\/09\/pfv163.jpg\" \/>\n\t<meta property=\"og:image:width\" content=\"500\" \/>\n\t<meta property=\"og:image:height\" content=\"667\" \/>\n\t<meta property=\"og:image:type\" content=\"image\/jpeg\" \/>\n<meta name=\"author\" content=\"webmaster\" \/>\n<meta name=\"twitter:card\" content=\"summary_large_image\" \/>\n<meta name=\"twitter:label1\" content=\"Escrito por\" \/>\n\t<meta name=\"twitter:data1\" content=\"webmaster\" \/>\n<script type=\"application\/ld+json\" class=\"yoast-schema-graph\">{\"@context\":\"https:\/\/schema.org\",\"@graph\":[{\"@type\":\"WebSite\",\"@id\":\"https:\/\/franciscanos.org.br\/banca\/#website\",\"url\":\"https:\/\/franciscanos.org.br\/banca\/\",\"name\":\"Banca - Franciscanos\",\"description\":\"Prov\u00edncia Franciscana da Imaculada Concei\u00e7\u00e3o do Brasil - Ordem dos Frades Menores\",\"potentialAction\":[{\"@type\":\"SearchAction\",\"target\":{\"@type\":\"EntryPoint\",\"urlTemplate\":\"https:\/\/franciscanos.org.br\/banca\/?s={search_term_string}\"},\"query-input\":\"required name=search_term_string\"}],\"inLanguage\":\"pt-BR\"},{\"@type\":\"ImageObject\",\"inLanguage\":\"pt-BR\",\"@id\":\"https:\/\/franciscanos.org.br\/banca\/boletim-pvf-edicao-163.html#primaryimage\",\"url\":\"https:\/\/franciscanos.org.br\/banca\/wp-content\/uploads\/2017\/09\/pfv163.jpg\",\"contentUrl\":\"https:\/\/franciscanos.org.br\/banca\/wp-content\/uploads\/2017\/09\/pfv163.jpg\",\"width\":500,\"height\":667},{\"@type\":\"WebPage\",\"@id\":\"https:\/\/franciscanos.org.br\/banca\/boletim-pvf-edicao-163.html#webpage\",\"url\":\"https:\/\/franciscanos.org.br\/banca\/boletim-pvf-edicao-163.html\",\"name\":\"Boletim PVF - Edi\u00e7\u00e3o 163 - Banca - Franciscanos\",\"isPartOf\":{\"@id\":\"https:\/\/franciscanos.org.br\/banca\/#website\"},\"primaryImageOfPage\":{\"@id\":\"https:\/\/franciscanos.org.br\/banca\/boletim-pvf-edicao-163.html#primaryimage\"},\"datePublished\":\"2017-09-12T15:45:57+00:00\",\"dateModified\":\"2019-01-28T14:49:43+00:00\",\"author\":{\"@id\":\"https:\/\/franciscanos.org.br\/banca\/#\/schema\/person\/d8ab5bd7ef07903b2ed0e997dd0536ac\"},\"breadcrumb\":{\"@id\":\"https:\/\/franciscanos.org.br\/banca\/boletim-pvf-edicao-163.html#breadcrumb\"},\"inLanguage\":\"pt-BR\",\"potentialAction\":[{\"@type\":\"ReadAction\",\"target\":[\"https:\/\/franciscanos.org.br\/banca\/boletim-pvf-edicao-163.html\"]}]},{\"@type\":\"BreadcrumbList\",\"@id\":\"https:\/\/franciscanos.org.br\/banca\/boletim-pvf-edicao-163.html#breadcrumb\",\"itemListElement\":[{\"@type\":\"ListItem\",\"position\":1,\"name\":\"Home\",\"item\":\"https:\/\/franciscanos.org.br\/banca\/\"},{\"@type\":\"ListItem\",\"position\":2,\"name\":\"Boletim PVF &#8211; Edi\u00e7\u00e3o 163\"}]},{\"@type\":\"Person\",\"@id\":\"https:\/\/franciscanos.org.br\/banca\/#\/schema\/person\/d8ab5bd7ef07903b2ed0e997dd0536ac\",\"name\":\"webmaster\",\"image\":{\"@type\":\"ImageObject\",\"inLanguage\":\"pt-BR\",\"@id\":\"https:\/\/franciscanos.org.br\/banca\/#\/schema\/person\/image\/\",\"url\":\"https:\/\/secure.gravatar.com\/avatar\/e8495742d34d0ba6448ea1c628263b3e?s=96&d=mm&r=g\",\"contentUrl\":\"https:\/\/secure.gravatar.com\/avatar\/e8495742d34d0ba6448ea1c628263b3e?s=96&d=mm&r=g\",\"caption\":\"webmaster\"},\"url\":\"https:\/\/franciscanos.org.br\/banca\/author\/admin\"}]}<\/script>\n<!-- \/ Yoast SEO plugin. -->","yoast_head_json":{"title":"Boletim PVF - Edi\u00e7\u00e3o 163 - Banca - Franciscanos","robots":{"index":"index","follow":"follow","max-snippet":"max-snippet:-1","max-image-preview":"max-image-preview:large","max-video-preview":"max-video-preview:-1"},"canonical":"https:\/\/franciscanos.org.br\/banca\/boletim-pvf-edicao-163.html","og_locale":"pt_BR","og_type":"article","og_title":"Boletim PVF - Edi\u00e7\u00e3o 163 - Banca - Franciscanos","og_url":"https:\/\/franciscanos.org.br\/banca\/boletim-pvf-edicao-163.html","og_site_name":"Banca - Franciscanos","article_published_time":"2017-09-12T15:45:57+00:00","article_modified_time":"2019-01-28T14:49:43+00:00","og_image":[{"width":500,"height":667,"url":"https:\/\/franciscanos.org.br\/banca\/wp-content\/uploads\/2017\/09\/pfv163.jpg","type":"image\/jpeg"}],"author":"webmaster","twitter_card":"summary_large_image","twitter_misc":{"Escrito por":"webmaster"},"schema":{"@context":"https:\/\/schema.org","@graph":[{"@type":"WebSite","@id":"https:\/\/franciscanos.org.br\/banca\/#website","url":"https:\/\/franciscanos.org.br\/banca\/","name":"Banca - Franciscanos","description":"Prov\u00edncia Franciscana da Imaculada Concei\u00e7\u00e3o do Brasil - Ordem dos Frades Menores","potentialAction":[{"@type":"SearchAction","target":{"@type":"EntryPoint","urlTemplate":"https:\/\/franciscanos.org.br\/banca\/?s={search_term_string}"},"query-input":"required name=search_term_string"}],"inLanguage":"pt-BR"},{"@type":"ImageObject","inLanguage":"pt-BR","@id":"https:\/\/franciscanos.org.br\/banca\/boletim-pvf-edicao-163.html#primaryimage","url":"https:\/\/franciscanos.org.br\/banca\/wp-content\/uploads\/2017\/09\/pfv163.jpg","contentUrl":"https:\/\/franciscanos.org.br\/banca\/wp-content\/uploads\/2017\/09\/pfv163.jpg","width":500,"height":667},{"@type":"WebPage","@id":"https:\/\/franciscanos.org.br\/banca\/boletim-pvf-edicao-163.html#webpage","url":"https:\/\/franciscanos.org.br\/banca\/boletim-pvf-edicao-163.html","name":"Boletim PVF - Edi\u00e7\u00e3o 163 - Banca - Franciscanos","isPartOf":{"@id":"https:\/\/franciscanos.org.br\/banca\/#website"},"primaryImageOfPage":{"@id":"https:\/\/franciscanos.org.br\/banca\/boletim-pvf-edicao-163.html#primaryimage"},"datePublished":"2017-09-12T15:45:57+00:00","dateModified":"2019-01-28T14:49:43+00:00","author":{"@id":"https:\/\/franciscanos.org.br\/banca\/#\/schema\/person\/d8ab5bd7ef07903b2ed0e997dd0536ac"},"breadcrumb":{"@id":"https:\/\/franciscanos.org.br\/banca\/boletim-pvf-edicao-163.html#breadcrumb"},"inLanguage":"pt-BR","potentialAction":[{"@type":"ReadAction","target":["https:\/\/franciscanos.org.br\/banca\/boletim-pvf-edicao-163.html"]}]},{"@type":"BreadcrumbList","@id":"https:\/\/franciscanos.org.br\/banca\/boletim-pvf-edicao-163.html#breadcrumb","itemListElement":[{"@type":"ListItem","position":1,"name":"Home","item":"https:\/\/franciscanos.org.br\/banca\/"},{"@type":"ListItem","position":2,"name":"Boletim PVF &#8211; Edi\u00e7\u00e3o 163"}]},{"@type":"Person","@id":"https:\/\/franciscanos.org.br\/banca\/#\/schema\/person\/d8ab5bd7ef07903b2ed0e997dd0536ac","name":"webmaster","image":{"@type":"ImageObject","inLanguage":"pt-BR","@id":"https:\/\/franciscanos.org.br\/banca\/#\/schema\/person\/image\/","url":"https:\/\/secure.gravatar.com\/avatar\/e8495742d34d0ba6448ea1c628263b3e?s=96&d=mm&r=g","contentUrl":"https:\/\/secure.gravatar.com\/avatar\/e8495742d34d0ba6448ea1c628263b3e?s=96&d=mm&r=g","caption":"webmaster"},"url":"https:\/\/franciscanos.org.br\/banca\/author\/admin"}]}},"_links":{"self":[{"href":"https:\/\/franciscanos.org.br\/banca\/wp-json\/wp\/v2\/posts\/140947"}],"collection":[{"href":"https:\/\/franciscanos.org.br\/banca\/wp-json\/wp\/v2\/posts"}],"about":[{"href":"https:\/\/franciscanos.org.br\/banca\/wp-json\/wp\/v2\/types\/post"}],"author":[{"embeddable":true,"href":"https:\/\/franciscanos.org.br\/banca\/wp-json\/wp\/v2\/users\/1"}],"replies":[{"embeddable":true,"href":"https:\/\/franciscanos.org.br\/banca\/wp-json\/wp\/v2\/comments?post=140947"}],"version-history":[{"count":1,"href":"https:\/\/franciscanos.org.br\/banca\/wp-json\/wp\/v2\/posts\/140947\/revisions"}],"predecessor-version":[{"id":175172,"href":"https:\/\/franciscanos.org.br\/banca\/wp-json\/wp\/v2\/posts\/140947\/revisions\/175172"}],"wp:featuredmedia":[{"embeddable":true,"href":"https:\/\/franciscanos.org.br\/banca\/wp-json\/wp\/v2\/media\/174693"}],"wp:attachment":[{"href":"https:\/\/franciscanos.org.br\/banca\/wp-json\/wp\/v2\/media?parent=140947"}],"wp:term":[{"taxonomy":"category","embeddable":true,"href":"https:\/\/franciscanos.org.br\/banca\/wp-json\/wp\/v2\/categories?post=140947"},{"taxonomy":"post_tag","embeddable":true,"href":"https:\/\/franciscanos.org.br\/banca\/wp-json\/wp\/v2\/tags?post=140947"}],"curies":[{"name":"wp","href":"https:\/\/api.w.org\/{rel}","templated":true}]}}